{"id":12209,"date":"2023-10-13T13:03:30","date_gmt":"2023-10-13T11:03:30","guid":{"rendered":"https:\/\/www.sarisarkomaa.fi\/?p=12209"},"modified":"2023-10-13T13:03:30","modified_gmt":"2023-10-13T11:03:30","slug":"12209","status":"publish","type":"post","link":"https:\/\/www.sarisarkomaa.fi\/?p=12209","title":{"rendered":""},"content":{"rendered":"\n<h2>Lokakuun eduskuntaterveiset<\/h2>\n\n\n\n<figure class=\"wp-block-image size-full is-resized\"><a href=\"https:\/\/www.sarisarkomaa.fi\/wp-content\/uploads\/1-2.png\"><img loading=\"lazy\" src=\"https:\/\/www.sarisarkomaa.fi\/wp-content\/uploads\/1-2.png\" alt=\"\" class=\"wp-image-12217\" width=\"743\" height=\"372\" srcset=\"https:\/\/www.sarisarkomaa.fi\/wp-content\/uploads\/1-2.png 600w, https:\/\/www.sarisarkomaa.fi\/wp-content\/uploads\/1-2-300x150.png 300w\" sizes=\"(max-width: 743px) 100vw, 743px\" \/><\/a><\/figure>\n\n\n\n<p><strong>Arvoisa vastaanottaja,<\/strong><\/p>\n\n\n\n<p>eduskuntaty\u00f6ss\u00e4 p\u00e4\u00e4llimm\u00e4isen\u00e4 on turvallisuuspolitiikka. Ven\u00e4j\u00e4n brutaali hy\u00f6kk\u00e4yssota Ukrainaa vastaan on uhka Suomen ja koko Euroopan turvallisuudelle. Ukrainalaiset taistelevat urheasti itsen\u00e4isyytens\u00e4, l\u00e4nsimaisen demokratian ja Suomenkin puolesta. Me suomalaiset tuemme Ukrainaa niin kauan kuin se on tarpeen, my\u00f6s j\u00e4lleenrakennuksessa. EU:n on pysytt\u00e4v\u00e4 yhten\u00e4isesti ja vahvana Ukrainan tukena. Suomen l\u00e4ht\u00f6kohtana on, ettei Ven\u00e4j\u00e4 voi voittaa sotaa.<\/p>\n\n\n\n<p>Terroristij\u00e4rjest\u00f6 Hamasin raaka hy\u00f6kk\u00e4ys Israeliin on j\u00e4rkytt\u00e4v\u00e4 ja t\u00e4ysin tuomittava. Israelille on oikeus puolustautua. T\u00e4rke\u00e4\u00e4&nbsp;on suojella konfliktialueiden siviilej\u00e4. Alueella olevien suomalaisten evakuoimiseksi tehd\u00e4\u00e4n ty\u00f6t\u00e4.&nbsp;<\/p>\n\n\n\n<p>Baltic Connector -kaasuputken rikkoutumisen syyksi ep\u00e4ill\u00e4\u00e4n tahallista&nbsp;vahingontekoa. Kyseess\u00e4 on kahden Nato-maan kriittinen infrastruktuuri. Tilanne&nbsp;on&nbsp;vakava ja asiaa selvitet\u00e4\u00e4n ripe\u00e4ll\u00e4 tahdilla. Arvioiden mukaan asia ei vaikuta huoltovarmuutemme. Tasavallan presidentti Niinist\u00f6 tiivisti asian: Suomi on varautunut ja valmiutemme on hyv\u00e4.<\/p>\n\n\n\n<p>Ulkoasianvaliokunnassa seuraamme turvallisuuspoliittista tilannetta ja sen vaatimia toimia tiiviisti.&nbsp;<\/p>\n\n\n\n<p>Turvallisuuden rinnalla talous on toinen iso asia ty\u00f6listallani. Ratkaisuja menojen v\u00e4hent\u00e4miseksi ei ole helppo l\u00f6yt\u00e4\u00e4, vaan teht\u00e4v\u00e4 on todella haastava. Ihmisten el\u00e4m\u00e4ntilanteet ovat hyvin erilaisia. On osattava n\u00e4hd\u00e4 kokonaisuus ja arvioitava&nbsp;vaikutuksia.<\/p>\n\n\n\n<p>Aloitimme t\u00e4ll\u00e4 viikolla ensi vuoden talousarvioesityksen k\u00e4sittelyn valtiovarainvaliokunnassa. Esityksess\u00e4 n\u00e4kyv\u00e4t Suomen Nato-j\u00e4senyys ja Ukrainalle annettava tuki. Suomi ottaa aktiivisen roolin Natossa. Uusi ulko- ja turvallisuuspoliittinen aikakausi vaatii uudenlaisia painotuksia.<\/p>\n\n\n\n<p>Kokoomuksen pitk\u00e4\u00e4n ajama ja suomalaisille t\u00e4rke\u00e4 Nato-j\u00e4senyys vahvistaa maamme&nbsp;turvallisuutta, It\u00e4meren alueen ja Pohjois-Euroopan vakautta.<\/p>\n\n\n\n<p>Marinin hallitus j\u00e4tti j\u00e4lkeens\u00e4 raskaan alij\u00e4\u00e4m\u00e4n, velkataakan ja tekem\u00e4tt\u00f6m\u00e4t uudistukset. Joka kahdeksas k\u00e4ytt\u00e4m\u00e4mme euro rahoitetaan velalla. N\u00e4in ei voi jatkua.&nbsp;L\u00e4hdemme uudistamaan Suomea vaikeassa tilanteessa.<\/p>\n\n\n\n<p>Toimiva hyvinvointiyhteiskunta voidaan rakentaa vain tasapainoisen talouden, ty\u00f6n ja yritt\u00e4jyyden varaan. Hallitusneuvotteluissa sitouduimme valtiovarainministeri\u00f6n suosituksiin taittaa velkaantumiskehitys kahden vaalikauden mittaisella ty\u00f6ll\u00e4. Toteutamme uudistuksia, joilla Suomeen saadaan v\u00e4hint\u00e4\u00e4n 100 000 uutta ty\u00f6llist\u00e4, joilla on mahdollisuus tulla toimeen omilla tuloillaan. Ty\u00f6n verotuksen kevent\u00e4minen katetaan ty\u00f6n ja kasvun kannalta v\u00e4hemm\u00e4n haitallisia veroja kirist\u00e4m\u00e4ll\u00e4. Ty\u00f6n verotusta ei kevennet\u00e4 velaksi. Hallitusohjelmassa sovitut uudistukset ovat vastaavia, joita muissa Pohjoismaissa on tehty jo vuosikymmeni\u00e4 sitten - p\u00e4\u00e4osin sosiaalidemokraattien johdolla.<\/p>\n\n\n\n<p>Suomi on erkaantunut monella mittarilla muista Pohjoismaista. Nyt on oikea aika tehd\u00e4 toimet, joilla hyvinvointiyhteiskuntamme pelastetaan.<\/p>\n\n\n\n<p><\/p>\n\n\n\n<p><strong>TERVETULOA TAPAAMAAN<\/strong><\/p>\n\n\n\n<figure class=\"wp-block-image size-large is-resized\"><a href=\"https:\/\/www.sarisarkomaa.fi\/wp-content\/uploads\/4-1.png\"><img loading=\"lazy\" src=\"https:\/\/www.sarisarkomaa.fi\/wp-content\/uploads\/4-1-1024x1024.png\" alt=\"\" class=\"wp-image-12212\" width=\"191\" height=\"191\" srcset=\"https:\/\/www.sarisarkomaa.fi\/wp-content\/uploads\/4-1-1024x1024.png 1024w, https:\/\/www.sarisarkomaa.fi\/wp-content\/uploads\/4-1-300x300.png 300w, https:\/\/www.sarisarkomaa.fi\/wp-content\/uploads\/4-1-150x150.png 150w, https:\/\/www.sarisarkomaa.fi\/wp-content\/uploads\/4-1-768x768.png 768w, https:\/\/www.sarisarkomaa.fi\/wp-content\/uploads\/4-1-960x960.png 960w, https:\/\/www.sarisarkomaa.fi\/wp-content\/uploads\/4-1.png 1080w\" sizes=\"(max-width: 191px) 100vw, 191px\" \/><\/a><\/figure>\n\n\n\n<p><strong>Pe 13.10. klo 16 Alexander Stubbin yleis\u00f6tilaisuuteen Kolmelle Sep\u00e4lle<\/strong><\/p>\n\n\n\n<p>Olen tilaisuudessa mukana.<\/p>\n\n\n\n<p><strong>Tule mukaan tekem\u00e4\u00e4n presidentinvaalikampanjaa.<\/strong> Liity tiimiin osoitteessa <a href=\"https:\/\/www.alexstubb.fi\/\"><strong>www.alexstubb.fi\/<\/strong><\/a><\/p>\n\n\n\n<p><strong><a href=\"https:\/\/www.facebook.com\/events\/325612603384679?ref=newsfeed\">Tapahtumasivulle<\/a><\/strong><\/p>\n\n\n\n<figure class=\"wp-block-image size-large is-resized\"><a href=\"https:\/\/www.sarisarkomaa.fi\/wp-content\/uploads\/3.png\"><img loading=\"lazy\" src=\"https:\/\/www.sarisarkomaa.fi\/wp-content\/uploads\/3-1024x1024.png\" alt=\"\" class=\"wp-image-12213\" width=\"193\" height=\"193\" srcset=\"https:\/\/www.sarisarkomaa.fi\/wp-content\/uploads\/3-1024x1024.png 1024w, https:\/\/www.sarisarkomaa.fi\/wp-content\/uploads\/3-300x300.png 300w, https:\/\/www.sarisarkomaa.fi\/wp-content\/uploads\/3-150x150.png 150w, https:\/\/www.sarisarkomaa.fi\/wp-content\/uploads\/3-768x768.png 768w, https:\/\/www.sarisarkomaa.fi\/wp-content\/uploads\/3-960x960.png 960w, https:\/\/www.sarisarkomaa.fi\/wp-content\/uploads\/3.png 1080w\" sizes=\"(max-width: 193px) 100vw, 193px\" \/><\/a><\/figure>\n\n\n\n<p><strong>Ke 8.11. klo 18.30 Joka nelj\u00e4s -hyv\u00e4ntekev\u00e4isyysn\u00e4yt\u00f6s Vallilan n\u00e4ytt\u00e4m\u00f6ll\u00e4<\/strong><\/p>\n\n\n\n<p>Olen mukana tilaisuuden paneelikeskustelussa. Joka nelj\u00e4s on is\u00e4n tarina siit\u00e4, mit\u00e4 tapahtuu kun oma poika sairastuu sy\u00f6p\u00e4\u00e4n. Tapahtuma j\u00e4rjestet\u00e4\u00e4n yhteisty\u00f6ss\u00e4 Sy\u00f6p\u00e4klinikan Tukijat ry:n kanssa. Jokaisesta lipusta (\u00e1 50 \u20ac) ohjataan 25 \u20ac HUS Sy\u00f6p\u00e4keskuksen potilaiden hyv\u00e4ksi.<\/p>\n\n\n\n<p><strong><a href=\"https:\/\/www.klockrike.fi\/fi\/tuotannot\/joka_neljas\/\">Lis\u00e4tietoja ja liput<\/a><\/strong><\/p>\n\n\n\n<figure class=\"wp-block-image size-large is-resized\"><a href=\"https:\/\/www.sarisarkomaa.fi\/wp-content\/uploads\/1-1.png\"><img loading=\"lazy\" src=\"https:\/\/www.sarisarkomaa.fi\/wp-content\/uploads\/1-1-1024x1024.png\" alt=\"\" class=\"wp-image-12214\" width=\"194\" height=\"194\" srcset=\"https:\/\/www.sarisarkomaa.fi\/wp-content\/uploads\/1-1-1024x1024.png 1024w, https:\/\/www.sarisarkomaa.fi\/wp-content\/uploads\/1-1-300x300.png 300w, https:\/\/www.sarisarkomaa.fi\/wp-content\/uploads\/1-1-150x150.png 150w, https:\/\/www.sarisarkomaa.fi\/wp-content\/uploads\/1-1-768x768.png 768w, https:\/\/www.sarisarkomaa.fi\/wp-content\/uploads\/1-1-960x960.png 960w, https:\/\/www.sarisarkomaa.fi\/wp-content\/uploads\/1-1.png 1080w\" sizes=\"(max-width: 194px) 100vw, 194px\" \/><\/a><\/figure>\n\n\n\n<p><strong>To 16.11. klo 17.15&nbsp;Facebook-live<\/strong><\/p>\n\n\n\n<p>Ajankohtaisia politiikan kysymyksist\u00e4 Arkadianm\u00e4elt\u00e4 ja Helsingist\u00e4 eduskunnan kyselytunnin j\u00e4lkeen. Voit l\u00e4hett\u00e4\u00e4 etuk\u00e4teen kysymyksi\u00e4 ja terveisi\u00e4 liittyen politiikkaan ja ajankohtaisiin aiheisiin.<\/p>\n\n\n\n<p><strong><a href=\"https:\/\/www.facebook.com\/sarkomaasari\/\">Seuraa l\u00e4hetyst\u00e4 Facebook-sivulla<\/a><\/strong><\/p>\n\n\n\n<figure class=\"wp-block-image size-large is-resized\"><a href=\"https:\/\/www.sarisarkomaa.fi\/wp-content\/uploads\/2.png\"><img loading=\"lazy\" src=\"https:\/\/www.sarisarkomaa.fi\/wp-content\/uploads\/2-1024x1024.png\" alt=\"\" class=\"wp-image-12215\" width=\"205\" height=\"205\" srcset=\"https:\/\/www.sarisarkomaa.fi\/wp-content\/uploads\/2-1024x1024.png 1024w, https:\/\/www.sarisarkomaa.fi\/wp-content\/uploads\/2-300x300.png 300w, https:\/\/www.sarisarkomaa.fi\/wp-content\/uploads\/2-150x150.png 150w, https:\/\/www.sarisarkomaa.fi\/wp-content\/uploads\/2-768x768.png 768w, https:\/\/www.sarisarkomaa.fi\/wp-content\/uploads\/2-960x960.png 960w, https:\/\/www.sarisarkomaa.fi\/wp-content\/uploads\/2.png 1080w\" sizes=\"(max-width: 205px) 100vw, 205px\" \/><\/a><\/figure>\n\n\n\n<p><strong>To 23.11. klo 17 vierailu eduskunnassa ja kakkukahvit &nbsp;<\/strong><\/p>\n\n\n\n<p>Ajankohtaista asiaa eduskunnan syksyst\u00e4. <strong><a href=\"https:\/\/forms.gle\/sukR94nnzQhnS5R77\">Ilmoittaudu viimeist\u00e4\u00e4n 17.11.<\/a><\/strong><\/p>\n\n\n\n<p><\/p>\n\n\n\n<p><strong>AJANKOHTAISTA<\/strong><\/p>\n\n\n\n<p><strong>Panostukset peruskouluun ja lukutaitoon ovat tervetulleita. <\/strong>Sovimme hallitusneuvotteluissa 200 miljoonan euron panostuksesta perusopetukseen. Peruskoulu on laitettava kuntoon niin, ett\u00e4 oppilaiden perustaidot vahvistuvat. Lis\u00e4\u00e4mme&nbsp;lis\u00e4tunteja erityisesti alakoulun vuosiluokille luku-, kirjoitus- ja laskutaidon vahvistamiseen. Jokaisella peruskoulun p\u00e4\u00e4tt\u00e4v\u00e4ll\u00e4 nuorella on oltava riitt\u00e4v\u00e4t perustiedot ja -taidot jatkaa toisen asteen opintoihin.<strong><\/strong><\/p>\n\n\n\n<ul><li><strong><a href=\"https:\/\/www.sarisarkomaa.fi\/?p=12185\">Panostuksen peruskouluun ja lukutaitoon ovat tervetulleita<\/a><\/strong><\/li><\/ul>\n\n\n\n<p><strong>V\u00e4kivalta ei kuulu ty\u00f6paikoille. <\/strong>Sote-, pelastus-, kasvatus- ja opetusalojen turvallisuustilanne on h\u00e4lytt\u00e4v\u00e4. Kirit\u00e4n p\u00e4\u00e4ministeri Petteri Orpon hallitusta viem\u00e4\u00e4n ripe\u00e4sti eteenp\u00e4in hallitusohjelman v\u00e4ltt\u00e4m\u00e4tt\u00f6mi\u00e4 ja tervetulleita kirjauksia ty\u00f6turvallisuuden ja ty\u00f6el\u00e4m\u00e4n v\u00e4kivaltatilanteiden ennaltaehk\u00e4isemiseksi.<\/p>\n\n\n\n<ul><li><strong><a href=\"https:\/\/www.sarisarkomaa.fi\/?p=12202\">\u201dV\u00e4kivalta ei kuulu ty\u00f6paikoille\u201d \u2013 Sarkomaa esitt\u00e4\u00e4 valtakunnallista ty\u00f6turvallisuushanketta sote-, pelastus-, kasvatus- ja opetusaloille<\/a><\/strong><\/li><\/ul>\n\n\n\n<p><strong>Varhaiskasvatuksen kriisiin rakennettava ratkaisuja. <\/strong>Budjettikeskustelussa nostin esille tarpeen kouluttaa riitt\u00e4v\u00e4sti lastenhoitajia, sosionomeja ja varhaiskasvatuksen opettajia. Hallitusohjelman mukaisesti aloituspaikkoja lis\u00e4t\u00e4\u00e4n erityisesti Helsingin yliopistoon<\/p>\n\n\n\n<ul><li><strong><a href=\"https:\/\/verkkolahetys.eduskunta.fi\/fi\/taysistunnot\/taysistunto-41-2023?start=1281\">Eduskunnan t\u00e4ysistunto 12.10.2023<\/a><\/strong><\/li><\/ul>\n\n\n\n<p><strong>Eduskunnan muistiverkosto j\u00e4rjest\u00e4ytyi syyskuussa. <\/strong>Verkostomme tavoitteena on pit\u00e4\u00e4 p\u00e4\u00e4t\u00f6ksenteossa esill\u00e4 muistisairaiden ihmisten ja heid\u00e4n omaistensa asiaa. On ilo saada toimia muistiverkoston puheenjohtajana. Mukana verkostossa kansanedustajia kaikista eduskuntaryhmist\u00e4.<\/p>\n\n\n\n<p><strong>Kela-korvauksen piiriin on palautettava edellisen hallituksen pois leikkaama yksityinen fysioterapia<\/strong>. Nyt se on mahdollista, kun hallitusneuvotteluissa sovimme Kela-korvauksiin suunnattavan m\u00e4\u00e4r\u00e4rahan nostamisesta ja uuden korvausmallin rakentamisesta. Nostin kyselytunnilla esille kuntoutuksen merkityksen.<\/p>\n\n\n\n<ul><li><strong><a href=\"https:\/\/fb.watch\/nDpslEhE4Z\/\">Kyselytunnin tallenne<\/a><\/strong><\/li><li><strong><a href=\"https:\/\/puheenvuoro.uusisuomi.fi\/sarisarkomaa\/fysioterapia-palautettava-kela-korvauksen-piiriin-edistamaan-tyo-ja-toimintakykya\/\">Fysioterapia palautettava Kela-korvauksen piiriin edist\u00e4m\u00e4\u00e4n ty\u00f6- ja toimintakyky\u00e4<\/a><\/strong><\/li><\/ul>\n\n\n\n<p><strong>It\u00e4merta on suojeltava vuodenajasta riippumatta.<\/strong> Helsingin uusin ymp\u00e4rist\u00f6raportti esiteltiin kaupunginvaltuustossa. &nbsp;Raportti on mainio v\u00e4line seurata kotikaupunkimme toimien vaikutuksia ymp\u00e4rist\u00f6\u00f6n. It\u00e4meren tilan kohentamiseksi tarvitaan lis\u00e4toimia. Likaisen lumen mereen kaadolla on laitettava stoppi. &nbsp;<\/p>\n\n\n\n<ul><li><strong><a href=\"https:\/\/www.verkkouutiset.fi\/a\/helsinki-on-suomen-ainoa-kaupunki-joka-yha-ajaa-saastunutta-lunta-mereen\/#bc6d19db\">Verkkouutiset: \u201dHelsinki on Suomen ainoa kaupunki, joka yh\u00e4 ajaa saastunutta lunta mereen\u201d<\/a><\/strong><\/li><\/ul>\n\n\n\n<p><strong>Kaupunkia on kehitett\u00e4v\u00e4 yhdess\u00e4.<\/strong> Kaupunkiymp\u00e4rist\u00f6lautakunnan linjaukset Helsingin ydinkeskustan liikennej\u00e4rjestelm\u00e4suunnitelman periaatteista sivuuttivat erityisesti kantakaupungin asukkaiden ja yritt\u00e4jien n\u00e4kemykset. On syyt\u00e4 olla huolissaan liikenteen sujuvuuden s\u00e4ilymisest\u00e4, keskustan elinvoimaisuudesta ja saavutettavuudesta kaikilla kulkumuodoilla, autot mukaan lukien.<\/p>\n\n\n\n<ul><li><strong><a href=\"https:\/\/www.sarisarkomaa.fi\/?p=12189\">Viihtyis\u00e4 ja elinvoimainen Helsinki rakennetaan yhteisty\u00f6ss\u00e4<\/a><\/strong><\/li><\/ul>\n\n\n\n<p><strong>Roosa nauha -ker\u00e4ys on k\u00e4ynniss\u00e4.<\/strong> Roosa nauha -ker\u00e4ys tukee rintasy\u00f6p\u00e4tutkimuksen lis\u00e4ksi my\u00f6s muiden sy\u00f6pien tutkimusta ja sy\u00f6p\u00e4\u00e4n sairastuneita. T\u00e4n\u00e4 vuonna ker\u00e4yksen teema on lasten sy\u00f6v\u00e4t.\u00a0 <strong><a href=\"https:\/\/roosanauha.syopasaatio.fi\/\">https:\/\/roosanauha.syopasaatio.fi\/<\/a><\/strong><\/p>\n\n\n\n<p><\/p>\n\n\n\n<figure class=\"wp-block-image size-large is-resized\"><a href=\"https:\/\/www.sarisarkomaa.fi\/wp-content\/uploads\/sari-scaled.jpg\"><img loading=\"lazy\" src=\"https:\/\/www.sarisarkomaa.fi\/wp-content\/uploads\/sari-768x1024.jpg\" alt=\"\" class=\"wp-image-12216\" width=\"215\" height=\"287\" srcset=\"https:\/\/www.sarisarkomaa.fi\/wp-content\/uploads\/sari-768x1024.jpg 768w, https:\/\/www.sarisarkomaa.fi\/wp-content\/uploads\/sari-225x300.jpg 225w, https:\/\/www.sarisarkomaa.fi\/wp-content\/uploads\/sari-1152x1536.jpg 1152w, https:\/\/www.sarisarkomaa.fi\/wp-content\/uploads\/sari-1536x2048.jpg 1536w, https:\/\/www.sarisarkomaa.fi\/wp-content\/uploads\/sari-960x1280.jpg 960w, https:\/\/www.sarisarkomaa.fi\/wp-content\/uploads\/sari-scaled.jpg 1920w\" sizes=\"(max-width: 215px) 100vw, 215px\" \/><\/a><\/figure>\n\n\n\n<p><strong>Pidet\u00e4\u00e4n yhteytt\u00e4.<\/strong><\/p>\n\n\n\n<p><strong>Parhain terveisin<\/strong><\/p>\n\n\n\n<p><strong>Sari Sarkomaa<\/strong><\/p>\n","protected":false},"excerpt":{"rendered":"<p>Lokakuun eduskuntaterveiset Arvoisa vastaanottaja, eduskuntaty\u00f6ss\u00e4 p\u00e4\u00e4llimm\u00e4isen\u00e4 on turvallisuuspolitiikka. Ven\u00e4j\u00e4n brutaali hy\u00f6kk\u00e4yssota Ukrainaa vastaan on uhka Suomen ja koko Euroopan turvallisuudelle. Ukrainalaiset taistelevat urheasti itsen\u00e4isyytens\u00e4, l\u00e4nsimaisen demokratian ja Suomenkin puolesta. Me suomalaiset tuemme Ukrainaa niin kauan kuin se on tarpeen, my\u00f6s j\u00e4lleenrakennuksessa. EU:n on pysytt\u00e4v\u00e4 yhten\u00e4isesti ja vahvana Ukrainan tukena. Suomen l\u00e4ht\u00f6kohtana on, ettei Ven\u00e4j\u00e4 voi <a href=\"https:\/\/www.sarisarkomaa.fi\/?p=12209\" class=\"more-link\">...jatka lukemista<span class=\"screen-reader-text\"> \"\"<\/span><\/a><\/p>\n","protected":false},"author":1,"featured_media":0,"comment_status":"closed","ping_status":"open","sticky":false,"template":"","format":"standard","meta":[],"categories":[6],"tags":[],"_links":{"self":[{"href":"https:\/\/www.sarisarkomaa.fi\/index.php?rest_route=\/wp\/v2\/posts\/12209"}],"collection":[{"href":"https:\/\/www.sarisarkomaa.fi\/index.php?rest_route=\/wp\/v2\/posts"}],"about":[{"href":"https:\/\/www.sarisarkomaa.fi\/index.php?rest_route=\/wp\/v2\/types\/post"}],"author":[{"embeddable":true,"href":"https:\/\/www.sarisarkomaa.fi\/index.php?rest_route=\/wp\/v2\/users\/1"}],"replies":[{"embeddable":true,"href":"https:\/\/www.sarisarkomaa.fi\/index.php?rest_route=%2Fwp%2Fv2%2Fcomments&post=12209"}],"version-history":[{"count":1,"href":"https:\/\/www.sarisarkomaa.fi\/index.php?rest_route=\/wp\/v2\/posts\/12209\/revisions"}],"predecessor-version":[{"id":12218,"href":"https:\/\/www.sarisarkomaa.fi\/index.php?rest_route=\/wp\/v2\/posts\/12209\/revisions\/12218"}],"wp:attachment":[{"href":"https:\/\/www.sarisarkomaa.fi\/index.php?rest_route=%2Fwp%2Fv2%2Fmedia&parent=12209"}],"wp:term":[{"taxonomy":"category","embeddable":true,"href":"https:\/\/www.sarisarkomaa.fi\/index.php?rest_route=%2Fwp%2Fv2%2Fcategories&post=12209"},{"taxonomy":"post_tag","embeddable":true,"href":"https:\/\/www.sarisarkomaa.fi\/index.php?rest_route=%2Fwp%2Fv2%2Ftags&post=12209"}],"curies":[{"name":"wp","href":"https:\/\/api.w.org\/{rel}","templated":true}]}}