{"id":12256,"date":"2023-11-15T13:55:52","date_gmt":"2023-11-15T11:55:52","guid":{"rendered":"https:\/\/www.sarisarkomaa.fi\/?p=12256"},"modified":"2023-11-15T13:55:52","modified_gmt":"2023-11-15T11:55:52","slug":"marraskuun-eduskuntaterveiset-3","status":"publish","type":"post","link":"https:\/\/www.sarisarkomaa.fi\/?p=12256","title":{"rendered":"Marraskuun eduskuntaterveiset"},"content":{"rendered":"\n<figure class=\"wp-block-image is-resized\"><img loading=\"lazy\" src=\"https:\/\/mail.google.com\/mail\/u\/0?ui=2&amp;ik=9717168533&amp;attid=0.1&amp;permmsgid=msg-f:1782625163816759375&amp;th=18bd282448f8704f&amp;view=fimg&amp;fur=ip&amp;sz=s0-l75-ft&amp;attbid=ANGjdJ-4BZAC1Ef3TrrPWWBYyhZzH546038OBIQ_dXlteLg1Su9U6extZfo5dDlcRmjN0KvgtW-_vGC1TteY6btJLb4F2WiMGu6545YBM2vB7qqSmFIoGUdcfdb_VhQ&amp;disp=emb\" alt=\"Kuva, joka sis\u00e4lt\u00e4\u00e4 kohteen teksti, vaate, kuvakaappaus, henkil\u00f6\n\nKuvaus luotu automaattisesti\" width=\"598\" height=\"299\"\/><\/figure>\n\n\n\n<p><strong>Arvoisa vastaanottaja,&nbsp;<\/strong><\/p>\n\n\n\n<p>oli mainiota, ett\u00e4 Helsingin kaupungin budjettiesityksest\u00e4 k\u00e4ydyiss\u00e4 neuvotteluissa p\u00e4\u00e4stiin kaikkien valtuustoryhmien kesken yhteisymm\u00e4rrykseen.&nbsp;Seuraavaksi budjetin k\u00e4sittely siirtyy kaupunginvaltuuston p\u00e4\u00e4tett\u00e4v\u00e4ksemme.<\/p>\n\n\n\n<p><strong>Budjettiesityksess\u00e4 on vahvasti kokoomuksen tavoitteita<\/strong>. Tavoitteena on nopeuttaa katut\u00f6iden edistymist\u00e4. K\u00e4ytt\u00f6\u00f6n otetaan tie- ja katut\u00f6iden sek\u00e4 rakennus- ja korjaust\u00f6iden ty\u00f6maalupaus, jolla minimoidaan kaupunkilaisille t\u00f6ist\u00e4 aiheutuvaa haittaa ja sen kestoa. S\u00e4hk\u00f6autojen latausedellytyksiin, k\u00e4vely- ja py\u00f6r\u00e4ilyreitteihin on tarkoitus panostaa sek\u00e4 varmistaa riitt\u00e4v\u00e4t pys\u00e4k\u00f6intimahdollisuudet. Ty\u00f6t\u00e4 n\u00e4iss\u00e4 asioissa on paljon teht\u00e4v\u00e4n\u00e4.&nbsp;<\/p>\n\n\n\n<p>Budjettisovussa p\u00e4\u00e4tettiin suunnata lis\u00e4m\u00e4\u00e4r\u00e4rahoja p\u00e4iv\u00e4kodeille ja kouluille sek\u00e4 erityisesti segregaation ehk\u00e4isyyn. Kasvatuksen ja koulutuksen toimialalle ohjataan lis\u00e4\u00e4 91 miljoonaa euroa. Laskennallinen m\u00e4\u00e4r\u00e4raha kasvatuksen ja koulutuksen toimialalla kasvaa 680 euroa jokaista lasta kohden. Jokaisen peruskoulun p\u00e4\u00e4tt\u00e4neen nuoren on saatava tiedot ja taidot, jotka kantavat toisen asteen tutkintoon ja siit\u00e4 edelleen jatko- opintoihin tai ty\u00f6el\u00e4m\u00e4\u00e4n sek\u00e4 tavoittelemaan unelmiaan. Se yksi tulevaisuutemme ja nuoren oman el\u00e4m\u00e4n kannalta olennaisimmista asioista.<\/p>\n\n\n\n<p><strong>Helsingin ensi vuoden budjetin yksi painopiste on kaupungin henkil\u00f6st\u00f6\u00f6n panostaminen.<\/strong>&nbsp;Kaupungin on lis\u00e4tt\u00e4v\u00e4 ty\u00f6antajana pito- ja vetovoimaansa. Ratkaisuja ty\u00f6voimapulaan on tarkoitus hakea mm erilaisilla koulutusmahdollisuuksilla. Henkil\u00f6st\u00f6n palkkauksen kehitt\u00e4mist\u00e4 jatketaan ja luodaan 7 miljoonan euron palkkakehitysohjelma. Budjettineuvotteluissa sovittiin my\u00f6s erityistoimista varhaiskasvatuksen henkil\u00f6st\u00f6n saatavuuden parantamiseksi. Helsingiss\u00e4 tarvitaan lis\u00e4\u00e4 lastenhoitajia, sosionomeja ja varhaiskasvatuksen opettajia.<\/p>\n\n\n\n<p><strong>Terveysasemille p\u00e4\u00e4syn nopeuttamiseksi vauhditetaan omatiimimallin k\u00e4ytt\u00f6\u00f6nottoa.<\/strong>&nbsp;Omatiimiss\u00e4 asiakas kohtaa aina oman tiimins\u00e4 ammattilaisen. Asioidessa ei tarvitse aina aloittaa kertaamalla sairaushistoriaa ja omaa tilannetta, jolloin varsinaisen ongelman ratkaisuun ja hoitotoimenpiteisiin p\u00e4\u00e4st\u00e4\u00e4n nopeasti. Jonoon laittamisen sijaan asiat pyrit\u00e4\u00e4n ratkaisemaan ensimm\u00e4isell\u00e4 yhteenotolla.&nbsp;<\/p>\n\n\n\n<p>Omatiimi koostuu l\u00e4\u00e4k\u00e4reist\u00e4, sairaanhoitajasta, fysioterapeutista, l\u00e4hihoitajasta sek\u00e4 muista sosiaali- ja terveydenhuollon ammattilaisista. Tiimin tukena toimii tarvittaessa my\u00f6s muita ammattilaisia. Espoossa mallin kokeilu lyhensi terveysasemalle hoitoon p\u00e4\u00e4sy\u00e4 90 vuorokaudesta kolmeen vuorokauteen. Hoidon laatu on tutkitusti parempaa, kun hoitosuhteen jatkuvuus on kunnossa.&nbsp;<\/p>\n\n\n\n<p><strong>Hyv\u00e4 uutinen on my\u00f6s se, ett\u00e4 kotitalousv\u00e4hennyksen korotus jatkuu my\u00f6s ensi vuonna.<\/strong>&nbsp;Hallitusneuvotteluissa sovimme ehdotuksestani, ett\u00e4 fysioterapia- ja toimintaterapiayritysten sek\u00e4 vastaavien ammatinharjoittajien tuottama kotikuntoutus laajennetaan kotitalousv\u00e4hennyksen piiriin kuuluvaksi.<\/p>\n\n\n\n<p><strong>On t\u00e4rke\u00e4\u00e4, ettei Helsingiss\u00e4 nosteta kuntaveroa.&nbsp;<\/strong>Kokoomus piti huolen, etteiv\u00e4t kaupunkimme budjetista neuvoteltaessa veron korotusehdotukset menneet l\u00e4pi. P\u00e4in vastoin helsinkil\u00e4isten ensi vuoden kuntaveroa on tarkoitus laskea hieman. On t\u00e4rke\u00e4\u00e4, ett\u00e4 helsinkil\u00e4isten ostovoimasta pidet\u00e4\u00e4n huolta. Kaupunkilaisten verorasituksen t\u00e4ytyy pysy\u00e4 kohtuullisena.<\/p>\n\n\n\n<p>Ihmettelen vihreiden linjaa eduskunnassa. He esitt\u00e4v\u00e4t veronkorotuksia ty\u00f6el\u00e4kkeisiin niin, ett\u00e4 el\u00e4kkeen verotus kiristyisi 0,52 prosenttiyksik\u00f6ll\u00e4, jos ty\u00f6el\u00e4ke on yli 1125 euroa kuukaudessa. Ehdotus on k\u00e4sitt\u00e4m\u00e4t\u00f6n, varsinkin kun perustuslakivaliokunta on juuri linjannut eritt\u00e4in painavasti veronkiristyksist\u00e4.<\/p>\n\n\n\n<p>Perustuslakivaliokunta linjasi, ett\u00e4 veronkiristyksill\u00e4 on rajansa.&nbsp;Mit\u00e4 enemm\u00e4n verotusta kiristet\u00e4\u00e4n, sit\u00e4 paremmin veronkorotukset t\u00e4ytyy t\u00e4st\u00e4 l\u00e4htien perustella. Liian kire\u00e4 verotus voi olla lainvastaista ja rikkoa omaisuuden suojaa, linjasi eduskunnan perustuslakivaliokunta. Linjaus on l\u00e4mpim\u00e4sti tervetullut. Moni suomalainen tuskailee kysyen, eik\u00f6 mik\u00e4\u00e4n m\u00e4\u00e4r\u00e4 veroja riit\u00e4.&nbsp;<\/p>\n\n\n\n<p><strong>Tervetuloa tapaamaan<\/strong><\/p>\n\n\n\n<p><strong>To 16.11. klo 17.15 Facebook-live<\/strong><\/p>\n\n\n\n<p>Ajankohtaisia politiikan kysymyksist\u00e4 Arkadianm\u00e4elt\u00e4 ja Helsingist\u00e4 eduskunnan kyselytunnin j\u00e4lkeen. Voit l\u00e4hett\u00e4\u00e4 etuk\u00e4teen kysymyksi\u00e4 ja terveisi\u00e4 liittyen politiikkaan ja ajankohtaisiin aiheisiin.<\/p>\n\n\n\n<p>Seuraa l\u00e4hetyst\u00e4 Facebook-sivulla&nbsp;<a href=\"https:\/\/www.facebook.com\/sarkomaasari\/\" target=\"_blank\" rel=\"noreferrer noopener\">https:\/\/www.facebook.com\/sarkomaasari\/<\/a>&nbsp;&nbsp;<\/p>\n\n\n\n<p><strong>To 23.11. klo 17 Vierailu eduskunnassa ja kakkukahvit<\/strong><\/p>\n\n\n\n<p>Kerron ajankohtaista asiaa eduskunnasta ja vaihdetaan kuulumisia.&nbsp;<\/p>\n\n\n\n<p>Ilmoittaudu viimeist\u00e4\u00e4n 17.11.&nbsp;<a href=\"https:\/\/forms.gle\/jf7eaAP57foEf8LY8\" target=\"_blank\" rel=\"noreferrer noopener\">https:\/\/forms.gle\/jf7eaAP57foEf8LY8<\/a>&nbsp;<\/p>\n\n\n\n<p><strong>La 9.12. klo 12 Kokoomusyritt\u00e4jien syd\u00e4ngl\u00f6git, Narinkkatorilla Kampissa<\/strong><\/p>\n\n\n\n<p>Tervetuloa tapaamaan ja keskustelemaan ajankohtaisista. Tarjolla gl\u00f6gi\u00e4.&nbsp;<\/p>\n\n\n\n<p><strong>Ma 18.12. klo 18.15 Facebook-live&nbsp;<\/strong><\/p>\n\n\n\n<p>Ajankohtaisia politiikan kysymyksist\u00e4 Arkadianm\u00e4elt\u00e4 ja Helsingist\u00e4 eduskunnan kyselytunnin j\u00e4lkeen. Voit l\u00e4hett\u00e4\u00e4 etuk\u00e4teen kysymyksi\u00e4 ja terveisi\u00e4 liittyen politiikkaan ja ajankohtaisiin aiheisiin.<\/p>\n\n\n\n<p>Seuraa l\u00e4hetyst\u00e4 Facebook-sivulla&nbsp;<a href=\"https:\/\/www.facebook.com\/sarkomaasari\/\" target=\"_blank\" rel=\"noreferrer noopener\">https:\/\/www.facebook.com\/sarkomaasari\/<\/a>&nbsp;&nbsp;<\/p>\n\n\n\n<figure class=\"wp-block-image is-resized\"><img loading=\"lazy\" src=\"https:\/\/mail.google.com\/mail\/u\/0?ui=2&amp;ik=9717168533&amp;attid=0.2&amp;permmsgid=msg-f:1782625163816759375&amp;th=18bd282448f8704f&amp;view=fimg&amp;fur=ip&amp;sz=s0-l75-ft&amp;attbid=ANGjdJ9scnesRu3wJQyIi06DP1hzU_5soJJz199VD2NHbZ44dvuZhbM4ZKm0mXc48IGy2knmQMGOY2POwrS1zPB81Rlnbrmq8ppx8LRcnbprndTBp7dklITq92Thlk4&amp;disp=emb\" alt=\"Kuva, joka sis\u00e4lt\u00e4\u00e4 kohteen vaate, henkil\u00f6, mies, puku\n\nKuvaus luotu automaattisesti\" width=\"238\" height=\"218\"\/><\/figure>\n\n\n\n<p><strong>Munkkiniemen yhteiskoulun koulukirjastoa avaamassa.<\/strong><\/p>\n\n\n\n<p>Oli ilo olla avaamassa Munkkiniemen yhteiskoulun uudistettu koulukirjasto. Koulukirjasto tukee monella tapaa oppimista, opettamista ja koko koulun v\u00e4en lukemista. Lukutaito on kaiken oppimisen perusta. Hyv\u00e4\u00e4n lukutaitoon auttaa monenlaisten tekstien lukeminen.&nbsp;<\/p>\n\n\n\n<p><a href=\"https:\/\/www.munkka.fi\/munkka-85-kansanedustaja-sari-sarkomaa-avasi-munkkiniemen-yhteiskoulun-uudistetun-koulukirjaston\/\" target=\"_blank\" rel=\"noreferrer noopener\">Munkka 85: Kansanedustaja Sari Sarkomaa avasi Munkkiniemen yhteiskoulun uudistetun koulukirjaston<\/a><\/p>\n\n\n\n<p><strong>Kansalaisaloite eutanasian sallimiseksi on tervetullut.&nbsp;<\/strong><\/p>\n\n\n\n<p>Olin eutanasian laillistamista koskevan kansalaisaloitteen julkaisutilaisuudessa kutsuttuna aloitteen puolestapuhujana. Pitk\u00e4\u00e4n ajattelin, ett\u00e4 eutanasiasta s\u00e4\u00e4t\u00e4minen on liian iso eettinen kysymys, etten voi eik\u00e4 lains\u00e4\u00e4t\u00e4j\u00e4 voi sit\u00e4 ylitt\u00e4\u00e4. Ajattelin, ett\u00e4 palliatiivista hoitoa kehitt\u00e4m\u00e4ll\u00e4 asiaan saadaan ratkaisut. Vuosien varrella on ajatukseni muuttuneet. Nykyisin ajattelen, ett\u00e4 en voi sulkea silmi\u00e4 silt\u00e4 tosiasialta, ett\u00e4 laadukkaasta hoidosta huolimatta on siet\u00e4m\u00e4t\u00f6nt\u00e4 k\u00e4rsimyst\u00e4 ja tilanteita, joissa ei ole eettisesti kest\u00e4v\u00e4\u00e4 perustetta kielt\u00e4\u00e4 eutanasian mahdollisuutta.<\/p>\n\n\n\n<p>Blogini aiheesta:&nbsp;<a href=\"https:\/\/www.sarisarkomaa.fi\/?p=12252\" target=\"_blank\" rel=\"noreferrer noopener\">Kansalaisaloite eutanasian sallimiseksi tervetullut<\/a><\/p>\n\n\n\n<p><strong>Ik\u00e4syrjint\u00e4\u00e4n on aina puututtava.<\/strong><\/p>\n\n\n\n<p>Olen kantanut huolta koronal\u00e4\u00e4kkeen k\u00e4yt\u00f6st\u00e4, potilaslain noudattamisesta ja ik\u00e4syrjinn\u00e4n ehk\u00e4isemisest\u00e4 hyvinvointialueilla. Oli v\u00e4ltt\u00e4m\u00e4t\u00f6nt\u00e4, ett\u00e4 koronaan sairastuneiden i\u00e4kk\u00e4iden l\u00e4\u00e4kehoidossa tapahtui yll\u00e4tysk\u00e4\u00e4nne, kun ohjeita muutettiin. Viiden yliopistosairaalaan tekem\u00e4 ohje ei en\u00e4\u00e4 rajoita Paxlovidin k\u00e4ytt\u00f6\u00e4 i\u00e4n perusteella.&nbsp;<\/p>\n\n\n\n<p>Linkiss\u00e4 hallitukselle asiasta j\u00e4tt\u00e4m\u00e4ni ik\u00e4syrjint\u00e4\u00e4 puuttumista&nbsp;<a href=\"https:\/\/www.sarisarkomaa.fi\/?p=12242\" target=\"_blank\" rel=\"noreferrer noopener\">vaativa kirjallinen kysymykseni<\/a>&nbsp; ja&nbsp;<a href=\"https:\/\/www.is.fi\/kotimaa\/art-2000009987651.html?fbclid=IwAR1WLBNYPTv0--7w_y74ikW7XbtOBL6Hp9f8IhocUMrWuw55cCuIUMUXlGM\" target=\"_blank\" rel=\"noreferrer noopener\">Ilta-Sanomien uutinen aiheesta<\/a>.&nbsp;<\/p>\n\n\n\n<p><strong>Saastuneen lumen kaato mereen on lopetettava.<\/strong><\/p>\n\n\n\n<p>Helsingin valtuusto on linjannut vuonna 2019 kokoomuksen aloitteesta, ett\u00e4 likaisen lumen kaatamisesta mereen on p\u00e4\u00e4st\u00e4v\u00e4 eroon. Toimien viipyminen on ik\u00e4v\u00e4 h\u00e4pe\u00e4tahra. Apulaiskaupunginjohtaja Anni Sinnem\u00e4en johtamalla toimialalla ei asiassa olla edetty. Onneksi hallitusneuvotteluissa sovimme, ett\u00e4<\/p>\n\n\n\n<p>saastuneen lumen kaato vesist\u00f6ihin lopetetaan.&nbsp; Kiritt\u00e4\u00e4kseni hallituksen toimia tein asiasta lakialoitteen.&nbsp; Helsingin on vihdoin ja viimein l\u00f6ydett\u00e4v\u00e4 saastuneen lumen mereen ajolle ymp\u00e4rist\u00f6n kannalta kest\u00e4v\u00e4 vaihtoehto.<\/p>\n\n\n\n<p><a href=\"https:\/\/www.sarisarkomaa.fi\/?p=12238\" target=\"_blank\" rel=\"noreferrer noopener\">Lakialoite laiksi ymp\u00e4rist\u00f6nsuojelulain 18 \u00a7:n muuttamisesta<\/a><\/p>\n\n\n\n<p><strong>Kela- korvausta korotetaan.<\/strong><\/p>\n\n\n\n<p>Sovimme hallitusneuvotteluissa viime kaudella l\u00e4hes romutetun Kela-korvauksen nostosta ja uuden korvausmallin rakentamisesta. Kela-korvaukset nousevat jensi vuoden alusta. Esimerkiksi yleis- ja erikoisl\u00e4\u00e4k\u00e4rin korvaustaksa nousee 8 eurosta 30 euroon. Hammasl\u00e4\u00e4k\u00e4rin perustutkimuksen korvaustaksa nostetaan 15,50 eurosta 30 euroon. Kela-korvauksen nosto on my\u00f6s helpotus ruuhkautuneelle julkiselle sektorille.&nbsp;<\/p>\n\n\n\n<p><strong>Palautetaan Kela-korvaus hedelm\u00f6ityshoitoihin \u2013 Suomi tarvitsee lis\u00e4\u00e4 lapsia.&nbsp;<\/strong><\/p>\n\n\n\n<p>Alhaisen syntyvyyden Suomessa on viisasta tavoitella sit\u00e4, ett\u00e4 perheet voisivat saada toiveissaan olevan lapsim\u00e4\u00e4r\u00e4n. Lapsien syntymist\u00e4 ei pit\u00e4isi ainakaan vaikeuttaa, kuten edellinen hallitus teki poistuessaan hedelm\u00f6itymishoidoista Kela-korvauksen. Hedelm\u00f6ityshoidot ovat monille perheille t\u00e4rke\u00e4 keino saavuttaa lapsihaaveensa. Tahaton lapsettomuus koskettaa joka viidett\u00e4 hedelm\u00e4llisess\u00e4 i\u00e4ss\u00e4 olevaa.&nbsp;<\/p>\n\n\n\n<p>Nyt monia lapsesta haaveilevia j\u00e4rkytt\u00e4nyt leikkaus on mahdollista perua. Hallitusneuvotteluissa sovimme Kela-korvauksien nostosta sek\u00e4 uuden korvausmallin luomisesta. Osana uuden mallin rakentamista on perusteltua palauttaa hedelm\u00f6ityshoidot Kela-korvauksen piiriin.&nbsp;<\/p>\n\n\n\n<p>Tiedote:&nbsp;<a href=\"https:\/\/www.sarisarkomaa.fi\/?p=12223\" target=\"_blank\" rel=\"noreferrer noopener\">Palautetaan Kela-korvaus hedelm\u00f6ityshoitoihin \u2013 Suomi tarvitsee lis\u00e4\u00e4 lapsia<\/a><\/p>\n\n\n\n<p><strong>Jos et ole viel\u00e4 ehtinyt, t\u00e4n\u00e4\u00e4n on oikea p\u00e4iv\u00e4 liitty\u00e4 presidenttiehdokas Alexander Stubbin tiimiin.&nbsp;<\/strong><\/p>\n\n\n\n<p>L\u00e4mpim\u00e4sti tervetuloa mukaan. Alex piti puoluekokouksessa poikkeuksellisen ansiokkaan puheen, joka&nbsp;<a href=\"https:\/\/www.kokoomus.fi\/alexander-stubbin-puhe-ylimaaraisessa-puoluekokouksessa\/\" target=\"_blank\" rel=\"noreferrer noopener\">kannattaa ehdottomasti lukea<\/a>.&nbsp;<\/p>\n\n\n\n<p>Liity tiimiin:&nbsp;<a href=\"http:\/\/www.alexstubb.fi\/\" target=\"_blank\" rel=\"noreferrer noopener\">www.alexstubb.fi<\/a>&nbsp;<\/p>\n\n\n\n<figure class=\"wp-block-image is-resized\"><img loading=\"lazy\" src=\"https:\/\/mail.google.com\/mail\/u\/0?ui=2&amp;ik=9717168533&amp;attid=0.3&amp;permmsgid=msg-f:1782625163816759375&amp;th=18bd282448f8704f&amp;view=fimg&amp;fur=ip&amp;sz=s0-l75-ft&amp;attbid=ANGjdJ8U5HhdOIRBO-kEemunUFNnRsGfjEfZYwI-SFgx6dWS_NfaYCml14Drn8TYx2u-JvWQyocjXthtSs6qkjPwidngIuvfZb-KPu1757brUk5B4zviPnzU1C_9Kp0&amp;disp=emb\" alt=\"Kuva, joka sis\u00e4lt\u00e4\u00e4 kohteen henkil\u00f6, Ihmisen kasvot, vaate, Magenta\n\nKuvaus luotu automaattisesti\" width=\"190\" height=\"253\"\/><\/figure>\n\n\n\n<p>Roosa-kampanjan t\u00e4rkein tapahtuma on Tanssii t\u00e4htien kanssa -l\u00e4hetys. Oli mukavaa olla seuraamassa suoraa l\u00e4hetyst\u00e4.&nbsp;<a href=\"https:\/\/roosanauha.syopasaatio.fi\/osallistu\/kertalahjoitus\/\" target=\"_blank\" rel=\"noreferrer noopener\">https:\/\/roosanauha.syopasaatio.fi\/osallistu\/kertalahjoitus\/<\/a>&nbsp;&nbsp;<\/p>\n\n\n\n<p>Pidet\u00e4\u00e4n yhteytt\u00e4.<br><br>Parhain terveisin<br>Sari Sarkomaa<\/p>\n","protected":false},"excerpt":{"rendered":"<p>Arvoisa vastaanottaja,&nbsp; oli mainiota, ett\u00e4 Helsingin kaupungin budjettiesityksest\u00e4 k\u00e4ydyiss\u00e4 neuvotteluissa p\u00e4\u00e4stiin kaikkien valtuustoryhmien kesken yhteisymm\u00e4rrykseen.&nbsp;Seuraavaksi budjetin k\u00e4sittely siirtyy kaupunginvaltuuston p\u00e4\u00e4tett\u00e4v\u00e4ksemme. Budjettiesityksess\u00e4 on vahvasti kokoomuksen tavoitteita. Tavoitteena on nopeuttaa katut\u00f6iden edistymist\u00e4. K\u00e4ytt\u00f6\u00f6n otetaan tie- ja katut\u00f6iden sek\u00e4 rakennus- ja korjaust\u00f6iden ty\u00f6maalupaus, jolla minimoidaan kaupunkilaisille t\u00f6ist\u00e4 aiheutuvaa haittaa ja sen kestoa. S\u00e4hk\u00f6autojen latausedellytyksiin, k\u00e4vely- ja py\u00f6r\u00e4ilyreitteihin on <a href=\"https:\/\/www.sarisarkomaa.fi\/?p=12256\" class=\"more-link\">...jatka lukemista<span class=\"screen-reader-text\"> \"Marraskuun eduskuntaterveiset\"<\/span><\/a><\/p>\n","protected":false},"author":1,"featured_media":0,"comment_status":"closed","ping_status":"open","sticky":false,"template":"","format":"standard","meta":[],"categories":[6],"tags":[],"_links":{"self":[{"href":"https:\/\/www.sarisarkomaa.fi\/index.php?rest_route=\/wp\/v2\/posts\/12256"}],"collection":[{"href":"https:\/\/www.sarisarkomaa.fi\/index.php?rest_route=\/wp\/v2\/posts"}],"about":[{"href":"https:\/\/www.sarisarkomaa.fi\/index.php?rest_route=\/wp\/v2\/types\/post"}],"author":[{"embeddable":true,"href":"https:\/\/www.sarisarkomaa.fi\/index.php?rest_route=\/wp\/v2\/users\/1"}],"replies":[{"embeddable":true,"href":"https:\/\/www.sarisarkomaa.fi\/index.php?rest_route=%2Fwp%2Fv2%2Fcomments&post=12256"}],"version-history":[{"count":1,"href":"https:\/\/www.sarisarkomaa.fi\/index.php?rest_route=\/wp\/v2\/posts\/12256\/revisions"}],"predecessor-version":[{"id":12257,"href":"https:\/\/www.sarisarkomaa.fi\/index.php?rest_route=\/wp\/v2\/posts\/12256\/revisions\/12257"}],"wp:attachment":[{"href":"https:\/\/www.sarisarkomaa.fi\/index.php?rest_route=%2Fwp%2Fv2%2Fmedia&parent=12256"}],"wp:term":[{"taxonomy":"category","embeddable":true,"href":"https:\/\/www.sarisarkomaa.fi\/index.php?rest_route=%2Fwp%2Fv2%2Fcategories&post=12256"},{"taxonomy":"post_tag","embeddable":true,"href":"https:\/\/www.sarisarkomaa.fi\/index.php?rest_route=%2Fwp%2Fv2%2Ftags&post=12256"}],"curies":[{"name":"wp","href":"https:\/\/api.w.org\/{rel}","templated":true}]}}