{"id":12330,"date":"2024-01-17T12:58:08","date_gmt":"2024-01-17T10:58:08","guid":{"rendered":"https:\/\/www.sarisarkomaa.fi\/?p=12330"},"modified":"2024-01-17T12:58:08","modified_gmt":"2024-01-17T10:58:08","slug":"absurdi-valotaidefestivaali-lux-helsingin-sisaltovaroitus","status":"publish","type":"post","link":"https:\/\/www.sarisarkomaa.fi\/?p=12330","title":{"rendered":"Absurdi valotaidefestivaali Lux Helsingin sis\u00e4lt\u00f6varoitus"},"content":{"rendered":"\n<p><em><a href=\"https:\/\/puheenvuoro.uusisuomi.fi\/sarisarkomaa\/valotaidefestivaali-lux-helsingin-sisaltovaroitus-hammastyttaa\/\">Julkaistu Uuden Suomen blogissani 12.1.2023<\/a><\/em><\/p>\n\n\n\n<p>Valotaidefestivaali Lux Helsingin ja Helsingin tapahtumas\u00e4\u00e4ti\u00f6n toimet Katariina Sourin teoksia kohtaan ovat olleet osin h\u00e4mm\u00e4stytt\u00e4vi\u00e4. Puhumattakaan millaiseen kohtelun kohteeksi Souri asian myllerryksess\u00e4 joutui.<\/p>\n\n\n\n<p>Tapahtunut on sen verran poikkeuksellista, ett\u00e4 Lux Helsinki -tapahtuman j\u00e4rjestelyist\u00e4 vastaavan Tapahtumas\u00e4\u00e4ti\u00f6n hallituksen on syyt\u00e4 olla hereill\u00e4. On perusteltua k\u00e4yd\u00e4 l\u00e4pi toimet sek\u00e4 arvioida, miss\u00e4 meni vikaan.<\/p>\n\n\n\n<p>Sourin Tapahtumas\u00e4\u00e4ti\u00f6n tilaaman teoskokonaisuuden yhdest\u00e4 maalauksesta nousi somekohu, kun ainakin saamelaisvaikuttaja Petra Laiti syytti Souria stereotyyppisen kuvaston k\u00e4yt\u00f6st\u00e4 ja kulttuurisesta omimisesta. Lopulta Tapahtumas\u00e4\u00e4ti\u00f6 tiedotti, ettei poista teosta mutta sen sijaan liitt\u00e4\u00e4 sen yhteyteen sis\u00e4lt\u00f6varoituksen.<\/p>\n\n\n\n<p>Olen asiassa p\u00e4\u00e4osin julkisuudessa olevien tietojen varassa, mutta kuulin omin korvin varoituksen, joka kuulutettiin Senaatintorilla ennen Sourin teosten n\u00e4ytt\u00f6\u00e4. Pakko sanoa, ett\u00e4 h\u00e4mm\u00e4stys oli valtava. Miksi ihmeess\u00e4 sis\u00e4lt\u00f6varoitus piti tehd\u00e4? Mist\u00e4 ylip\u00e4\u00e4t\u00e4\u00e4n varoitettiin? Onko valittu toimintapa k\u00e4yt\u00e4nt\u00f6 Tapahtumas\u00e4\u00e4ti\u00f6n toiminnassa?<\/p>\n\n\n\n<p>Millaisesta taideteoksesta Tapahtumas\u00e4\u00e4ti\u00f6n toimesta varoitetaan ja mill\u00e4 perusteilla varoitettavat teokset valitaan? Mihin sis\u00e4lt\u00f6varoitusten k\u00e4ytt\u00f6 johtaa? Moni Senaatintorilla varoituksen kuullut asiaa minulta kysyi. Moni on huolissaan taiteen vapaudesta.<\/p>\n\n\n\n<p>En osannut kyselij\u00f6ille vastata kuin oman mielipiteeni, ettei taiteesta varoitukset voi kuulua helsinkil\u00e4isten verorahoilla rahoitettuun toimintaan, eiv\u00e4tk\u00e4 ne tietenk\u00e4\u00e4n kuulu ylip\u00e4\u00e4t\u00e4\u00e4n demokraattiseen avoimeen yhteiskuntaan, jossa vaalitaan ajattelun, taiteen ja tieteen vapautta. Asia kiinnostanee my\u00f6s tapahtuman yhteisty\u00f6kumppaneita.<\/p>\n\n\n\n<p>Taide ja tiede ovat kautta aikojen her\u00e4tt\u00e4neet ihastusta ja vihastusta. T\u00e4llaiset reaktiot eiv\u00e4t saa kuitenkaan johtaa toimiin, jotka kahlitsevat ajattelun, tieteen tai taiteen vapautta.<\/p>\n\n\n\n<p>Valotaidefestivaali Lux Helsinki oli mielest\u00e4ni kokemuksena muutoin upea, suuret kiitokset kaikille tekij\u00f6ille.<\/p>\n\n\n\n<p>L\u00e4het\u00e4n kuukausittain ajankohtaiset kuulumiset eduskunnasta ja Helsingist\u00e4. Voit tilata eduskuntaterveiseni l\u00e4hett\u00e4m\u00e4ll\u00e4 s\u00e4hk\u00f6postia sari.sarkomaa(at)eduskunta.fi Ajatuksesi ja palaute ovat t\u00e4rkeit\u00e4, pidet\u00e4\u00e4n yhteytt\u00e4.<\/p>\n","protected":false},"excerpt":{"rendered":"<p>Julkaistu Uuden Suomen blogissani 12.1.2023 Valotaidefestivaali Lux Helsingin ja Helsingin tapahtumas\u00e4\u00e4ti\u00f6n toimet Katariina Sourin teoksia kohtaan ovat olleet osin h\u00e4mm\u00e4stytt\u00e4vi\u00e4. Puhumattakaan millaiseen kohtelun kohteeksi Souri asian myllerryksess\u00e4 joutui. Tapahtunut on sen verran poikkeuksellista, ett\u00e4 Lux Helsinki -tapahtuman j\u00e4rjestelyist\u00e4 vastaavan Tapahtumas\u00e4\u00e4ti\u00f6n hallituksen on syyt\u00e4 olla hereill\u00e4. On perusteltua k\u00e4yd\u00e4 l\u00e4pi toimet sek\u00e4 arvioida, miss\u00e4 meni vikaan. <a href=\"https:\/\/www.sarisarkomaa.fi\/?p=12330\" class=\"more-link\">...jatka lukemista<span class=\"screen-reader-text\"> \"Absurdi valotaidefestivaali Lux Helsingin sis\u00e4lt\u00f6varoitus\"<\/span><\/a><\/p>\n","protected":false},"author":1,"featured_media":0,"comment_status":"closed","ping_status":"open","sticky":false,"template":"","format":"standard","meta":[],"categories":[8],"tags":[],"_links":{"self":[{"href":"https:\/\/www.sarisarkomaa.fi\/index.php?rest_route=\/wp\/v2\/posts\/12330"}],"collection":[{"href":"https:\/\/www.sarisarkomaa.fi\/index.php?rest_route=\/wp\/v2\/posts"}],"about":[{"href":"https:\/\/www.sarisarkomaa.fi\/index.php?rest_route=\/wp\/v2\/types\/post"}],"author":[{"embeddable":true,"href":"https:\/\/www.sarisarkomaa.fi\/index.php?rest_route=\/wp\/v2\/users\/1"}],"replies":[{"embeddable":true,"href":"https:\/\/www.sarisarkomaa.fi\/index.php?rest_route=%2Fwp%2Fv2%2Fcomments&post=12330"}],"version-history":[{"count":1,"href":"https:\/\/www.sarisarkomaa.fi\/index.php?rest_route=\/wp\/v2\/posts\/12330\/revisions"}],"predecessor-version":[{"id":12331,"href":"https:\/\/www.sarisarkomaa.fi\/index.php?rest_route=\/wp\/v2\/posts\/12330\/revisions\/12331"}],"wp:attachment":[{"href":"https:\/\/www.sarisarkomaa.fi\/index.php?rest_route=%2Fwp%2Fv2%2Fmedia&parent=12330"}],"wp:term":[{"taxonomy":"category","embeddable":true,"href":"https:\/\/www.sarisarkomaa.fi\/index.php?rest_route=%2Fwp%2Fv2%2Fcategories&post=12330"},{"taxonomy":"post_tag","embeddable":true,"href":"https:\/\/www.sarisarkomaa.fi\/index.php?rest_route=%2Fwp%2Fv2%2Ftags&post=12330"}],"curies":[{"name":"wp","href":"https:\/\/api.w.org\/{rel}","templated":true}]}}