{"id":12345,"date":"2024-01-30T15:12:03","date_gmt":"2024-01-30T13:12:03","guid":{"rendered":"https:\/\/www.sarisarkomaa.fi\/?p=12345"},"modified":"2024-01-30T15:12:03","modified_gmt":"2024-01-30T13:12:03","slug":"tammikuun-eduskuntaterveiset-4","status":"publish","type":"post","link":"https:\/\/www.sarisarkomaa.fi\/?p=12345","title":{"rendered":"Tammikuun eduskuntaterveiset"},"content":{"rendered":"\n<figure class=\"wp-block-image size-full\"><a href=\"https:\/\/www.sarisarkomaa.fi\/wp-content\/uploads\/EK-terveiset-2.png\"><img loading=\"lazy\" width=\"600\" height=\"300\" src=\"https:\/\/www.sarisarkomaa.fi\/wp-content\/uploads\/EK-terveiset-2.png\" alt=\"\" class=\"wp-image-12346\" srcset=\"https:\/\/www.sarisarkomaa.fi\/wp-content\/uploads\/EK-terveiset-2.png 600w, https:\/\/www.sarisarkomaa.fi\/wp-content\/uploads\/EK-terveiset-2-300x150.png 300w\" sizes=\"(max-width: 600px) 100vw, 600px\" \/><\/a><\/figure>\n\n\n\n<p><strong>Arvoisa vastaanottaja,<\/strong><\/p>\n\n\n\n<p>Alex sai valtavan hienon \u00e4\u00e4nim\u00e4\u00e4r\u00e4n presidentinvaalien ensimm\u00e4isell\u00e4 kierroksella. Nyt jatkamme t\u00e4ydell\u00e4 vauhdilla kohti toista kierrosta. Kampanjaty\u00f6 jatkuu numerolla 8. Nostetaan yhteisty\u00f6ss\u00e4 \u00e4\u00e4nestysintoa viel\u00e4kin mittavammaksi. Innostetaan koko Suomi mukaan yhdist\u00e4v\u00e4n tekij\u00e4n tueksi.<\/p>\n\n\n\n<p>\u00c4\u00e4nest\u00e4m\u00e4\u00e4n p\u00e4\u00e4see jo keskiviikkona 31.1. Vaalien kakkoskierroksen ennakko\u00e4\u00e4nestys kest\u00e4\u00e4 tuttuun tapaan viikon ja p\u00e4\u00e4ttyy ensi viikon tiistaina 6.2. Vaalip\u00e4iv\u00e4 on ensi viikon sunnuntaina 11. p\u00e4iv\u00e4 helmikuuta. Edess\u00e4 historiallisen j\u00e4nnitt\u00e4v\u00e4t ja t\u00e4rke\u00e4t p\u00e4iv\u00e4t. Jokainen \u00e4\u00e4ni ratkaisee.<\/p>\n\n\n\n<p>Viel\u00e4 ehtii liitty\u00e4 Alexin tiimiin. Saat tiimikirjeen ja ajantasaiset tiedot kampanjan kuulumisista: <a href=\"https:\/\/www.alexstubb.fi\/#liity-tiimiin\">https:\/\/www.alexstubb.fi\/#liity-tiimiin<\/a><\/p>\n\n\n\n<figure class=\"wp-block-image size-medium\"><a href=\"https:\/\/www.sarisarkomaa.fi\/wp-content\/uploads\/Alex.jpg\"><img loading=\"lazy\" width=\"225\" height=\"300\" src=\"https:\/\/www.sarisarkomaa.fi\/wp-content\/uploads\/Alex-225x300.jpg\" alt=\"\" class=\"wp-image-12347\" srcset=\"https:\/\/www.sarisarkomaa.fi\/wp-content\/uploads\/Alex-225x300.jpg 225w, https:\/\/www.sarisarkomaa.fi\/wp-content\/uploads\/Alex-768x1024.jpg 768w, https:\/\/www.sarisarkomaa.fi\/wp-content\/uploads\/Alex-1152x1536.jpg 1152w, https:\/\/www.sarisarkomaa.fi\/wp-content\/uploads\/Alex-960x1280.jpg 960w, https:\/\/www.sarisarkomaa.fi\/wp-content\/uploads\/Alex.jpg 1536w\" sizes=\"(max-width: 225px) 100vw, 225px\" \/><\/a><figcaption>Kampanja aloitettiin maanantaina Yhdist\u00e4v\u00e4ll\u00e4 lenkill\u00e4.<\/figcaption><\/figure>\n\n\n\n<p><strong>Tervetuloa tapaamaan<\/strong><\/p>\n\n\n\n<p>L\u00e4mpim\u00e4sti tervetuloa tapaamaan ja vaihtamaan ajatuksia kanssani presidentinvaaleista ja muista ajankohtaisista asioista Keskuskatu vitosen Stubbilaan <strong>keskiviikkona 31.1. klo 16.30\u201317.30.<\/strong>&nbsp;<\/p>\n\n\n\n<p>AfterWalkit k\u00e4ynnistyiv\u00e4t tammikuussa ja vaihdoimme parinkymmenen k\u00e4velij\u00e4n kanssa kuulumisia presidentinvaaleista ja muista ajankohtaisista kovassa lumipyryss\u00e4. Kiitos kaikille, jotka p\u00e4\u00e4siv\u00e4t paikalle. Seuraava AfterWalk on <strong>torstaina 14.3. klo 17.15.<\/strong> Tapaaminen tuttuun tapaan Pikkuparlamentin edustalla (Arkadiankatu 3).<\/p>\n\n\n\n<p><strong>Uuden vuoden eduskunta- ja kaupunginvaltuutetun ty\u00f6 on vauhdissa<\/strong><\/p>\n\n\n\n<p>Vuosi on l\u00e4htenyt k\u00e4yntiin vauhdikkaasti. Vaalikampanjoinnin ohella kaupunginhallituksen ja valtuuston kokoukset l\u00e4htiv\u00e4t k\u00e4yntiin heti tammikuun alusta. Ensi t\u00f6iksemme hyv\u00e4ksyimme muun muassa uuden It\u00e4meristrategian. Olen erityisesti tehnyt ty\u00f6t\u00e4 terveysasemalle p\u00e4\u00e4syn edist\u00e4miseksi, koulukiusaamisen kitkemiseksi sek\u00e4 kaupungin liikenteen sujuvoittamiseksi.<\/p>\n\n\n\n<p>Kansanedustajan ty\u00f6 on t\u00e4ydess\u00e4 vauhdissa presidentinvaalikampanjoinnin rinnalla. Ulkoasianvaliokunta oli t\u00e4n\u00e4\u00e4n jo koolla, mutta valtiop\u00e4iv\u00e4t avataan virallisesti ensi viikolla. Valtiop\u00e4iv\u00e4t avaa viimeist\u00e4 kertaa tasavallan presidentti Sauli Niinist\u00f6. Tulossa historiallinen p\u00e4iv\u00e4.<\/p>\n\n\n\n<p><strong>Peruskoulun oppimistulokset on k\u00e4\u00e4nnett\u00e4v\u00e4 nousuun<\/strong><\/p>\n\n\n\n<p>Valtioneuvosto on asettanut peruskoulun tulevaisuusty\u00f6n parlamentaarisen seurantaryhm\u00e4n.&nbsp; On suuri iloa toimia ty\u00f6ryhm\u00e4n varapuheenjohtajana. Puheenjohtajana toimii opetusministeri Anna-Maja Henriksson. Parlamentaarisen ty\u00f6ryhm\u00e4mme toimii hallitusohjelman mukaisen peruskoulun tulevaisuusty\u00f6n tukena. Teht\u00e4v\u00e4 on mit\u00e4 t\u00e4rkein. Ty\u00f6ss\u00e4 on t\u00e4rke\u00e4 kuulla erityisesti opettajia, tutkijoita ja tietenkin my\u00f6s lasten sek\u00e4 nuorten \u00e4\u00e4nt\u00e4. Ajatukset ja n\u00e4kemykset ovat tervetulleita.<\/p>\n\n\n\n<p>Tapasin opettajia jokavuotisilla Educa-messuilla. Puhuin p\u00e4\u00e4kaupunkiseudun opettajien tilaisuudessa sek\u00e4 Kemianteollisuuden paneelissa, jossa keskustelimme osaamistason nostosta. Paljon muita tapaamisia ja keskusteluja Messukeskuksen mukavassa menossa. Educa on oikein onnistunut tapahtuma. Suuret kiitokset kaikille.<\/p>\n\n\n\n<p>Koulutukseen tehd\u00e4\u00e4n kuluvalla eduskuntakaudella merkitt\u00e4vi\u00e4 panostuksia. Olen tyytyv\u00e4inen, ett\u00e4 hallitusneuvotteluissa sovimme 200 miljoonaa euron lis\u00e4yksest\u00e4 perusopetukseen. Perusopetuksen v\u00e4himm\u00e4istuntim\u00e4\u00e4r\u00e4\u00e4 lis\u00e4t\u00e4\u00e4n 2\u20133 vuosiviikkotunnilla laajentamatta opetussuunnitelmaa. Tarkoitus on vahvistaa perustaitojen kuten matematiikan ja lukemisen oppimista.&nbsp; My\u00f6s Helsingiss\u00e4 p\u00e4iv\u00e4koteihin ja kouluihin suunnataan lis\u00e4m\u00e4\u00e4r\u00e4rahoja. M\u00e4\u00e4r\u00e4raha kasvatuksen ja koulutuksen toimialalla kasvaa t\u00e4n\u00e4 vuonna 680 euroa jokaista helsinkil\u00e4ist\u00e4 lasta kohden.<\/p>\n\n\n\n<p><strong>Edellisen hallituksen romuttama Kela-korvausj\u00e4rjestelm\u00e4 korjataan<\/strong><\/p>\n\n\n\n<p>Kela-korvausten nostot yksityisell\u00e4 yleis- ja erikoisl\u00e4\u00e4k\u00e4rill\u00e4, psykiatrik\u00e4ynneill\u00e4 sek\u00e4 hammasl\u00e4\u00e4k\u00e4rill\u00e4 astuivat voimaan vuoden alussa. T\u00e4m\u00e4 oli hallitusneuvotteluissa tavoitteenani. Tarkoitus on uudistaa korvausmalli niin, ett\u00e4 se on k\u00e4yt\u00f6ss\u00e4 vuonna 2025. T\u00e4ss\u00e4 vaiheessa on linjattu, ett\u00e4 hedelm\u00f6ityshoidot palautetaan Kela-korvauksen piiriin. Se on suuri helpotus monelle. Tulevaisuudessa yh\u00e4 useamman lapsitoive voi toteutua. <a href=\"https:\/\/www.sarisarkomaa.fi\/?p=12333\">Lue lis\u00e4\u00e4 blogistani<\/a>. Osana uutta mallia on my\u00f6s fysioterapia palautettava Kela-korvauksen piiriin.<\/p>\n\n\n\n<p><strong>Taiteen ja tieteen vapautta on vaalittava<\/strong><\/p>\n\n\n\n<p>Tammikuussa Helsingiss\u00e4 j\u00e4rjestetty Lux Helsinki oli upea tapahtuma, jota varjosti kuitenkin poikkeuksellinen p\u00e4\u00e4t\u00f6s julkaista sis\u00e4lt\u00f6varoitus yhden teoksen kohdalla. Katariina Sourin Tapahtumas\u00e4\u00e4ti\u00f6n tilaaman teoskokonaisuuden yhdest\u00e4 maalauksesta nousi somekohu, kun ainakin saamelaisvaikuttaja Petra Laiti syytti Souria stereotyyppisen kuvaston k\u00e4yt\u00f6st\u00e4 ja kulttuurisesta omimisesta. Lopulta Tapahtumas\u00e4\u00e4ti\u00f6 tiedotti, ettei poista teosta mutta sen sijaan liitt\u00e4\u00e4 sen yhteyteen sis\u00e4lt\u00f6varoituksen.<\/p>\n\n\n\n<p>Tapahtuman yhteydess\u00e4 ennen Sourin teoksen n\u00e4ytt\u00f6\u00e4 Senaatintorilla kuulutettiin kova\u00e4\u00e4ninen varoitus. Pakko sanoa, ett\u00e4 h\u00e4mm\u00e4stys oli valtava. Miksi ihmeess\u00e4 sis\u00e4lt\u00f6varoitus piti tehd\u00e4? Mist\u00e4 ylip\u00e4\u00e4t\u00e4\u00e4n varoitettiin? Moni Senaatintorilla varoituksen kuullut asiaa minulta kysyi. Moni on huolissaan taiteen vapaudesta.<\/p>\n\n\n\n<p>Taide ja tiede ovat kautta aikojen her\u00e4tt\u00e4neet ihastusta ja vihastusta. T\u00e4llaiset reaktiot eiv\u00e4t saa kuitenkaan johtaa toimiin, jotka kahlitsevat ajattelun, tieteen tai taiteen vapautta.<\/p>\n\n\n\n<p>Tapahtunut on sen verran poikkeuksellista, ett\u00e4 Lux Helsinki -tapahtuman j\u00e4rjestelyist\u00e4 vastaavan Tapahtumas\u00e4\u00e4ti\u00f6n hallituksen on syyt\u00e4 olla hereill\u00e4. On perusteltua k\u00e4yd\u00e4 l\u00e4pi toimet sek\u00e4 arvioida, miss\u00e4 meni vikaan. <a href=\"https:\/\/www.sarisarkomaa.fi\/?p=12342\">Lue lis\u00e4\u00e4 blogistani<\/a>.<\/p>\n\n\n\n<p><strong>Ajatukset ja palaute ovat tervetulleita. Pidet\u00e4\u00e4n yhteytt\u00e4.<\/strong><\/p>\n\n\n\n<p><strong>Sari Sarkomaa<\/strong><\/p>\n","protected":false},"excerpt":{"rendered":"<p>Arvoisa vastaanottaja, Alex sai valtavan hienon \u00e4\u00e4nim\u00e4\u00e4r\u00e4n presidentinvaalien ensimm\u00e4isell\u00e4 kierroksella. Nyt jatkamme t\u00e4ydell\u00e4 vauhdilla kohti toista kierrosta. Kampanjaty\u00f6 jatkuu numerolla 8. Nostetaan yhteisty\u00f6ss\u00e4 \u00e4\u00e4nestysintoa viel\u00e4kin mittavammaksi. Innostetaan koko Suomi mukaan yhdist\u00e4v\u00e4n tekij\u00e4n tueksi. \u00c4\u00e4nest\u00e4m\u00e4\u00e4n p\u00e4\u00e4see jo keskiviikkona 31.1. Vaalien kakkoskierroksen ennakko\u00e4\u00e4nestys kest\u00e4\u00e4 tuttuun tapaan viikon ja p\u00e4\u00e4ttyy ensi viikon tiistaina 6.2. Vaalip\u00e4iv\u00e4 on ensi viikon <a href=\"https:\/\/www.sarisarkomaa.fi\/?p=12345\" class=\"more-link\">...jatka lukemista<span class=\"screen-reader-text\"> \"Tammikuun eduskuntaterveiset\"<\/span><\/a><\/p>\n","protected":false},"author":1,"featured_media":0,"comment_status":"closed","ping_status":"open","sticky":false,"template":"","format":"standard","meta":[],"categories":[6,1],"tags":[],"_links":{"self":[{"href":"https:\/\/www.sarisarkomaa.fi\/index.php?rest_route=\/wp\/v2\/posts\/12345"}],"collection":[{"href":"https:\/\/www.sarisarkomaa.fi\/index.php?rest_route=\/wp\/v2\/posts"}],"about":[{"href":"https:\/\/www.sarisarkomaa.fi\/index.php?rest_route=\/wp\/v2\/types\/post"}],"author":[{"embeddable":true,"href":"https:\/\/www.sarisarkomaa.fi\/index.php?rest_route=\/wp\/v2\/users\/1"}],"replies":[{"embeddable":true,"href":"https:\/\/www.sarisarkomaa.fi\/index.php?rest_route=%2Fwp%2Fv2%2Fcomments&post=12345"}],"version-history":[{"count":1,"href":"https:\/\/www.sarisarkomaa.fi\/index.php?rest_route=\/wp\/v2\/posts\/12345\/revisions"}],"predecessor-version":[{"id":12348,"href":"https:\/\/www.sarisarkomaa.fi\/index.php?rest_route=\/wp\/v2\/posts\/12345\/revisions\/12348"}],"wp:attachment":[{"href":"https:\/\/www.sarisarkomaa.fi\/index.php?rest_route=%2Fwp%2Fv2%2Fmedia&parent=12345"}],"wp:term":[{"taxonomy":"category","embeddable":true,"href":"https:\/\/www.sarisarkomaa.fi\/index.php?rest_route=%2Fwp%2Fv2%2Fcategories&post=12345"},{"taxonomy":"post_tag","embeddable":true,"href":"https:\/\/www.sarisarkomaa.fi\/index.php?rest_route=%2Fwp%2Fv2%2Ftags&post=12345"}],"curies":[{"name":"wp","href":"https:\/\/api.w.org\/{rel}","templated":true}]}}