{"id":12504,"date":"2024-06-03T14:11:22","date_gmt":"2024-06-03T12:11:22","guid":{"rendered":"https:\/\/www.sarisarkomaa.fi\/?p=12504"},"modified":"2024-06-03T14:11:22","modified_gmt":"2024-06-03T12:11:22","slug":"jo-joutui-armas-aika-suvivirsi-soikoon","status":"publish","type":"post","link":"https:\/\/www.sarisarkomaa.fi\/?p=12504","title":{"rendered":"Jo joutui armas aika \u2013 Suvivirsi soikoon"},"content":{"rendered":"\n<p><a href=\"https:\/\/puheenvuoro.uusisuomi.fi\/sarisarkomaa\/jo-joutui-armas-aika-suvivirsi-soikoon\/\">Uusi Suomi Puheenvuoro 31.5.2024<\/a><\/p>\n\n\n\n<p>Monissa perheiss\u00e4 valmistaudutaan juhlistamaan kouluvuotensa p\u00e4\u00e4tt\u00e4vi\u00e4 lapsia ja nuoria. Kev\u00e4tjuhlat ovat perinteinen tapa p\u00e4\u00e4tt\u00e4\u00e4 kouluvuosi. Suvivirsi on ollut pitk\u00e4\u00e4n osa suomalaista kev\u00e4tjuhlaperinnett\u00e4.<\/p>\n\n\n\n<p>Viime vuosien varrella on aika ajoin k\u00e4yty monenlaista keskustelua koulujen juhlien luonteesta ja siit\u00e4kin, voiko Suvivirren laulaa kev\u00e4tjuhlassa. Lopulta asiaa on k\u00e4sitelty jopa eduskunnan perustuslakivaliokunnassa, jonka linjaus oli odotettu: Suvivirren laulaminen kev\u00e4tjuhlassa ei ole uskonnon harjoittamista.<\/p>\n\n\n\n<p>Osana vilkkaimpana keskustelua Helsingin yliopiston vapaa-ajattelijayhdistys Prometheus ry:n puheenjohtaja kanteli eduskunnan oikeusasiamiehelle Facebook-p\u00e4ivityksest\u00e4ni, jossa kirjoitin Suvivirren olevan osa suomalaista kev\u00e4tjuhlaperinnett\u00e4 eik\u00e4 uskonnonharjoittamista.<\/p>\n\n\n\n<p>Ratkaisussaan apulaisoikeusasiamies Jussi Pajuoja p\u00e4\u00e4tyi tukemaan n\u00e4kemyst\u00e4ni: Suvivirsi on osa suomalaista kev\u00e4tjuhlaperinnett\u00e4, eik\u00e4 kev\u00e4tjuhla ole uskonnollinen juhla.<\/p>\n\n\n\n<p>Opetushallitus (OPH) on vuoden 2022 linjauksessaan muistuttanut, ett\u00e4 kouluvuoteen kuuluu my\u00f6s perinteisi\u00e4, kaikille yhteisi\u00e4 juhlia, joihin lasten ja nuorten tulee osallistua. N\u00e4ihin juhliin voi linjauksen mukaan sis\u00e4lty\u00e4 joitakin uskontoon viittaavia elementtej\u00e4, kuten Suvivirsi, jotka ovat suomalaiseen kulttuuriin liittyvi\u00e4 traditioita. OPH on perustuslakivaliokunnan kantaan pohjautuen linjannut, ett\u00e4 juhlassa laulettava yksitt\u00e4inen virsi ei tee juhlasta viel\u00e4 uskonnollista tilaisuutta.<\/p>\n\n\n\n<p>Tietenkin koulut ja p\u00e4iv\u00e4kodit itse p\u00e4\u00e4tt\u00e4v\u00e4t juhlista, mutta ei ole mit\u00e4\u00e4n syyt\u00e4 siihen, ett\u00e4 perinteit\u00e4 pit\u00e4isi muuttaa. P\u00e4invastoin globaalissa ja aina monikulttuurisemmassa maailmassa omien juurien ja perinteiden vaaliminen on vahvuus, samalla huomioiden lasten ja nuorten erilaisuus.&nbsp;Oman kulttuurin tunteminen sek\u00e4 ymm\u00e4rt\u00e4minen auttaa muiden kulttuurien ymm\u00e4rt\u00e4misess\u00e4. Perinteiden s\u00e4ilytt\u00e4minen ja arvostaminen on osa p\u00e4iv\u00e4kotien ja koulujen toimintaa.<\/p>\n\n\n\n<p>Paljon onnea uusille&nbsp;ylioppilaille&nbsp;ja ammattiin valmistuneille. Iloa kaikille kouluvuoden p\u00e4\u00e4tt\u00e4neille kes\u00e4lomalle l\u00e4hteville oppilaille ja opiskelijoille. Valtavat kiitokset opettajille, koulujen ja oppilaitosten v\u00e4elle t\u00e4rke\u00e4st\u00e4 ty\u00f6st\u00e4.<\/p>\n\n\n\n<p>L\u00e4het\u00e4n kuukausittain ajankohtaiset kuulumiset eduskunnasta ja Helsingist\u00e4. Voit tilata eduskuntaterveiseni l\u00e4hett\u00e4m\u00e4ll\u00e4 s\u00e4hk\u00f6postia sari.sarkomaa(at)eduskunta.fi Ajatuksesi ja palaute ovat t\u00e4rkeit\u00e4, pidet\u00e4\u00e4n yhteytt\u00e4.<\/p>\n","protected":false},"excerpt":{"rendered":"<p>Uusi Suomi Puheenvuoro 31.5.2024 Monissa perheiss\u00e4 valmistaudutaan juhlistamaan kouluvuotensa p\u00e4\u00e4tt\u00e4vi\u00e4 lapsia ja nuoria. Kev\u00e4tjuhlat ovat perinteinen tapa p\u00e4\u00e4tt\u00e4\u00e4 kouluvuosi. Suvivirsi on ollut pitk\u00e4\u00e4n osa suomalaista kev\u00e4tjuhlaperinnett\u00e4. Viime vuosien varrella on aika ajoin k\u00e4yty monenlaista keskustelua koulujen juhlien luonteesta ja siit\u00e4kin, voiko Suvivirren laulaa kev\u00e4tjuhlassa. Lopulta asiaa on k\u00e4sitelty jopa eduskunnan perustuslakivaliokunnassa, jonka linjaus oli odotettu: <a href=\"https:\/\/www.sarisarkomaa.fi\/?p=12504\" class=\"more-link\">...jatka lukemista<span class=\"screen-reader-text\"> \"Jo joutui armas aika \u2013 Suvivirsi soikoon\"<\/span><\/a><\/p>\n","protected":false},"author":1,"featured_media":0,"comment_status":"closed","ping_status":"open","sticky":false,"template":"","format":"standard","meta":[],"categories":[8],"tags":[],"_links":{"self":[{"href":"https:\/\/www.sarisarkomaa.fi\/index.php?rest_route=\/wp\/v2\/posts\/12504"}],"collection":[{"href":"https:\/\/www.sarisarkomaa.fi\/index.php?rest_route=\/wp\/v2\/posts"}],"about":[{"href":"https:\/\/www.sarisarkomaa.fi\/index.php?rest_route=\/wp\/v2\/types\/post"}],"author":[{"embeddable":true,"href":"https:\/\/www.sarisarkomaa.fi\/index.php?rest_route=\/wp\/v2\/users\/1"}],"replies":[{"embeddable":true,"href":"https:\/\/www.sarisarkomaa.fi\/index.php?rest_route=%2Fwp%2Fv2%2Fcomments&post=12504"}],"version-history":[{"count":1,"href":"https:\/\/www.sarisarkomaa.fi\/index.php?rest_route=\/wp\/v2\/posts\/12504\/revisions"}],"predecessor-version":[{"id":12505,"href":"https:\/\/www.sarisarkomaa.fi\/index.php?rest_route=\/wp\/v2\/posts\/12504\/revisions\/12505"}],"wp:attachment":[{"href":"https:\/\/www.sarisarkomaa.fi\/index.php?rest_route=%2Fwp%2Fv2%2Fmedia&parent=12504"}],"wp:term":[{"taxonomy":"category","embeddable":true,"href":"https:\/\/www.sarisarkomaa.fi\/index.php?rest_route=%2Fwp%2Fv2%2Fcategories&post=12504"},{"taxonomy":"post_tag","embeddable":true,"href":"https:\/\/www.sarisarkomaa.fi\/index.php?rest_route=%2Fwp%2Fv2%2Ftags&post=12504"}],"curies":[{"name":"wp","href":"https:\/\/api.w.org\/{rel}","templated":true}]}}