{"id":12507,"date":"2024-06-03T15:49:00","date_gmt":"2024-06-03T13:49:00","guid":{"rendered":"https:\/\/www.sarisarkomaa.fi\/?p=12507"},"modified":"2024-06-03T15:49:00","modified_gmt":"2024-06-03T13:49:00","slug":"tasta-syysta-eutanasialaki-tarvitaan","status":"publish","type":"post","link":"https:\/\/www.sarisarkomaa.fi\/?p=12507","title":{"rendered":"T\u00e4st\u00e4 syyst\u00e4 eutanasialaki tarvitaan"},"content":{"rendered":"\n<p><a href=\"https:\/\/puheenvuoro.uusisuomi.fi\/sarisarkomaa\/tasta-syysta-eutanasia-laki-tarvitaan\/\">Uusi Suomi Puheenvuoro 29.5.2024<\/a><\/p>\n\n\n\n<p>Kansalaisaloite eutanasiasta luovutettiin t\u00e4n\u00e4\u00e4n eduskunnan k\u00e4sitelt\u00e4v\u00e4ksi. Suuri kiitos aloitteen tekij\u00f6ille ja sen allekirjoittaneille.<\/p>\n\n\n\n<p>Olin mukana luovutustilaisuudesta. Toivotin omasta puolestani kansalaisaloitteen tervetulleeksi ja annan sille tukeni.<\/p>\n\n\n\n<p>N\u00e4kemykseni perustuu pitk\u00e4\u00e4n punnintaan. Pitk\u00e4\u00e4n ajattelin, ett\u00e4 eutanasiasta s\u00e4\u00e4t\u00e4minen on liian iso eettinen kysymys lains\u00e4\u00e4t\u00e4j\u00e4lle ylitett\u00e4v\u00e4ksi. En voi kuitenkaan sulkea silmi\u00e4 silt\u00e4 tosiasialta, ett\u00e4 laadukkaasta hoidosta huolimatta on siet\u00e4m\u00e4t\u00f6nt\u00e4 k\u00e4rsimyst\u00e4 \u2013 tilanteita, joissa ei ole eettist\u00e4 perustetta kielt\u00e4\u00e4 eutanasian mahdollisuutta.<\/p>\n\n\n\n<p>Eritt\u00e4in rajatuissa tilanteissa eutanasia on eettisesti perusteltu mahdollisuus niiden ihmisten kannalta, jotka sairastavat parantumatonta sairautta, joille ei siet\u00e4m\u00e4tt\u00f6miin k\u00e4rsimyksiin hyv\u00e4st\u00e4k\u00e4\u00e4n hoidosta tule lievityst\u00e4 ja jotka itse toivovat kuolevansa.<\/p>\n\n\n\n<p>Saattohoidolla ja palliatiivisella hoidolla ei voida ratkaista kysymyst\u00e4 eutanasiasta, eiv\u00e4tk\u00e4 n\u00e4m\u00e4 asiat ole kesken\u00e4\u00e4n vaihtoehtoisia.<\/p>\n\n\n\n<p>Tietenkin palliatiivinen hoito ja saattohoito ovat aina ensisijaisia ja niiden kehitt\u00e4mist\u00e4 on jatkettava.<\/p>\n\n\n\n<p>Edellinen kansalaisaloite eutanasiasta ker\u00e4si vaadittavat nimet ja eteni eduskuntaan, jossa se k\u00e4siteltiin ja hyl\u00e4ttiin kev\u00e4\u00e4ll\u00e4 2018. T\u00e4m\u00e4n j\u00e4lkeen asiantuntijaryhm\u00e4 selvitti el\u00e4m\u00e4n loppuvaiheen hyv\u00e4\u00e4 hoitoa sek\u00e4 eutanasiaan liittyvi\u00e4 s\u00e4\u00e4ntelytarpeita, mutta ei p\u00e4\u00e4ssyt yksimielisyyteen eutanasiakysymyksest\u00e4.<\/p>\n\n\n\n<p>Samainen ty\u00f6ryhm\u00e4 esitti yksimielisesti lains\u00e4\u00e4d\u00e4nt\u00f6muutosten olevan v\u00e4ltt\u00e4m\u00e4tt\u00f6mi\u00e4 saattohoidon kehitt\u00e4miseksi. Uudessa hallitusohjelmassa on vihdoin sitouduttu saattohoidon s\u00e4\u00e4d\u00f6sten selkeytt\u00e4miseen. Lakiesitys on saatava eduskuntaan pian.<\/p>\n\n\n\n<p>Eutanasialains\u00e4\u00e4d\u00e4nn\u00f6n etenemisen kannalta kansalaisaloite on v\u00e4ltt\u00e4m\u00e4t\u00f6n.<\/p>\n\n\n\n<p>K<a href=\"https:\/\/www.kansalaisaloite.fi\/fi\/aloite\/12678?fbclid=IwAR1A5beBOiZ7DunG4d-KguZOWMf4Q0C0sReoyQpt3RdRWMwTHXIB8CBzDsM\">ansalaisaloite<\/a>&nbsp;&nbsp;ker\u00e4si vuorokaudessa yli 10000 allekirjoitusta. Nyt tarvittavat nimet on koossa ja eduskunta voi aloittaa aloitteen k\u00e4sittelyn. Aika voi olla otollisempi aloitteen l\u00e4pimenolle. Uskon, ett\u00e4 maailma on muuttunut viimeisimm\u00e4n kansalaisaloitteen k\u00e4sittelyst\u00e4. Useat kyselyt, vaalikonevastaukset ja puolueiden tekem\u00e4t linjaukset tukevat uuden kansalaisaloitteen tavoitetta s\u00e4\u00e4t\u00e4\u00e4 laki eutanasiasta.<\/p>\n\n\n\n<p>My\u00f6s osa puolueista mukaan lukien kokoomus on tehnyt puoluekokousp\u00e4\u00e4t\u00f6ksen, jossa puolletaan eutanasian laillistamista hyvin tarkoin rajatuin ehdoin.<\/p>\n\n\n\n<p>Sitten kun ja toivottavasti mahdollisimman pian ryhdyt\u00e4\u00e4n eutanasian mahdollistavaa lains\u00e4\u00e4d\u00e4nt\u00f6\u00e4 laatimaan, on siin\u00e4 yhteydess\u00e4 v\u00e4ltt\u00e4m\u00e4t\u00f6nt\u00e4 varmistaa, ett\u00e4 lains\u00e4\u00e4t\u00e4jill\u00e4 ja aikanaan terveydenhuollon ammattihenkil\u00f6ill\u00e4 on asiassa t\u00e4ysi omantunnon vapaus.&nbsp;T\u00e4llaisessa asiassa jokaisen on voitava muodostaa oma n\u00e4kemyksens\u00e4 oman perusteellisen eettisen harkintansa pohjalta. Olen oman harkintani tehnyt.<\/p>\n","protected":false},"excerpt":{"rendered":"<p>Uusi Suomi Puheenvuoro 29.5.2024 Kansalaisaloite eutanasiasta luovutettiin t\u00e4n\u00e4\u00e4n eduskunnan k\u00e4sitelt\u00e4v\u00e4ksi. Suuri kiitos aloitteen tekij\u00f6ille ja sen allekirjoittaneille. Olin mukana luovutustilaisuudesta. Toivotin omasta puolestani kansalaisaloitteen tervetulleeksi ja annan sille tukeni. N\u00e4kemykseni perustuu pitk\u00e4\u00e4n punnintaan. Pitk\u00e4\u00e4n ajattelin, ett\u00e4 eutanasiasta s\u00e4\u00e4t\u00e4minen on liian iso eettinen kysymys lains\u00e4\u00e4t\u00e4j\u00e4lle ylitett\u00e4v\u00e4ksi. En voi kuitenkaan sulkea silmi\u00e4 silt\u00e4 tosiasialta, ett\u00e4 laadukkaasta hoidosta <a href=\"https:\/\/www.sarisarkomaa.fi\/?p=12507\" class=\"more-link\">...jatka lukemista<span class=\"screen-reader-text\"> \"T\u00e4st\u00e4 syyst\u00e4 eutanasialaki tarvitaan\"<\/span><\/a><\/p>\n","protected":false},"author":1,"featured_media":0,"comment_status":"closed","ping_status":"open","sticky":false,"template":"","format":"standard","meta":[],"categories":[8],"tags":[],"_links":{"self":[{"href":"https:\/\/www.sarisarkomaa.fi\/index.php?rest_route=\/wp\/v2\/posts\/12507"}],"collection":[{"href":"https:\/\/www.sarisarkomaa.fi\/index.php?rest_route=\/wp\/v2\/posts"}],"about":[{"href":"https:\/\/www.sarisarkomaa.fi\/index.php?rest_route=\/wp\/v2\/types\/post"}],"author":[{"embeddable":true,"href":"https:\/\/www.sarisarkomaa.fi\/index.php?rest_route=\/wp\/v2\/users\/1"}],"replies":[{"embeddable":true,"href":"https:\/\/www.sarisarkomaa.fi\/index.php?rest_route=%2Fwp%2Fv2%2Fcomments&post=12507"}],"version-history":[{"count":1,"href":"https:\/\/www.sarisarkomaa.fi\/index.php?rest_route=\/wp\/v2\/posts\/12507\/revisions"}],"predecessor-version":[{"id":12508,"href":"https:\/\/www.sarisarkomaa.fi\/index.php?rest_route=\/wp\/v2\/posts\/12507\/revisions\/12508"}],"wp:attachment":[{"href":"https:\/\/www.sarisarkomaa.fi\/index.php?rest_route=%2Fwp%2Fv2%2Fmedia&parent=12507"}],"wp:term":[{"taxonomy":"category","embeddable":true,"href":"https:\/\/www.sarisarkomaa.fi\/index.php?rest_route=%2Fwp%2Fv2%2Fcategories&post=12507"},{"taxonomy":"post_tag","embeddable":true,"href":"https:\/\/www.sarisarkomaa.fi\/index.php?rest_route=%2Fwp%2Fv2%2Ftags&post=12507"}],"curies":[{"name":"wp","href":"https:\/\/api.w.org\/{rel}","templated":true}]}}