{"id":12514,"date":"2024-06-06T09:01:49","date_gmt":"2024-06-06T07:01:49","guid":{"rendered":"https:\/\/www.sarisarkomaa.fi\/?p=12514"},"modified":"2024-06-06T09:01:49","modified_gmt":"2024-06-06T07:01:49","slug":"eduskunnan-ulkosuomalaisten-ystavyysryhma-jarjestaytyi","status":"publish","type":"post","link":"https:\/\/www.sarisarkomaa.fi\/?p=12514","title":{"rendered":"Eduskunnan Ulkosuomalaisten yst\u00e4vyysryhm\u00e4 j\u00e4rjest\u00e4ytyi"},"content":{"rendered":"\n<figure class=\"wp-block-image size-large\"><a href=\"https:\/\/www.sarisarkomaa.fi\/wp-content\/uploads\/WhatsApp-Kuva-2024-06-05-klo-14.28.47_0875e978.jpg\"><img loading=\"lazy\" width=\"1024\" height=\"768\" src=\"https:\/\/www.sarisarkomaa.fi\/wp-content\/uploads\/WhatsApp-Kuva-2024-06-05-klo-14.28.47_0875e978-1024x768.jpg\" alt=\"\" class=\"wp-image-12515\" srcset=\"https:\/\/www.sarisarkomaa.fi\/wp-content\/uploads\/WhatsApp-Kuva-2024-06-05-klo-14.28.47_0875e978-1024x768.jpg 1024w, https:\/\/www.sarisarkomaa.fi\/wp-content\/uploads\/WhatsApp-Kuva-2024-06-05-klo-14.28.47_0875e978-300x225.jpg 300w, https:\/\/www.sarisarkomaa.fi\/wp-content\/uploads\/WhatsApp-Kuva-2024-06-05-klo-14.28.47_0875e978-768x576.jpg 768w, https:\/\/www.sarisarkomaa.fi\/wp-content\/uploads\/WhatsApp-Kuva-2024-06-05-klo-14.28.47_0875e978-1536x1152.jpg 1536w, https:\/\/www.sarisarkomaa.fi\/wp-content\/uploads\/WhatsApp-Kuva-2024-06-05-klo-14.28.47_0875e978-960x720.jpg 960w, https:\/\/www.sarisarkomaa.fi\/wp-content\/uploads\/WhatsApp-Kuva-2024-06-05-klo-14.28.47_0875e978.jpg 2048w\" sizes=\"(max-width: 1024px) 100vw, 1024px\" \/><\/a><\/figure>\n\n\n\n<p><strong>Tiedote 6.6.2024<\/strong><\/p>\n\n\n\n<p>Eduskunnan Ulkosuomalaisten yst\u00e4vyysryhm\u00e4 j\u00e4rjest\u00e4ytyi uudelle kaudelle 4. kes\u00e4kuuta. Puheenjohtajaksi valittiin kansanedustaja <strong>Sari Sarkomaa<\/strong> (kok) ja varapuheenjohtajaksi kansanedustaja <strong>Saku Nikkanen<\/strong> (sdp). Ryhm\u00e4n sihteerin\u00e4 toimii Suomi-Seura ry:n toiminnanjohtaja <strong>Tina Strandberg<\/strong>. Ajankohtaiskatsauksen piti Suomi-Seuran puheenjohtaja <strong>Pekka Sauri<\/strong>.<\/p>\n\n\n\n<p>Muuttoliikkeen seurauksena maailmalla on l\u00e4hes 2 miljoonaa ulkosuomalaista, joista noin 300 000 on Suomen kansalaisia.<\/p>\n\n\n\n<p>Ulkosuomalaisten yst\u00e4vyysryhm\u00e4 on eri eduskuntaryhmien kansanedustajien muodostama verkosto, jonka tarkoituksena on toimia eduskunnassa ulkosuomalaisten \u00e4\u00e4nitorvena ja yhteisty\u00f6tahona. Tavoitteena on&nbsp;lis\u00e4t\u00e4 eduskunnassa&nbsp;tietoisuutta ulkosuomalaisten asioista ja nostaa ulkosuomalaisten n\u00e4k\u00f6kulmaa esille p\u00e4\u00e4t\u00f6ksenteossa.&nbsp;<\/p>\n\n\n\n<p>- Ulkosuomalaiset ovat monipuolinen joukko ihmisi\u00e4, joilla on erilaisia palvelutarpeita ja joiden asiantuntemusta yhteiskuntamme on viisasta hy\u00f6dynt\u00e4\u00e4, Sarkomaa sanoo.<\/p>\n\n\n\n<p>Yst\u00e4vyysryhm\u00e4n keskeisi\u00e4 toimia kaudella tulee olemaan edist\u00e4\u00e4 ulkosuomalaisstrategian tavoitteita, joista yksi keskeisist\u00e4 on 10 vuoden passin palauttaminen.<\/p>\n\n\n\n<p>- Hallituspuolueiden norminpurkuty\u00f6ryhm\u00e4n linjaus palauttaa kymmenen vuotta voimassa olevat passit on l\u00e4mpim\u00e4sti tervetullut. Asia on erityisen t\u00e4rke\u00e4 ulkosuomalaisille, joille passin uusiminen ulkomailla on kallista ja vaivalloista, mik\u00e4li ei asu l\u00e4hetyst\u00f6n l\u00e4hettyvill\u00e4. Linjaus on hyv\u00e4 saada mahdollisimman pian k\u00e4yt\u00e4nt\u00f6\u00f6n, Sarkomaa kiritt\u00e4\u00e4.<\/p>\n\n\n\n<p>- Vahva suomalainen identiteetti on suuri voimavara maailmalla. Ulkosuomalaisten my\u00f6t\u00e4 kansalaisyhteiskuntamme ulottuu l\u00e4hes kaikkialle muodostaen maailmanlaajuisen verkoston, jonka piiriss\u00e4 on laajaa osaamista ja asiantuntemusta, Nikkanen sanoo.<\/p>\n\n\n\n<p><strong>Lis\u00e4tietoja:<\/strong><\/p>\n\n\n\n<p>Sari Sarkomaa 050 511 3033<\/p>\n\n\n\n<p>Saku Nikkanen&nbsp;044 530 8326<\/p>\n","protected":false},"excerpt":{"rendered":"<p>Tiedote 6.6.2024 Eduskunnan Ulkosuomalaisten yst\u00e4vyysryhm\u00e4 j\u00e4rjest\u00e4ytyi uudelle kaudelle 4. kes\u00e4kuuta. Puheenjohtajaksi valittiin kansanedustaja Sari Sarkomaa (kok) ja varapuheenjohtajaksi kansanedustaja Saku Nikkanen (sdp). Ryhm\u00e4n sihteerin\u00e4 toimii Suomi-Seura ry:n toiminnanjohtaja Tina Strandberg. Ajankohtaiskatsauksen piti Suomi-Seuran puheenjohtaja Pekka Sauri. Muuttoliikkeen seurauksena maailmalla on l\u00e4hes 2 miljoonaa ulkosuomalaista, joista noin 300 000 on Suomen kansalaisia. Ulkosuomalaisten yst\u00e4vyysryhm\u00e4 on eri <a href=\"https:\/\/www.sarisarkomaa.fi\/?p=12514\" class=\"more-link\">...jatka lukemista<span class=\"screen-reader-text\"> \"Eduskunnan Ulkosuomalaisten yst\u00e4vyysryhm\u00e4 j\u00e4rjest\u00e4ytyi\"<\/span><\/a><\/p>\n","protected":false},"author":1,"featured_media":0,"comment_status":"closed","ping_status":"open","sticky":false,"template":"","format":"standard","meta":[],"categories":[4],"tags":[],"_links":{"self":[{"href":"https:\/\/www.sarisarkomaa.fi\/index.php?rest_route=\/wp\/v2\/posts\/12514"}],"collection":[{"href":"https:\/\/www.sarisarkomaa.fi\/index.php?rest_route=\/wp\/v2\/posts"}],"about":[{"href":"https:\/\/www.sarisarkomaa.fi\/index.php?rest_route=\/wp\/v2\/types\/post"}],"author":[{"embeddable":true,"href":"https:\/\/www.sarisarkomaa.fi\/index.php?rest_route=\/wp\/v2\/users\/1"}],"replies":[{"embeddable":true,"href":"https:\/\/www.sarisarkomaa.fi\/index.php?rest_route=%2Fwp%2Fv2%2Fcomments&post=12514"}],"version-history":[{"count":1,"href":"https:\/\/www.sarisarkomaa.fi\/index.php?rest_route=\/wp\/v2\/posts\/12514\/revisions"}],"predecessor-version":[{"id":12516,"href":"https:\/\/www.sarisarkomaa.fi\/index.php?rest_route=\/wp\/v2\/posts\/12514\/revisions\/12516"}],"wp:attachment":[{"href":"https:\/\/www.sarisarkomaa.fi\/index.php?rest_route=%2Fwp%2Fv2%2Fmedia&parent=12514"}],"wp:term":[{"taxonomy":"category","embeddable":true,"href":"https:\/\/www.sarisarkomaa.fi\/index.php?rest_route=%2Fwp%2Fv2%2Fcategories&post=12514"},{"taxonomy":"post_tag","embeddable":true,"href":"https:\/\/www.sarisarkomaa.fi\/index.php?rest_route=%2Fwp%2Fv2%2Ftags&post=12514"}],"curies":[{"name":"wp","href":"https:\/\/api.w.org\/{rel}","templated":true}]}}