{"id":12522,"date":"2024-06-18T12:00:34","date_gmt":"2024-06-18T10:00:34","guid":{"rendered":"https:\/\/www.sarisarkomaa.fi\/?p=12522"},"modified":"2024-06-18T12:01:13","modified_gmt":"2024-06-18T10:01:13","slug":"eduskunnan-hoitotyon-verkosto-jarjestaytyi","status":"publish","type":"post","link":"https:\/\/www.sarisarkomaa.fi\/?p=12522","title":{"rendered":"Eduskunnan Hoitoty\u00f6n verkosto j\u00e4rjest\u00e4ytyi"},"content":{"rendered":"\n<p>Tiedote 18.6.2024<\/p>\n\n\n\n<p><strong>Eduskunnan hoitoty\u00f6n verkoston perustamiskokouksessa 17.6.2024 puheenjohtajaksi valittiin&nbsp;<em>Lotta Hamari<\/em>&nbsp;(sd) ja varapuheenjohtajaksi&nbsp;<em>Sari Sarkomaa<\/em>&nbsp;(kok). Verkoston tarkoituksena on vahvistaa hoitoty\u00f6n alan dialogia ja lis\u00e4t\u00e4 tiedonv\u00e4lityst\u00e4 eduskunnan ja alan asiantuntijoiden v\u00e4lill\u00e4.<\/strong><\/p>\n\n\n\n<p>\u2013 Pid\u00e4n merkitt\u00e4v\u00e4n\u00e4 n\u00e4ytt\u00f6\u00f6n perustuvan hoitoty\u00f6n edist\u00e4mist\u00e4 sek\u00e4 sit\u00e4, ett\u00e4 alan asiantuntijoiden \u00e4\u00e4ni kuuluisi p\u00e4\u00e4tt\u00e4jille etenkin nyt hyvinvointialueiden aloitettua ty\u00f6ns\u00e4. T\u00e4m\u00e4n eteen t\u00e4ss\u00e4 verkostossa tehd\u00e4 t\u00f6it\u00e4 yli puolue- ja valiokuntarajojen, verkoston puheenjohtaja, kansanedustaja ja terveystieteiden tohtori Hamari<strong>&nbsp;<\/strong>kertoo.<\/p>\n\n\n\n<p>\u2013 Omassa ty\u00f6ss\u00e4ni n\u00e4ytt\u00f6\u00f6n perustuvan hoito- ja sosiaality\u00f6n edist\u00e4minen ja yhteisty\u00f6 hoitoalan- ja sosiaalialan asiantuntijoiden kanssa on hyvin t\u00e4rke\u00e4\u00e4. T\u00e4m\u00e4n p\u00e4iv\u00e4n tutkimus on huomisen hyv\u00e4\u00e4 hoitoa. Tarvitsemme enemm\u00e4n toimia n\u00e4ytt\u00f6\u00f6n perustuvan koulutuksen ja hoitoty\u00f6n edist\u00e4miseksi sek\u00e4 ratkaisemaan sote-alan monimutkaisia ongelmia ja edist\u00e4m\u00e4\u00e4n hoidon vaikuttavuutta. Verkostossa voimme edist\u00e4\u00e4 n\u00e4it\u00e4 vaikuttavasti yhteisty\u00f6ll\u00e4 yli puoluerajojen\u201d, summaa verkoston varapuheenjohtajaksi valittu, kokoomuksen kansanedustaja<strong>,&nbsp;<\/strong>terveydenhuollon maisteri<strong>&nbsp;<\/strong>Sarkomaa<strong>.<\/strong><\/p>\n\n\n\n<p>\u2013 Hoito- ja sosiaality\u00f6ll\u00e4 on valtavan suuri merkitys sosiaali- ja terveysalan palvelujen vaikuttavuuden kehitt\u00e4misty\u00f6ss\u00e4. On t\u00e4rke\u00e4\u00e4, ett\u00e4 hoito- ja sosiaality\u00f6ntekij\u00f6iden asiantuntemus otetaan k\u00e4ytt\u00f6\u00f6n kaikessa p\u00e4\u00e4t\u00f6ksenteossa, my\u00f6s eduskunnassa, sairaanhoitajataustainen ja tohtoriksi v\u00e4itellyt, nyky\u00e4\u00e4n eduskunnan ensimm\u00e4isen\u00e4 varapuhemiehen\u00e4 toimiva&nbsp;<strong>Paula Risikko&nbsp;<\/strong>muistuttaa.<\/p>\n\n\n\n<p>Hoitoty\u00f6n osaajat ovat aiemminkin k\u00e4yneet keskustelua ja hoitoty\u00f6ll\u00e4 on ollut asema eduskunnassa, mutta nyt hoitoty\u00f6n verkoston perustamisen my\u00f6t\u00e4 dialogia s\u00e4\u00e4nn\u00f6llistet\u00e4\u00e4n ja tehd\u00e4\u00e4n strategisemmaksi. Kutsumalla hoitoty\u00f6n verkosto koolle puheenjohtajisto haluaa lis\u00e4t\u00e4 vauhtia toimintaan ja pit\u00e4\u00e4 hoitoty\u00f6n asemaa paremmin yll\u00e4 yhteiskunnassa ja p\u00e4\u00e4t\u00f6ksenteossa. Perustamiskokouksessa jaettiin yhteinen toive verkostosta matalan kynnyksen foorumina tuoda esille hoitoty\u00f6n kuulumisia, haasteita ja kokemuksia asiakaspinnasta.&nbsp;<\/p>\n\n\n\n<p>Eduskunnan hoitoty\u00f6n verkoston on tarkoitus jatkossa kokoontua noin 2\u20134 kertaa vuodessa. Verkostoon voi liitty\u00e4 kuka tahansa kansanedustaja yli puoluerajojen.<\/p>\n\n\n\n<p>Verkostossa ovat asiantuntijatahoina Akavan sairaanhoitajat ja Taja ry, Hallintoylihoitajat ry, Hoitotieteiden tutkimusseura (HTTS), Hoitoty\u00f6n tutkimuss\u00e4\u00e4ti\u00f6 (Hotus), Kliiniset asiantuntijat YAMK (KLIAS ry), K\u00e4til\u00f6liitto, Sairaanhoitajien koulutuss\u00e4\u00e4ti\u00f6 (SHKS), Sasky koulutuskuntayhtym\u00e4, STAL ry, Suomen ammattikorkeakoulujen terveysalan verkosto, Suomen Ensihoitoalan liitto, Suomen Sairaanhoitajat, SuPer, Talentia, Tehy, Terveydenhoitajaliitto, Terveydenhuollon osastonjohtajat ry, Turun yliopiston hoitotieteen laitos, edustaja erikoissairaanhoidon puolelta (HUS psykiatria), Hoiverke-verkosto, edustaja perusterveydenhuollon puolelta ja Hotuksen ja Suomen JBI-keskuksen Neuvottelukunta sek\u00e4 STM.<\/p>\n","protected":false},"excerpt":{"rendered":"<p>Tiedote 18.6.2024 Eduskunnan hoitoty\u00f6n verkoston perustamiskokouksessa 17.6.2024 puheenjohtajaksi valittiin&nbsp;Lotta Hamari&nbsp;(sd) ja varapuheenjohtajaksi&nbsp;Sari Sarkomaa&nbsp;(kok). Verkoston tarkoituksena on vahvistaa hoitoty\u00f6n alan dialogia ja lis\u00e4t\u00e4 tiedonv\u00e4lityst\u00e4 eduskunnan ja alan asiantuntijoiden v\u00e4lill\u00e4. \u2013 Pid\u00e4n merkitt\u00e4v\u00e4n\u00e4 n\u00e4ytt\u00f6\u00f6n perustuvan hoitoty\u00f6n edist\u00e4mist\u00e4 sek\u00e4 sit\u00e4, ett\u00e4 alan asiantuntijoiden \u00e4\u00e4ni kuuluisi p\u00e4\u00e4tt\u00e4jille etenkin nyt hyvinvointialueiden aloitettua ty\u00f6ns\u00e4. T\u00e4m\u00e4n eteen t\u00e4ss\u00e4 verkostossa tehd\u00e4 t\u00f6it\u00e4 yli <a href=\"https:\/\/www.sarisarkomaa.fi\/?p=12522\" class=\"more-link\">...jatka lukemista<span class=\"screen-reader-text\"> \"Eduskunnan Hoitoty\u00f6n verkosto j\u00e4rjest\u00e4ytyi\"<\/span><\/a><\/p>\n","protected":false},"author":1,"featured_media":0,"comment_status":"closed","ping_status":"open","sticky":false,"template":"","format":"standard","meta":[],"categories":[1,4],"tags":[],"_links":{"self":[{"href":"https:\/\/www.sarisarkomaa.fi\/index.php?rest_route=\/wp\/v2\/posts\/12522"}],"collection":[{"href":"https:\/\/www.sarisarkomaa.fi\/index.php?rest_route=\/wp\/v2\/posts"}],"about":[{"href":"https:\/\/www.sarisarkomaa.fi\/index.php?rest_route=\/wp\/v2\/types\/post"}],"author":[{"embeddable":true,"href":"https:\/\/www.sarisarkomaa.fi\/index.php?rest_route=\/wp\/v2\/users\/1"}],"replies":[{"embeddable":true,"href":"https:\/\/www.sarisarkomaa.fi\/index.php?rest_route=%2Fwp%2Fv2%2Fcomments&post=12522"}],"version-history":[{"count":2,"href":"https:\/\/www.sarisarkomaa.fi\/index.php?rest_route=\/wp\/v2\/posts\/12522\/revisions"}],"predecessor-version":[{"id":12525,"href":"https:\/\/www.sarisarkomaa.fi\/index.php?rest_route=\/wp\/v2\/posts\/12522\/revisions\/12525"}],"wp:attachment":[{"href":"https:\/\/www.sarisarkomaa.fi\/index.php?rest_route=%2Fwp%2Fv2%2Fmedia&parent=12522"}],"wp:term":[{"taxonomy":"category","embeddable":true,"href":"https:\/\/www.sarisarkomaa.fi\/index.php?rest_route=%2Fwp%2Fv2%2Fcategories&post=12522"},{"taxonomy":"post_tag","embeddable":true,"href":"https:\/\/www.sarisarkomaa.fi\/index.php?rest_route=%2Fwp%2Fv2%2Ftags&post=12522"}],"curies":[{"name":"wp","href":"https:\/\/api.w.org\/{rel}","templated":true}]}}