{"id":12694,"date":"2024-12-02T08:55:08","date_gmt":"2024-12-02T06:55:08","guid":{"rendered":"https:\/\/www.sarisarkomaa.fi\/?p=12694"},"modified":"2024-12-02T08:55:08","modified_gmt":"2024-12-02T06:55:08","slug":"kannykat-kuriin-myos-valitunneilla-sari-sarkomaa-ehdottaa-lakiesitykseen-rajoitusten-laajentamista","status":"publish","type":"post","link":"https:\/\/www.sarisarkomaa.fi\/?p=12694","title":{"rendered":"K\u00e4nnyk\u00e4t kuriin my\u00f6s v\u00e4litunneilla \u2013 Sari Sarkomaa ehdottaa lakiesitykseen rajoitusten laajentamista"},"content":{"rendered":"\n<p>1.12.2024\u00a0|\u00a0Tiedote<\/p>\n\n\n\n<p><strong>Kokoomuksen helsinkil\u00e4inen kansanedustaja Sari Sarkomaa ehdottaa, ett\u00e4 puhelinten ja \u00e4lylaitteiden k\u00e4ytt\u00f6rajoitukset peruskouluissa ulotettaisiin koskemaan my\u00f6s v\u00e4litunteja.<\/strong><\/p>\n\n\n\n<figure class=\"wp-block-image\"><img src=\"https:\/\/www.sttinfo.fi\/data\/images\/public\/69819275\/70723073\/79d614c8-64ef-4975-a2e7-e7252abe0236-w_720.jpg\" alt=\"Sari Sarkomaa. Kuvaaja: Kristian Tervo.\"\/><figcaption>Sari Sarkomaa. Kuvaaja: Kristian Tervo.<strong><\/strong><\/figcaption><\/figure>\n\n\n\n<p>\u201dV\u00e4litunnit tulisi omistaa esimerkiksi liikkumiseen ja sosiaalisiin kohtaamisiin. Tutkimusten mukaan nuorten liikkuminen ja sosiaaliset taidot ovat t\u00e4rkeit\u00e4 hyvinvoinnin ja terveyden n\u00e4k\u00f6kulmasta. N\u00e4it\u00e4 opitaan yhdess\u00e4 muiden kanssa toimiessa,\u201d Sarkomaa sanoo.<\/p>\n\n\n\n<p>Sarkomaa pit\u00e4\u00e4 v\u00e4ltt\u00e4m\u00e4tt\u00f6m\u00e4n\u00e4, ett\u00e4 hallitusneuvotteluissa sovittu puhelimien ja muiden mobiililaitteiden k\u00e4ytt\u00f6\u00e4 oppitunnin aikana rajoittava lakiesitys annetaan pian eduskunnan k\u00e4sittelyyn. Esityksen arvioidaan saapuvan eduskuntaan viel\u00e4 t\u00e4n\u00e4 vuonna.<\/p>\n\n\n\n<p>\u201dTervetullut lakiesitys edist\u00e4\u00e4 oppilaiden, opettajien kuin koulun muun henkil\u00f6kunnan ty\u00f6rauhaa ja turvallisuutta sek\u00e4 oppilaiden parempia oppimistuloksia ja hyvinvointia,\u201d summaa Sarkomaa.<\/p>\n\n\n\n<p>Suomi on asiassa muita Pohjoismaita j\u00e4ljess\u00e4. Tanskassa matkapuhelimia ei l\u00e4ht\u00f6kohtaisesti saa k\u00e4ytt\u00e4\u00e4 peruskouluissa. K\u00e4nnykk\u00e4parkit ovat mm. Norjassa ja Ruotsissa arkip\u00e4iv\u00e4\u00e4.&nbsp; Ruotsissa mobiililaitteita saa k\u00e4ytt\u00e4\u00e4 koulussa vain opettajan hyv\u00e4ksynn\u00e4ll\u00e4 ja tulossa on lains\u00e4\u00e4d\u00e4nt\u00f6, jossa luvanvaraisuus laajennetaan koskemaan my\u00f6s v\u00e4litunteja vuosiluokilla 1\u20139. K\u00e4ytt\u00f6 on mahdollista opettajan ohjeistuksesta tai l\u00e4\u00e4ketieteellisest\u00e4 syyst\u00e4.<\/p>\n\n\n\n<p>\u201dLapsen n\u00e4k\u00f6kulmasta koulup\u00e4iv\u00e4 muodostaa kokonaisuuden. T\u00e4m\u00e4n vuoksi tulisi pikaisesti viel\u00e4 arvioida mahdollisuus s\u00e4\u00e4t\u00e4\u00e4 puhelimien ja muiden mobiililaitteiden k\u00e4yt\u00f6st\u00e4 koko koulup\u00e4iv\u00e4n ajalta, my\u00f6s v\u00e4lituntien, eik\u00e4 ainoastaan oppituntien. Lis\u00e4ksi tulisi selvitt\u00e4\u00e4 mobiililaitteiden k\u00e4ytt\u00f6\u00e4 koskevien s\u00e4\u00e4nn\u00f6sten ulottamista my\u00f6s perusopetuslain mukaiseen aamu- ja iltap\u00e4iv\u00e4toimintaan,\u201d Sarkomaa toteaa.<\/p>\n\n\n\n<p>Sarkomaan esille nostamat k\u00e4ytt\u00f6rajoitukset tukisivat my\u00f6s samassa lakiesityksess\u00e4 olevaa ehdotusta lis\u00e4t\u00e4 liikunnallisen el\u00e4m\u00e4ntavan edist\u00e4minen osaksi esi- ja perusopetuksen tavoitteita.<\/p>\n\n\n\n<p><strong>Yhteyshenkil\u00f6t<br><\/strong>Sari Sarkomaa<br>Kansanedustaja<br>Helsingin vaalipiiri<\/p>\n\n\n\n<p>Puh: 050 511 3033<br>sari.sarkomaa@eduskunta.fi<\/p>\n","protected":false},"excerpt":{"rendered":"<p>1.12.2024\u00a0|\u00a0Tiedote Kokoomuksen helsinkil\u00e4inen kansanedustaja Sari Sarkomaa ehdottaa, ett\u00e4 puhelinten ja \u00e4lylaitteiden k\u00e4ytt\u00f6rajoitukset peruskouluissa ulotettaisiin koskemaan my\u00f6s v\u00e4litunteja. \u201dV\u00e4litunnit tulisi omistaa esimerkiksi liikkumiseen ja sosiaalisiin kohtaamisiin. Tutkimusten mukaan nuorten liikkuminen ja sosiaaliset taidot ovat t\u00e4rkeit\u00e4 hyvinvoinnin ja terveyden n\u00e4k\u00f6kulmasta. N\u00e4it\u00e4 opitaan yhdess\u00e4 muiden kanssa toimiessa,\u201d Sarkomaa sanoo. Sarkomaa pit\u00e4\u00e4 v\u00e4ltt\u00e4m\u00e4tt\u00f6m\u00e4n\u00e4, ett\u00e4 hallitusneuvotteluissa sovittu puhelimien ja muiden <a href=\"https:\/\/www.sarisarkomaa.fi\/?p=12694\" class=\"more-link\">...jatka lukemista<span class=\"screen-reader-text\"> \"K\u00e4nnyk\u00e4t kuriin my\u00f6s v\u00e4litunneilla \u2013 Sari Sarkomaa ehdottaa lakiesitykseen rajoitusten laajentamista\"<\/span><\/a><\/p>\n","protected":false},"author":1,"featured_media":0,"comment_status":"closed","ping_status":"open","sticky":false,"template":"","format":"standard","meta":[],"categories":[4],"tags":[],"_links":{"self":[{"href":"https:\/\/www.sarisarkomaa.fi\/index.php?rest_route=\/wp\/v2\/posts\/12694"}],"collection":[{"href":"https:\/\/www.sarisarkomaa.fi\/index.php?rest_route=\/wp\/v2\/posts"}],"about":[{"href":"https:\/\/www.sarisarkomaa.fi\/index.php?rest_route=\/wp\/v2\/types\/post"}],"author":[{"embeddable":true,"href":"https:\/\/www.sarisarkomaa.fi\/index.php?rest_route=\/wp\/v2\/users\/1"}],"replies":[{"embeddable":true,"href":"https:\/\/www.sarisarkomaa.fi\/index.php?rest_route=%2Fwp%2Fv2%2Fcomments&post=12694"}],"version-history":[{"count":1,"href":"https:\/\/www.sarisarkomaa.fi\/index.php?rest_route=\/wp\/v2\/posts\/12694\/revisions"}],"predecessor-version":[{"id":12695,"href":"https:\/\/www.sarisarkomaa.fi\/index.php?rest_route=\/wp\/v2\/posts\/12694\/revisions\/12695"}],"wp:attachment":[{"href":"https:\/\/www.sarisarkomaa.fi\/index.php?rest_route=%2Fwp%2Fv2%2Fmedia&parent=12694"}],"wp:term":[{"taxonomy":"category","embeddable":true,"href":"https:\/\/www.sarisarkomaa.fi\/index.php?rest_route=%2Fwp%2Fv2%2Fcategories&post=12694"},{"taxonomy":"post_tag","embeddable":true,"href":"https:\/\/www.sarisarkomaa.fi\/index.php?rest_route=%2Fwp%2Fv2%2Ftags&post=12694"}],"curies":[{"name":"wp","href":"https:\/\/api.w.org\/{rel}","templated":true}]}}