{"id":12718,"date":"2025-01-13T10:01:28","date_gmt":"2025-01-13T08:01:28","guid":{"rendered":"https:\/\/www.sarisarkomaa.fi\/?p=12718"},"modified":"2025-01-13T10:03:36","modified_gmt":"2025-01-13T08:03:36","slug":"vihdoinkin-kannykat-kuriin-peruskouluissa","status":"publish","type":"post","link":"https:\/\/www.sarisarkomaa.fi\/?p=12718","title":{"rendered":"Vihdoinkin k\u00e4nnyk\u00e4t kuriin peruskouluissa"},"content":{"rendered":"\n<p><a href=\"https:\/\/puheenvuoro.uusisuomi.fi\/sarisarkomaa\/vihdoinkin-kannykat-kuriin-peruskouluissa\/\">Uusi Suomi Puheenvuoro 31.1.202<\/a>4<\/p>\n\n\n\n<p>Eduskuntaan ehti kuin ehtikin viel\u00e4 vuoden lopussa pitk\u00e4\u00e4n odotettu ja v\u00e4ltt\u00e4m\u00e4t\u00f6n lakiesitys, joilla pyrit\u00e4\u00e4n saamaan peruskouluissamme h\u00e4iritsev\u00e4 \u00e4lylaitteiden k\u00e4ytt\u00f6 kuriin. Lakiesityksest\u00e4 sovimme hallitusneuvotteluissa ja esityst\u00e4 on odotettu ja kiritetty monin tavoin. Tervetullut lakiesitys edist\u00e4\u00e4 oppilaiden ja opettajien ty\u00f6rauhaa. Ty\u00f6rauhalla on suora yhteys oppimistuloksiin ja oppilaiden sek\u00e4 opettajien sek\u00e4 muun koulun henkil\u00f6st\u00f6n hyvinvointiin.<\/p>\n\n\n\n<p>Lakiesityksess\u00e4 puhelimien ja muiden mobiililaitteiden k\u00e4ytt\u00f6 esitet\u00e4\u00e4n peruskoulussa kiellett\u00e4v\u00e4ksi. Opettajan tai rehtorin luvalla laitetta saisi k\u00e4ytt\u00e4\u00e4 oppimistarkoitukseen tai oman terveyden hoitamiseen.&nbsp;<\/p>\n\n\n\n<p>Iloitsen, lakiesitykseen sis\u00e4llytetty my\u00f6s k\u00e4nnyk\u00f6iden kuriin laittaminen v\u00e4litunneilla. Lakimuutoksen j\u00e4lkeen koulujen olisi m\u00e4\u00e4ritelt\u00e4v\u00e4 s\u00e4\u00e4nn\u00f6iss\u00e4\u00e4n, miten puhelimia saa k\u00e4ytt\u00e4\u00e4 v\u00e4litunneilla ja miten niit\u00e4 s\u00e4ilytet\u00e4\u00e4n koulup\u00e4iv\u00e4n aikana. Olen asiaa sitke\u00e4sti kiritt\u00e4nyt.<\/p>\n\n\n\n<p>V\u00e4litunnit tulisi omistaa p\u00e4\u00e4osin esimerkiksi liikkumiseen ja sosiaalisiin kohtaamisiin. Tutkimusten mukaan nuorten liikkuminen ja sosiaaliset taidot ovat t\u00e4rkeit\u00e4 hyvinvoinnin ja terveyden n\u00e4k\u00f6kulmasta. N\u00e4it\u00e4 opitaan yhdess\u00e4 muiden kanssa toimiessa.&nbsp;<\/p>\n\n\n\n<p>Suomi on asiassa muita Pohjoismaita j\u00e4ljess\u00e4. Tanskassa matkapuhelimia ei l\u00e4ht\u00f6kohtaisesti saa k\u00e4ytt\u00e4\u00e4 peruskouluissa. K\u00e4nnykk\u00e4parkit ovat mm. Norjassa ja Ruotsissa arkip\u00e4iv\u00e4\u00e4.&nbsp; Ruotsissa mobiililaitteita saa k\u00e4ytt\u00e4\u00e4 koulussa vain opettajan hyv\u00e4ksynn\u00e4ll\u00e4 ja tulossa on lains\u00e4\u00e4d\u00e4nt\u00f6, jossa luvanvaraisuus laajennetaan koskemaan my\u00f6s v\u00e4litunteja vuosiluokilla 1\u20139. K\u00e4ytt\u00f6 on mahdollista opettajan ohjeistuksesta tai l\u00e4\u00e4ketieteellisest\u00e4 syyst\u00e4.<\/p>\n\n\n\n<p>Kannustan my\u00f6s edist\u00e4m\u00e4\u00e4n ehdotustani selvitt\u00e4\u00e4 mobiililaitteiden k\u00e4ytt\u00f6rajoitusten ulottamista my\u00f6s perusopetuslain mukaiseen aamu- ja iltap\u00e4iv\u00e4toimintaan.<\/p>\n\n\n\n<p>Suomessa hankitaan puhelimet lapsille hyvin varhain ja l\u00e4hes kaikilta koululaisilta sellainen l\u00f6ytyy. Melkein jokainen \u00e4lypuhelimen omistava lapsi viett\u00e4\u00e4 ruudulla aikaa enemm\u00e4n kuin suositellaan.&nbsp;<\/p>\n\n\n\n<p>Helsingiss\u00e4 olemme asettanet tavoitteeksi edist\u00e4\u00e4 yhdess\u00e4 kotien kanssa digilaitteiden turvallista ja terveellist\u00e4 k\u00e4ytt\u00f6\u00e4. Jatkossa kouluissamme opetetaan oman ruutuajan seuraamista sek\u00e4 vastuullista mediank\u00e4ytt\u00f6\u00e4.&nbsp;<\/p>\n\n\n\n<p>Selv\u00e4\u00e4 on, ett\u00e4 tarvitsemme laajempia toimia yh\u00e4 useamman lapsen ja nuoren el\u00e4m\u00e4n vallanneeseen sosiaalisen median k\u00e4ytt\u00f6\u00f6n arjessa. Teht\u00e4v\u00e4\u00e4 ei saa j\u00e4tt\u00e4\u00e4 yksin koulujen harteille. Lapsen ja meid\u00e4n aikuistenkin on opittava, ett\u00e4 ihmisen pit\u00e4\u00e4&nbsp;hallita teknologiaa ja puhelintaan eik\u00e4 p\u00e4invastoin.<\/p>\n\n\n\n<p>Juuri edusnnalle annetussa lakiesityksess\u00e4 esitet\u00e4\u00e4n my\u00f6s lis\u00e4tt\u00e4v\u00e4ksi&nbsp; liikunnallisen el\u00e4m\u00e4ntavan edist\u00e4minen osaksi esi- ja perusopetuksen tavoitteita. T\u00e4m\u00e4 on ilahduttava ty\u00f6voitto. Enemmist\u00f6 suomalaislapsista ei liiku terveytens\u00e4 ja hyvinvointinsa kannalta riitt\u00e4v\u00e4sti. On viisasta lis\u00e4t\u00e4 koko koulup\u00e4iv\u00e4\u00e4n liikuntaa ja ennenkaikkea toimia, joilla jokainen lapsi l\u00f6yt\u00e4isi oman tavan liikkua ja mieluusti my\u00f6s liikunnan ilon.<\/p>\n\n\n\n<p>Liikunta edist\u00e4\u00e4 lasten ja nuorten normaalia kasvua ja kehityst\u00e4 sek\u00e4 tutkitusti my\u00f6s oppimista.&nbsp;&nbsp;Liikunnan lis\u00e4\u00e4minen tarjoaa parhaimillaan ilon, leikin ja riemun l\u00e4hteen oppilaille.<\/p>\n\n\n\n<p>L\u00e4het\u00e4n kuukausittain ajankohtaiset kuulumiset eduskunnasta ja Helsingin kaupunkipolitiikasta. Voit tilata eduskuntaterveiseni l\u00e4hett\u00e4m\u00e4ll\u00e4 s\u00e4hk\u00f6postia sari.sarkomaa(at)eduskunta.fi<\/p>\n\n\n\n<p>Ajatuksesi ja palaute ovat t\u00e4rkeit\u00e4, pidet\u00e4\u00e4n yhteytt\u00e4.<\/p>\n\n\n\n<p>Terveytt\u00e4 ja iloa uudelle vuodelle 2025<\/p>\n","protected":false},"excerpt":{"rendered":"<p>Uusi Suomi Puheenvuoro 31.1.2024 Eduskuntaan ehti kuin ehtikin viel\u00e4 vuoden lopussa pitk\u00e4\u00e4n odotettu ja v\u00e4ltt\u00e4m\u00e4t\u00f6n lakiesitys, joilla pyrit\u00e4\u00e4n saamaan peruskouluissamme h\u00e4iritsev\u00e4 \u00e4lylaitteiden k\u00e4ytt\u00f6 kuriin. Lakiesityksest\u00e4 sovimme hallitusneuvotteluissa ja esityst\u00e4 on odotettu ja kiritetty monin tavoin. Tervetullut lakiesitys edist\u00e4\u00e4 oppilaiden ja opettajien ty\u00f6rauhaa. Ty\u00f6rauhalla on suora yhteys oppimistuloksiin ja oppilaiden sek\u00e4 opettajien sek\u00e4 muun koulun henkil\u00f6st\u00f6n <a href=\"https:\/\/www.sarisarkomaa.fi\/?p=12718\" class=\"more-link\">...jatka lukemista<span class=\"screen-reader-text\"> \"Vihdoinkin k\u00e4nnyk\u00e4t kuriin peruskouluissa\"<\/span><\/a><\/p>\n","protected":false},"author":1,"featured_media":0,"comment_status":"closed","ping_status":"open","sticky":false,"template":"","format":"standard","meta":[],"categories":[8],"tags":[],"_links":{"self":[{"href":"https:\/\/www.sarisarkomaa.fi\/index.php?rest_route=\/wp\/v2\/posts\/12718"}],"collection":[{"href":"https:\/\/www.sarisarkomaa.fi\/index.php?rest_route=\/wp\/v2\/posts"}],"about":[{"href":"https:\/\/www.sarisarkomaa.fi\/index.php?rest_route=\/wp\/v2\/types\/post"}],"author":[{"embeddable":true,"href":"https:\/\/www.sarisarkomaa.fi\/index.php?rest_route=\/wp\/v2\/users\/1"}],"replies":[{"embeddable":true,"href":"https:\/\/www.sarisarkomaa.fi\/index.php?rest_route=%2Fwp%2Fv2%2Fcomments&post=12718"}],"version-history":[{"count":3,"href":"https:\/\/www.sarisarkomaa.fi\/index.php?rest_route=\/wp\/v2\/posts\/12718\/revisions"}],"predecessor-version":[{"id":12723,"href":"https:\/\/www.sarisarkomaa.fi\/index.php?rest_route=\/wp\/v2\/posts\/12718\/revisions\/12723"}],"wp:attachment":[{"href":"https:\/\/www.sarisarkomaa.fi\/index.php?rest_route=%2Fwp%2Fv2%2Fmedia&parent=12718"}],"wp:term":[{"taxonomy":"category","embeddable":true,"href":"https:\/\/www.sarisarkomaa.fi\/index.php?rest_route=%2Fwp%2Fv2%2Fcategories&post=12718"},{"taxonomy":"post_tag","embeddable":true,"href":"https:\/\/www.sarisarkomaa.fi\/index.php?rest_route=%2Fwp%2Fv2%2Ftags&post=12718"}],"curies":[{"name":"wp","href":"https:\/\/api.w.org\/{rel}","templated":true}]}}