{"id":12900,"date":"2025-06-09T14:58:20","date_gmt":"2025-06-09T12:58:20","guid":{"rendered":"https:\/\/www.sarisarkomaa.fi\/?p=12900"},"modified":"2025-06-11T12:29:54","modified_gmt":"2025-06-11T10:29:54","slug":"eduskunnan-hoitotyon-verkoston-puheenjohtajisto-hoitotyon-johtaminen-on-kirjattava-selvemmin-lakiin","status":"publish","type":"post","link":"https:\/\/www.sarisarkomaa.fi\/?p=12900","title":{"rendered":"Eduskunnan hoitoty\u00f6n verkoston puheenjohtajisto: Hoitoty\u00f6n johtaminen on kirjattava selvemmin lakiin"},"content":{"rendered":"\n<p><strong>Eduskunnan hoitoty\u00f6n verkoston puheenjohtaja, kansanedustaja&nbsp;<em>Lotta Hamari<\/em>&nbsp;(sd.) ja varapuheenjohtaja, kansanedustaja&nbsp;<em>Sari Sarkomaa<\/em>&nbsp;(kok.) ovat j\u00e4tt\u00e4neet lakialoitteen, jossa ehdotetaan s\u00e4\u00e4dett\u00e4v\u00e4ksi hoitoty\u00f6n johtajan asemasta lakiin. Tavoitteena on turvata hoitoty\u00f6n ammatillinen johtaminen ja varmistaa sen asema kaikilla hyvinvointialueilla.<\/strong><\/p>\n\n\n\n<p>Hoitoty\u00f6n verkosto j\u00e4tti asiasta kirjallisen kysymyksen (KK 125\/2025) kev\u00e4\u00e4ll\u00e4. Ministeri vastasi, ett\u00e4 he tulevat harkitsemaan s\u00e4\u00e4d\u00f6smuutostarpeita hyvinvointialueiden hallintoa koskevaan s\u00e4\u00e4ntelyyn.<\/p>\n\n\n\n<p>\u2013 Iloitsemme ministerin vastauksesta kirjalliseen kysymykseemme. Meilt\u00e4 on nyt lakialoite asiasta j\u00e4tetty ja tuemme vahvasti ministerin ty\u00f6t\u00e4 varmistaa hoitoty\u00f6n profession johtaminen s\u00e4\u00e4d\u00f6sperusteisesti, toteaa hoitoty\u00f6n verkoston puheenjohtajisto.<\/p>\n\n\n\n<p>Hoitoty\u00f6n johtaja toimisi vastaavan l\u00e4\u00e4k\u00e4rin rinnalla vastaten hoitoty\u00f6n ammatillisesta johtamisesta, organisoinnista sek\u00e4 n\u00e4ytt\u00f6\u00f6n ja hyviin hoito- ja toimintak\u00e4yt\u00e4nt\u00f6ihin perustuvasta kehitt\u00e4misest\u00e4 ja tutkimuksesta.<\/p>\n\n\n\n<p>\u2013 Hoitoty\u00f6n johtaminen ei ole hallinnollinen tukitoimi, vaan olennainen osa palveluiden sis\u00e4ll\u00f6llist\u00e4 johtamista. Haastavassa taloudellisessa tilanteessa on erityisen t\u00e4rke\u00e4 edist\u00e4\u00e4 hyvinvointialueiden toiminnan vaikuttavuutta. Hoitoty\u00f6ntekij\u00e4t ovat soten suurin ammattiryhm\u00e4 ja siten ei ole yhdentekev\u00e4\u00e4, miten t\u00e4t\u00e4 ammattiryhm\u00e4\u00e4 johdetaan, sanoo Lotta Hamari, Hoitoty\u00f6n verkoston puheenjohtaja.<\/p>\n\n\n\n<p>Tutkimukset osoittavat, ett\u00e4 vahva hoitoty\u00f6n johtaminen parantaa henkil\u00f6st\u00f6n ty\u00f6hyvinvointia, palveluiden laatua ja hoidon vaikuttavuutta. Ammatillinen johtajuus tukee my\u00f6s henkil\u00f6st\u00f6n pysyvyytt\u00e4 ja mahdollistaa resurssien tarkoituksenmukaisen k\u00e4yt\u00f6n.<\/p>\n\n\n\n<p>\u2013 Tarvitsemme enemm\u00e4n toimia n\u00e4ytt\u00f6\u00f6n perustuvan hoitoty\u00f6n edist\u00e4miseksi sek\u00e4 ratkaisemaan sote-alan monimutkaisia ongelmia ja edist\u00e4m\u00e4\u00e4n hoidon vaikuttavuutta. Lakialoitteella vahvistetaan hoitoty\u00f6n johtamisen asemaa ja varmistetaan, ett\u00e4 osaamista hy\u00f6dynnet\u00e4\u00e4n t\u00e4ysim\u00e4\u00e4r\u00e4isesti palveluiden kehitt\u00e4misess\u00e4, sanoo varapuheenjohtaja Sari Sarkomaa.<\/p>\n\n\n\n<p>Eduskunnan hoitoty\u00f6n verkosto katsoo, ett\u00e4 hoitoty\u00f6n johtaminen vaatii oman tieteenalan koulutuksen saaneen ja substanssinsa tuntevan johtoteht\u00e4v\u00e4ns\u00e4 l\u00e4\u00e4ketieteen ja sosiaality\u00f6n johtamisen rinnalle.<\/p>\n\n\n\n<p>Laki korjaisi tilanteen, jossa hoitoty\u00f6n johtamismallit ja -rakenteet ovat osassa alueista puutteellisia ja hyvin erilaisia eri alueilla. Hoitoty\u00f6n johtamisen merkityst\u00e4 palveluiden vaikuttavuudelle, laadulle ja kustannuss\u00e4\u00e4st\u00f6ille ei kaikkialla ymm\u00e4rret\u00e4.<\/p>\n\n\n\n<p>Eduskunnan hoitoty\u00f6n verkoston tarkoituksena on vahvistaa hoitoty\u00f6n alan dialogia ja lis\u00e4t\u00e4 tiedonv\u00e4lityst\u00e4 eduskunnan ja alan asiantuntijoiden v\u00e4lill\u00e4. Verkosto edist\u00e4\u00e4 n\u00e4ytt\u00f6\u00f6n perustuvaa hoitoty\u00f6t\u00e4 ja sit\u00e4, ett\u00e4 alan asiantuntijoiden \u00e4\u00e4ni kuuluisi p\u00e4\u00e4tt\u00e4jille. Verkostoon voi liitty\u00e4 kuka tahansa kansanedustaja ja lis\u00e4ksi mukana on kymmeni\u00e4 hoitoalan asiantuntijatahoja.<\/p>\n\n\n\n<h2>Lotta Hamari<\/h2>\n\n\n\n<h2><small>Kansanedustaja<\/small><\/h2>\n\n\n\n<p>Puh: <a href=\"tel:0504784414\">0504784414<\/a><\/p>\n\n\n\n<p><a href=\"mailto:lotta.hamari@eduskunta.fi\">lotta.hamari@eduskunta.fi<\/a><\/p>\n\n\n\n<h2>Sari Sarkomaa<\/h2>\n\n\n\n<h2><small>Kansanedustaja<\/small><\/h2>\n\n\n\n<p>Puh: <a href=\"tel:09 432 3033\">09 432 3033<\/a><\/p>\n\n\n\n<p><a href=\"mailto:sari.sarkomaa@eduskunta.fi\">sari.sarkomaa@eduskunta.fi<\/a><\/p>\n","protected":false},"excerpt":{"rendered":"<p>Eduskunnan hoitoty\u00f6n verkoston puheenjohtaja, kansanedustaja&nbsp;Lotta Hamari&nbsp;(sd.) ja varapuheenjohtaja, kansanedustaja&nbsp;Sari Sarkomaa&nbsp;(kok.) ovat j\u00e4tt\u00e4neet lakialoitteen, jossa ehdotetaan s\u00e4\u00e4dett\u00e4v\u00e4ksi hoitoty\u00f6n johtajan asemasta lakiin. Tavoitteena on turvata hoitoty\u00f6n ammatillinen johtaminen ja varmistaa sen asema kaikilla hyvinvointialueilla. Hoitoty\u00f6n verkosto j\u00e4tti asiasta kirjallisen kysymyksen (KK 125\/2025) kev\u00e4\u00e4ll\u00e4. Ministeri vastasi, ett\u00e4 he tulevat harkitsemaan s\u00e4\u00e4d\u00f6smuutostarpeita hyvinvointialueiden hallintoa koskevaan s\u00e4\u00e4ntelyyn. \u2013 Iloitsemme ministerin <a href=\"https:\/\/www.sarisarkomaa.fi\/?p=12900\" class=\"more-link\">...jatka lukemista<span class=\"screen-reader-text\"> \"Eduskunnan hoitoty\u00f6n verkoston puheenjohtajisto: Hoitoty\u00f6n johtaminen on kirjattava selvemmin lakiin\"<\/span><\/a><\/p>\n","protected":false},"author":1,"featured_media":0,"comment_status":"closed","ping_status":"open","sticky":false,"template":"","format":"standard","meta":[],"categories":[4],"tags":[],"_links":{"self":[{"href":"https:\/\/www.sarisarkomaa.fi\/index.php?rest_route=\/wp\/v2\/posts\/12900"}],"collection":[{"href":"https:\/\/www.sarisarkomaa.fi\/index.php?rest_route=\/wp\/v2\/posts"}],"about":[{"href":"https:\/\/www.sarisarkomaa.fi\/index.php?rest_route=\/wp\/v2\/types\/post"}],"author":[{"embeddable":true,"href":"https:\/\/www.sarisarkomaa.fi\/index.php?rest_route=\/wp\/v2\/users\/1"}],"replies":[{"embeddable":true,"href":"https:\/\/www.sarisarkomaa.fi\/index.php?rest_route=%2Fwp%2Fv2%2Fcomments&post=12900"}],"version-history":[{"count":2,"href":"https:\/\/www.sarisarkomaa.fi\/index.php?rest_route=\/wp\/v2\/posts\/12900\/revisions"}],"predecessor-version":[{"id":12910,"href":"https:\/\/www.sarisarkomaa.fi\/index.php?rest_route=\/wp\/v2\/posts\/12900\/revisions\/12910"}],"wp:attachment":[{"href":"https:\/\/www.sarisarkomaa.fi\/index.php?rest_route=%2Fwp%2Fv2%2Fmedia&parent=12900"}],"wp:term":[{"taxonomy":"category","embeddable":true,"href":"https:\/\/www.sarisarkomaa.fi\/index.php?rest_route=%2Fwp%2Fv2%2Fcategories&post=12900"},{"taxonomy":"post_tag","embeddable":true,"href":"https:\/\/www.sarisarkomaa.fi\/index.php?rest_route=%2Fwp%2Fv2%2Ftags&post=12900"}],"curies":[{"name":"wp","href":"https:\/\/api.w.org\/{rel}","templated":true}]}}