{"id":12971,"date":"2025-09-16T09:31:06","date_gmt":"2025-09-16T07:31:06","guid":{"rendered":"https:\/\/www.sarisarkomaa.fi\/?p=12971"},"modified":"2025-09-16T09:31:06","modified_gmt":"2025-09-16T07:31:06","slug":"kesalomien-siirto-ja-lisaloma-kevaaseen-ihastuttaa-ja-vihastuttaa","status":"publish","type":"post","link":"https:\/\/www.sarisarkomaa.fi\/?p=12971","title":{"rendered":"Kes\u00e4lomien siirto ja lis\u00e4loma kev\u00e4\u00e4seen \u2013 ihastuttaa ja vihastuttaa"},"content":{"rendered":"\n<p>Yksi varma syksyn merkki on l\u00e4hes vuosittainen keskustelu koulujen kes\u00e4lomien siirrosta. Asiasta on erilaisia painavia mielipiteit\u00e4 ja siksi on hyv\u00e4 saada asiasta kunnollinen selvitys.<\/p>\n\n\n\n<p>Opetus- ja kulttuuriministeri\u00f6ss\u00e4 on parhaillaan k\u00e4ynniss\u00e4 selvitys, jonka tavoitteena on kartoittaa mahdollisen kes\u00e4loman siirt\u00e4misen vaikutukset, mahdollisuudet ja haasteet. Selvityksen on m\u00e4\u00e4r\u00e4&nbsp;valmistusta syyskuun lopussa.<\/p>\n\n\n\n<p>Aiemmin tehdyt selvitykset ovat olleet ty\u00f6- ja elinkeinoministeri\u00f6n toimialan n\u00e4k\u00f6kulmasta tehtyj\u00e4. Nyt tekeill\u00e4 olevassa&nbsp;selvityksess\u00e4 asiaa arvioidaan koulutusj\u00e4rjestelm\u00e4n ja oppimisen n\u00e4k\u00f6kulmasta.&nbsp;Perusopetuksen arviointiaikojen muuttamiselle on yhteys toisen asteen valintoihin, ylioppilaskirjoituksiin ja korkeakoulujen valintoihin. Lomien siirto vaikuttaisi my\u00f6s monin muin tavoin koko koulutusj\u00e4rjestelm\u00e4\u00e4mme varhaiskasvatuksesta l\u00e4htien. On syyt\u00e4 saada arvio my\u00f6s siit\u00e4, millaisia kustannuksia mahdollinen siirto aiheuttaisi.<\/p>\n\n\n\n<p>Huolta on her\u00e4tt\u00e4nyt erityisesti se, ett\u00e4 kes\u00e4lomien siirron my\u00f6t\u00e4 kev\u00e4tlukukaudesta tulisi liian pitk\u00e4 ja se, miten muutos vaikuttaisi oppimistuloksiin. Asian ratkaisuksi Opetusministeri Anders Adlercreutz (rkp) on pohdiskellut pidemp\u00e4\u00e4 p\u00e4\u00e4si\u00e4islomaa.<\/p>\n\n\n\n<p>Kolmen lapsen \u00e4itin\u00e4 tied\u00e4n ja muistan sen, ett\u00e4 koulujen loma-ajat vaativat aina merkitt\u00e4vi\u00e4 j\u00e4rjestelyj\u00e4. Kansanedustajana ja kaupunginvaltuutettuna saan asiasta s\u00e4\u00e4nn\u00f6llisesti huoliviestej\u00e4. Olen ollut onnekas, ett\u00e4 isovanhemmat ja pikkusiskoni ovat olleet aina apuna. Kaikilla ei ole tukiverkostoa, ty\u00f6paikat ja \u2013 tilanteet ovat hyvin moninaisia. Pidempien uusien lomakausien luominen voi olla monelle perheille merkitt\u00e4v\u00e4 huolenaihe. Perheet ovat tietenkin erilaisia, siksi lapsivaikutusten arviointi on asiassa olennainen. Kunnissa on joka tapauksessa syyt\u00e4 s\u00e4\u00e4nn\u00f6llisesti pohtia yhdess\u00e4 eri toimijoiden kanssa toimia, joilla voidaan edist\u00e4\u00e4 sit\u00e4, ett\u00e4 jokaisen lapsen loma ja koulup\u00e4iv\u00e4 olisi turvallinen ja hyv\u00e4.<\/p>\n\n\n\n<p>Elinkeinoel\u00e4m\u00e4 ja erityisesti matkailu- ja ravintola-ala ovat toistuvasti esitt\u00e4neet koulujen kes\u00e4lomien siirtoa kaikilla kouluasteilla. Perusteluna heill\u00e4 on arviot siit\u00e4, ett\u00e4 kes\u00e4loman ajankohdan siirrosta hy\u00f6tyisiv\u00e4t tuhannet, erityisesti pienet, matkailuyritykset. Tehdyn selvityksen mukaan nykyist\u00e4 useampi yritys voisi kes\u00e4lomien siirron my\u00f6t\u00e4 olla auki Euroopan parhaaseen loma-aikaan. T\u00e4m\u00e4n arvioidaan tuovan my\u00f6s lis\u00e4\u00e4 kes\u00e4ty\u00f6paikkoja. Nyt monet yritykset joutuvat sulkemaan ovensa, kun koulut alkavat.&nbsp;Selvityksess\u00e4 arvioitiin vaikutuksia siihen, ett\u00e4 koulujen kes\u00e4lomia siirrett\u00e4isiin muutamalla viikolla siten, ett\u00e4 loma alkaisi juhannuksena ja loppuisi elokuun lopussa.<\/p>\n\n\n\n<p>On p\u00e4\u00e4t\u00f6s kes\u00e4lomien osalta mik\u00e4 tahansa, on selv\u00e4\u00e4, ett\u00e4 Suomessa tarvitaan kipe\u00e4sti jo tehtyjen lis\u00e4ksi lis\u00e4\u00e4 vaikuttavia toimia matkailu- ja ravintola-alan toimintaedellytysten kohentamiseksi sek\u00e4 ylip\u00e4\u00e4t\u00e4\u00e4n yritt\u00e4jyyden toimintaedellytysten vahvistamiseksi.<\/p>\n\n\n\n<p>Kouluja koskevissa p\u00e4\u00e4t\u00f6ksiss\u00e4 on tietenkin aina oltava ensisijalla oppimisen ja opettamisen edellytysten edist\u00e4minen sek\u00e4 oppilaiden ja opettajien hyvinvointi. Odotan mielenkiinnolla pian valmistuvaa selvityst\u00e4.<\/p>\n\n\n\n<p>Mielell\u00e4\u00e4n kuulen n\u00e4kemyksesi ja ajatuksesi koulujen lomista.<\/p>\n\n\n\n<p>L\u00e4het\u00e4n kuukausittain ajankohtaiset kuulumiset eduskunnasta ja Helsingin kaupunkipolitiikasta. Voit tilata eduskuntaterveiseni l\u00e4hett\u00e4m\u00e4ll\u00e4 s\u00e4hk\u00f6postia sari.sarkomaa(at)eduskunta.fi<\/p>\n\n\n\n<p>Ajatuksesi ja palaute ovat t\u00e4rkeit\u00e4, pidet\u00e4\u00e4n yhteytt\u00e4.<\/p>\n","protected":false},"excerpt":{"rendered":"<p>Yksi varma syksyn merkki on l\u00e4hes vuosittainen keskustelu koulujen kes\u00e4lomien siirrosta. Asiasta on erilaisia painavia mielipiteit\u00e4 ja siksi on hyv\u00e4 saada asiasta kunnollinen selvitys. Opetus- ja kulttuuriministeri\u00f6ss\u00e4 on parhaillaan k\u00e4ynniss\u00e4 selvitys, jonka tavoitteena on kartoittaa mahdollisen kes\u00e4loman siirt\u00e4misen vaikutukset, mahdollisuudet ja haasteet. Selvityksen on m\u00e4\u00e4r\u00e4&nbsp;valmistusta syyskuun lopussa. Aiemmin tehdyt selvitykset ovat olleet ty\u00f6- ja elinkeinoministeri\u00f6n <a href=\"https:\/\/www.sarisarkomaa.fi\/?p=12971\" class=\"more-link\">...jatka lukemista<span class=\"screen-reader-text\"> \"Kes\u00e4lomien siirto ja lis\u00e4loma kev\u00e4\u00e4seen \u2013 ihastuttaa ja vihastuttaa\"<\/span><\/a><\/p>\n","protected":false},"author":1,"featured_media":0,"comment_status":"closed","ping_status":"open","sticky":false,"template":"","format":"standard","meta":[],"categories":[8],"tags":[],"_links":{"self":[{"href":"https:\/\/www.sarisarkomaa.fi\/index.php?rest_route=\/wp\/v2\/posts\/12971"}],"collection":[{"href":"https:\/\/www.sarisarkomaa.fi\/index.php?rest_route=\/wp\/v2\/posts"}],"about":[{"href":"https:\/\/www.sarisarkomaa.fi\/index.php?rest_route=\/wp\/v2\/types\/post"}],"author":[{"embeddable":true,"href":"https:\/\/www.sarisarkomaa.fi\/index.php?rest_route=\/wp\/v2\/users\/1"}],"replies":[{"embeddable":true,"href":"https:\/\/www.sarisarkomaa.fi\/index.php?rest_route=%2Fwp%2Fv2%2Fcomments&post=12971"}],"version-history":[{"count":1,"href":"https:\/\/www.sarisarkomaa.fi\/index.php?rest_route=\/wp\/v2\/posts\/12971\/revisions"}],"predecessor-version":[{"id":12972,"href":"https:\/\/www.sarisarkomaa.fi\/index.php?rest_route=\/wp\/v2\/posts\/12971\/revisions\/12972"}],"wp:attachment":[{"href":"https:\/\/www.sarisarkomaa.fi\/index.php?rest_route=%2Fwp%2Fv2%2Fmedia&parent=12971"}],"wp:term":[{"taxonomy":"category","embeddable":true,"href":"https:\/\/www.sarisarkomaa.fi\/index.php?rest_route=%2Fwp%2Fv2%2Fcategories&post=12971"},{"taxonomy":"post_tag","embeddable":true,"href":"https:\/\/www.sarisarkomaa.fi\/index.php?rest_route=%2Fwp%2Fv2%2Ftags&post=12971"}],"curies":[{"name":"wp","href":"https:\/\/api.w.org\/{rel}","templated":true}]}}