{"id":1389,"date":"2011-11-25T19:29:49","date_gmt":"2011-11-25T17:29:49","guid":{"rendered":"http:\/\/www.kaikupuro.fi\/SariSarkomaa\/?p=1389"},"modified":"2011-11-25T19:29:49","modified_gmt":"2011-11-25T17:29:49","slug":"pois-poteroista-kun-isanmaan-etu-niin-vaatii","status":"publish","type":"post","link":"https:\/\/www.sarisarkomaa.fi\/?p=1389","title":{"rendered":"Pois poteroista, kun is\u00e4nmaan etu niin vaatii"},"content":{"rendered":"<p>Eduskunta k\u00e4vi eilen keskustelun Suomen talousn\u00e4kymist\u00e4 ja valtiontalouden kehyksist\u00e4 vuosille 2012\u20132015. Perinteiseen tapaan keskustelu alkoi ryhmien puheenvuoroilla suuruusj\u00e4rjestyksess\u00e4. Valtiovarainvaliokunnan j\u00e4senen\u00e4 pidin kokoomuksen ryhm\u00e4puheenvuoron. Puheessani painotin sit\u00e4, ett\u00e4 julkisen talouden tasapainottamisessa on muistettava ottaa vanhat l\u00e4\u00e4kkeet, mutta my\u00f6s uusia tarvitaan. Annostelu on teht\u00e4v\u00e4 taiten niin, ett\u00e4 sivuvaikutukset talouskasvuun j\u00e4\u00e4v\u00e4t mahdollisimman pieniksi.<\/p>\n<p>Vaikka talouden n\u00e4kym\u00e4t tuleville vuosille ovat poikkeuksellisen sumuiset, kolmesta asiasta voimme kuitenkin olla aivan varmoja. Ensinn\u00e4kin, mit\u00e4 tehokkaammin tasapainotamme talouttamme, sit\u00e4 paremmin p\u00e4rj\u00e4\u00e4mme tulevissa talouden tyrskyiss\u00e4. Toiseksi, ilman ty\u00f6t\u00e4 ei ole hyvinvointia. Kolmanneksi, v\u00e4hemm\u00e4ll\u00e4 on saatava aikaan enemm\u00e4n ja parempaa. Jokaiselle eurolle ja sentille on l\u00f6ydett\u00e4v\u00e4 paras mahdollinen k\u00e4ytt\u00f6tarkoitus.<\/p>\n<p>Talouden n\u00e4kym\u00e4t ovat hallituksen muodostamisen j\u00e4lkeen synkentyneet entisest\u00e4\u00e4n. On selv\u00e4\u00e4, ett\u00e4 hallitusohjelmassa asetettuihin velka- ja alij\u00e4\u00e4m\u00e4tavoitteisiin ei p\u00e4\u00e4st\u00e4 t\u00e4h\u00e4n menness\u00e4 toteutetuilla toimenpiteill\u00e4. Odotteluun ei nyt ole varaa, vaan uusista sopeutustoimista on hallituksen p\u00e4\u00e4tett\u00e4v\u00e4 viimeist\u00e4\u00e4n alkukev\u00e4\u00e4st\u00e4 uuden valtiontalouden kehysp\u00e4\u00e4t\u00f6ksen yhteydess\u00e4.<\/p>\n<p>Niukkenevilla voimavaroilla on l\u00f6ydett\u00e4v\u00e4 ymp\u00e4rist\u00f6\u00e4 kunnioittavia, kest\u00e4v\u00e4\u00e4 kasvua luovia vipuvaikutuksia. Vaikka kannustinp\u00f6yt\u00e4\u00e4 ei taloudellisesti vaikeina aikoina voida kattaa kukkuroilleen, on huolehdittava siit\u00e4, ett\u00e4 Suomi s\u00e4ilyy hyv\u00e4n\u00e4 kotipes\u00e4n\u00e4 kaikenkokoisille yrityksille ja ett\u00e4 ty\u00f6n tekeminen on aina kannattavaa. My\u00f6s panostukset osaamiseen ja sivistykseen ovat parasta tulevaisuuden rakentamista.<\/p>\n<p>Hyvinvointiyhteiskuntamme tulevaisuuden ratkaisee se, miten hyvin onnistumme uudistamaan toimimattomia rakenteita. T\u00e4ss\u00e4 ty\u00f6ss\u00e4 kunta- ja palvelurakenneuudistus on aivan keskeinen ty\u00f6kalu. Velkaantunut valtio ei voi loputtomasti lis\u00e4t\u00e4 rahoitustaan kunnille. On rehellist\u00e4 my\u00f6nt\u00e4\u00e4, ett\u00e4 j\u00e4ljelle j\u00e4\u00e4 vain kaksi vaihtoehtoa: joko palveluita v\u00e4hennet\u00e4\u00e4n tai rakenteita muutetaan. Min\u00e4 ainakin olen palveluiden puolella.<\/p>\n<p>My\u00f6s suomalainen ty\u00f6el\u00e4m\u00e4 kaipaa rakenneuudistusta. Ty\u00f6urien pident\u00e4misess\u00e4 on olennaista, ett\u00e4 kaikki ty\u00f6kykyiset ja -haluiset saadaan mukaan ty\u00f6el\u00e4m\u00e4\u00e4n. Hyv\u00e4n ja perheyst\u00e4v\u00e4llisen ty\u00f6el\u00e4m\u00e4n on oltava jokaisen ty\u00f6ntekij\u00e4n oikeus.<\/p>\n<p>Hallituksen on valmistauduttava kev\u00e4\u00e4n kehysneuvotteluihin avoimin mielin ja valmiina uusiin linjauksiin. On aika k\u00f6mpi\u00e4 ulos poteroista, kun is\u00e4nmaamme etu sit\u00e4 vaatii. Euroopan kriisimailta olemme oppineet kouriintuntuvasti sen, ett\u00e4 hyvinvoinnin rakentaminen kuplan varaan tai jatkuva velkarahalla elvytt\u00e4minen voi lopulta k\u00e4yd\u00e4 koko hyvinvointiyhteiskunnan turmioksi.<\/p>\n","protected":false},"excerpt":{"rendered":"<p>Eduskunta k\u00e4vi eilen keskustelun Suomen talousn\u00e4kymist\u00e4 ja valtiontalouden kehyksist\u00e4 vuosille 2012\u20132015. Perinteiseen tapaan keskustelu alkoi ryhmien puheenvuoroilla suuruusj\u00e4rjestyksess\u00e4. Valtiovarainvaliokunnan j\u00e4senen\u00e4 pidin kokoomuksen ryhm\u00e4puheenvuoron. Puheessani painotin sit\u00e4, ett\u00e4 julkisen talouden tasapainottamisessa on muistettava ottaa vanhat l\u00e4\u00e4kkeet, mutta my\u00f6s uusia tarvitaan. Annostelu on teht\u00e4v\u00e4 taiten niin, ett\u00e4 sivuvaikutukset talouskasvuun j\u00e4\u00e4v\u00e4t mahdollisimman pieniksi. Vaikka talouden n\u00e4kym\u00e4t tuleville vuosille <a href=\"https:\/\/www.sarisarkomaa.fi\/?p=1389\" class=\"more-link\">...jatka lukemista<span class=\"screen-reader-text\"> \"Pois poteroista, kun is\u00e4nmaan etu niin vaatii\"<\/span><\/a><\/p>\n","protected":false},"author":1,"featured_media":0,"comment_status":"closed","ping_status":"closed","sticky":false,"template":"","format":"standard","meta":[],"categories":[8],"tags":[],"_links":{"self":[{"href":"https:\/\/www.sarisarkomaa.fi\/index.php?rest_route=\/wp\/v2\/posts\/1389"}],"collection":[{"href":"https:\/\/www.sarisarkomaa.fi\/index.php?rest_route=\/wp\/v2\/posts"}],"about":[{"href":"https:\/\/www.sarisarkomaa.fi\/index.php?rest_route=\/wp\/v2\/types\/post"}],"author":[{"embeddable":true,"href":"https:\/\/www.sarisarkomaa.fi\/index.php?rest_route=\/wp\/v2\/users\/1"}],"replies":[{"embeddable":true,"href":"https:\/\/www.sarisarkomaa.fi\/index.php?rest_route=%2Fwp%2Fv2%2Fcomments&post=1389"}],"version-history":[{"count":2,"href":"https:\/\/www.sarisarkomaa.fi\/index.php?rest_route=\/wp\/v2\/posts\/1389\/revisions"}],"predecessor-version":[{"id":1391,"href":"https:\/\/www.sarisarkomaa.fi\/index.php?rest_route=\/wp\/v2\/posts\/1389\/revisions\/1391"}],"wp:attachment":[{"href":"https:\/\/www.sarisarkomaa.fi\/index.php?rest_route=%2Fwp%2Fv2%2Fmedia&parent=1389"}],"wp:term":[{"taxonomy":"category","embeddable":true,"href":"https:\/\/www.sarisarkomaa.fi\/index.php?rest_route=%2Fwp%2Fv2%2Fcategories&post=1389"},{"taxonomy":"post_tag","embeddable":true,"href":"https:\/\/www.sarisarkomaa.fi\/index.php?rest_route=%2Fwp%2Fv2%2Ftags&post=1389"}],"curies":[{"name":"wp","href":"https:\/\/api.w.org\/{rel}","templated":true}]}}