{"id":1393,"date":"2011-11-30T18:29:27","date_gmt":"2011-11-30T16:29:27","guid":{"rendered":"http:\/\/www.kaikupuro.fi\/SariSarkomaa\/?p=1393"},"modified":"2011-11-30T18:29:27","modified_gmt":"2011-11-30T16:29:27","slug":"yhtenainen-opiskeluhuoltolaki-saatava-eduskuntaan-vuonna-2013","status":"publish","type":"post","link":"https:\/\/www.sarisarkomaa.fi\/?p=1393","title":{"rendered":"Yhten\u00e4inen opiskeluhuoltolaki saatava eduskuntaan vuonna 2013"},"content":{"rendered":"<p><strong>Tiedote 30.11.2011<\/strong><\/p>\n<p><strong>Kokoomuksen kansanedustaja ja opetushallituksen johtokunnan puheenjohtaja Sari Sarkomaa korosti oppilas- ja opiskelijahuollon kansallisilla kehitt\u00e4misp\u00e4ivill\u00e4 puheessaan tarvetta yhten\u00e4iselle opiskeluhuoltolaille ja kiritti lain valmistelua.<\/strong> Yht\u00e4 lakia, johon koottaisiin lains\u00e4\u00e4d\u00e4nn\u00f6ss\u00e4 hajallaan olevat oppilas- ja opiskelijahuoltoa koskevat s\u00e4\u00e4nn\u00f6kset, on odotettu pitk\u00e4\u00e4n, ja laki on jo viime hallituskaudella hyvin pitk\u00e4lle valmisteltu. Uusi laki on v\u00e4ltt\u00e4m\u00e4t\u00f6n siksikin, ett\u00e4 <strong>oikeuskanslerin pyyt\u00e4m\u00e4ss\u00e4 opetus- ja kulttuuriministeri\u00f6n selvityksess\u00e4 todetaan, ett\u00e4 perusopetuslain edellytt\u00e4m\u00e4\u00e4 riitt\u00e4v\u00e4\u00e4 ja valtakunnallisesti yhdenvertaista oppilashuoltoa ei ole viel\u00e4 saavutettu.<\/strong><\/p>\n<p><strong>\"Opiskeluhuoltolaki on saatava eduskunnan k\u00e4sittelyyn niin, ett\u00e4 se saadaan voimaan viimeist\u00e4\u00e4n 2014\", kannusti Sarkomaa. \"Oppilas- ja opiskelijahuolto on erinomainen t\u00e4sm\u00e4toimi, jolla edist\u00e4mme samanaikaisesti niin valtiontalouden t\u00e4rkeit\u00e4 tavoitteita, kuten syrj\u00e4ytymisen ehk\u00e4isy\u00e4, nuorten yhteiskuntatakuun toteutumista, koulutuksen oikea-aikaista ja parempaa l\u00e4p\u00e4isy\u00e4, kansanterveytt\u00e4 ja pidempi\u00e4 ty\u00f6uria,<\/strong> <strong>kuin my\u00f6s lasten ja nuorten hyvinvointia, hyv\u00e4\u00e4 el\u00e4m\u00e4\u00e4 ja arkea t\u00e4ss\u00e4 ja nyt\", Sarkomaa lis\u00e4\u00e4.<\/strong><\/p>\n<p>Lasten ja nuorten tasavertaiset mahdollisuudet oppilashuollon apuun ja tukeen ovat t\u00e4rke\u00e4 osa sit\u00e4 ty\u00f6t\u00e4, ett\u00e4 kehit\u00e4mme jokaista koulua ja oppilaitosta sellaiseksi, ett\u00e4 se tukee lasten ja nuorten hyvinvointia, terveytt\u00e4 ja turvallisuutta ja sit\u00e4, ett\u00e4 jokainen lapsi l\u00f6yt\u00e4isi itselleen oppimisen ilon.<\/p>\n<p><strong>Sarkomaa nosti vahvasti esille sen, ett\u00e4 turvallisuus on my\u00f6s sit\u00e4, ett\u00e4 kukaan ei kiusaa.<\/strong> H\u00e4n kannusti jatkamaan kiusaamisen kitkemist\u00e4 kouluissa. Kiusaamisen vastaisen KiVa koulu -ohjelman k\u00e4ytt\u00e4jiksi on rekister\u00f6itynyt jo noin 90% Suomen perusopetuksesta vastaavista kouluista. Nollatoleranssi koulukiusaamiseen pit\u00e4\u00e4 olla jokaisessa koulussa.<\/p>\n<p><strong>Sarkomaa nosti puheessaan esille sen, ett\u00e4\u00a0KiVa koulu -hankkeen kaltaiselle systemaattiselle ohjelmalle on suuri tarve my\u00f6s varhaiskasvatuksen ja p\u00e4iv\u00e4hoidon puolella. \"Nyt t\u00e4m\u00e4 on mahdollista, kun varhaiskasvatus ja p\u00e4iv\u00e4hoitopalvelut siirtyv\u00e4t vihdoin opetus- ja kulttuuriministeri\u00f6\u00f6n\", iloitsi Sarkomaa.<\/strong><\/p>\n<p>\"Koulukiusaamisesta onkin puhuttu paljon, mutta varhaiskasvatuksessa ja p\u00e4iv\u00e4hoidossa tapahtuvasta kiusaamisesta ei niink\u00e4\u00e4n. Tutkimusten mukaan kiusaamiseen on puututtava jo mahdollisimman varhaisessa vaiheessa ja ennaltaehk\u00e4isev\u00e4sti. Kiusaamisessa nollatoleranssi on otettava tavoitteeksi my\u00f6s p\u00e4iv\u00e4kodeissa ja perhep\u00e4iv\u00e4hoidossa\", toteaa Sarkomaa.<\/p>\n<p>Lis\u00e4tietoja:<br \/>\nSari Sarkomaa<br \/>\n050 511 3033<\/p>\n","protected":false},"excerpt":{"rendered":"<p>Tiedote 30.11.2011 Kokoomuksen kansanedustaja ja opetushallituksen johtokunnan puheenjohtaja Sari Sarkomaa korosti oppilas- ja opiskelijahuollon kansallisilla kehitt\u00e4misp\u00e4ivill\u00e4 puheessaan tarvetta yhten\u00e4iselle opiskeluhuoltolaille ja kiritti lain valmistelua. Yht\u00e4 lakia, johon koottaisiin lains\u00e4\u00e4d\u00e4nn\u00f6ss\u00e4 hajallaan olevat oppilas- ja opiskelijahuoltoa koskevat s\u00e4\u00e4nn\u00f6kset, on odotettu pitk\u00e4\u00e4n, ja laki on jo viime hallituskaudella hyvin pitk\u00e4lle valmisteltu. Uusi laki on v\u00e4ltt\u00e4m\u00e4t\u00f6n siksikin, ett\u00e4 oikeuskanslerin <a href=\"https:\/\/www.sarisarkomaa.fi\/?p=1393\" class=\"more-link\">...jatka lukemista<span class=\"screen-reader-text\"> \"Yhten\u00e4inen opiskeluhuoltolaki saatava eduskuntaan vuonna 2013\"<\/span><\/a><\/p>\n","protected":false},"author":1,"featured_media":0,"comment_status":"closed","ping_status":"closed","sticky":false,"template":"","format":"standard","meta":[],"categories":[4],"tags":[],"_links":{"self":[{"href":"https:\/\/www.sarisarkomaa.fi\/index.php?rest_route=\/wp\/v2\/posts\/1393"}],"collection":[{"href":"https:\/\/www.sarisarkomaa.fi\/index.php?rest_route=\/wp\/v2\/posts"}],"about":[{"href":"https:\/\/www.sarisarkomaa.fi\/index.php?rest_route=\/wp\/v2\/types\/post"}],"author":[{"embeddable":true,"href":"https:\/\/www.sarisarkomaa.fi\/index.php?rest_route=\/wp\/v2\/users\/1"}],"replies":[{"embeddable":true,"href":"https:\/\/www.sarisarkomaa.fi\/index.php?rest_route=%2Fwp%2Fv2%2Fcomments&post=1393"}],"version-history":[{"count":2,"href":"https:\/\/www.sarisarkomaa.fi\/index.php?rest_route=\/wp\/v2\/posts\/1393\/revisions"}],"predecessor-version":[{"id":1395,"href":"https:\/\/www.sarisarkomaa.fi\/index.php?rest_route=\/wp\/v2\/posts\/1393\/revisions\/1395"}],"wp:attachment":[{"href":"https:\/\/www.sarisarkomaa.fi\/index.php?rest_route=%2Fwp%2Fv2%2Fmedia&parent=1393"}],"wp:term":[{"taxonomy":"category","embeddable":true,"href":"https:\/\/www.sarisarkomaa.fi\/index.php?rest_route=%2Fwp%2Fv2%2Fcategories&post=1393"},{"taxonomy":"post_tag","embeddable":true,"href":"https:\/\/www.sarisarkomaa.fi\/index.php?rest_route=%2Fwp%2Fv2%2Ftags&post=1393"}],"curies":[{"name":"wp","href":"https:\/\/api.w.org\/{rel}","templated":true}]}}