{"id":1506,"date":"2012-01-11T18:08:01","date_gmt":"2012-01-11T16:08:01","guid":{"rendered":"http:\/\/www.kaikupuro.fi\/SariSarkomaa\/?p=1506"},"modified":"2012-01-11T18:13:06","modified_gmt":"2012-01-11T16:13:06","slug":"kuukausikirje-ja-kutsu-tammikahveille","status":"publish","type":"post","link":"https:\/\/www.sarisarkomaa.fi\/?p=1506","title":{"rendered":"Kuukausikirje 11.1.2012 ja kutsu Tammikahveille"},"content":{"rendered":"<p><a href=\"http:\/\/www.kaikupuro.fi\/SariSarkomaa\/wp-content\/uploads\/toivotonttu3.png\"><\/a>Kirjoitan kuukausittain kirjeen ajankohtaisista asioista.<\/p>\n<p>Saat kuukausikirjeen\u00a0t\u00e4ytt\u00e4m\u00e4ll\u00e4 <a href=\"http:\/\/www.kaikupuro.fi\/SariSarkomaa\/?page_id=106\">lomakkeen<\/a> tai\u00a0ottamalla minuun yhteytt\u00e4. Ohessa n\u00e4et viimeisimm\u00e4n kuukausikirjeeni.<\/p>\n<p><strong>Sari Sarkomaalta kirje ja kutsu Tammikahveille\u00a0\u00a0\u00a0\u00a0\u00a0\u00a0\u00a0\u00a0\u00a0\u00a0\u00a0\u00a0\u00a0\u00a0\u00a0\u00a0\u00a0\u00a0\u00a0\u00a0\u00a0\u00a0\u00a0\u00a0\u00a0\u00a0\u00a0\u00a0\u00a0\u00a0\u00a0\u00a0\u00a0\u00a0\u00a0\u00a0\u00a0\u00a0\u00a0\u00a0\u00a0\u00a0 11.1.2012<\/strong><\/p>\n<p>Arvoisa vastaanottaja,\u00a0<\/p>\n<p>Rauhallinen joulu perheen kanssa on takana ja uusi vuosi on aloitettu ty\u00f6n \u00e4\u00e4ress\u00e4. Tammikuun haastavampia asioita on valtiovarainvaliokunnassa k\u00e4sittelyss\u00e4 oleva sopimus talousunionin vahvistamisesta. K\u00e4ymme Berliiniss\u00e4 tapaamassa Saksan valtiovarainvaliokunnan j\u00e4seni\u00e4 ja yhdess\u00e4 pohtimassa Euroopan taloustilanteeseen ratkaisua.<\/p>\n<p>Uusi vuosi toi tullessaan my\u00f6s uusia ty\u00f6teht\u00e4vi\u00e4. Olen iloinen siit\u00e4, ett\u00e4 minut valittiin Rinnekoti-S\u00e4\u00e4ti\u00f6n hallintoneuvoston puheenjohtajaksi. Rinnekoti-S\u00e4\u00e4ti\u00f6 tuottaa asiantuntevia sosiaali- ja terveydenhuollon sek\u00e4 opetustoimen palveluja p\u00e4\u00e4teht\u00e4v\u00e4n\u00e4\u00e4n kehitysvammaisten erityishuolto. Aloitin vuoden alussa my\u00f6s Alkon hallintoneuvoston puheenjohtajana. Tammikuussa on tietenkin t\u00e4rke\u00e4\u00e4 tehd\u00e4 ty\u00f6t\u00e4 sen eteen, ett\u00e4 Sauli Niinist\u00f6 valitaan presidentiksi.<\/p>\n<p><strong><span style=\"text-decoration: underline;\">Keskustelua Guggenheimista<\/span><\/strong>\u00a0<\/p>\n<p><strong>Osallistuin eilen Finlandia-talolla pidettyyn Guggenheim-museohankkeen esittelytilaisuuteen. <\/strong>Suhtaudun Guggenheim-Helsinki-museoon avoimin mielin. Asiaa on nyt vastuullisesti pohdittava ja kaikkiin avoimiin kysymyksiin sek\u00e4 valtiovallan rooliin on saatava vastaukset. Selv\u00e4\u00e4 on, ett\u00e4 Helsinki ja Suomi tarvitsevat\u00a0\u00a0\"piristysruiskehankkeita\", jotka lis\u00e4\u00e4v\u00e4t p\u00e4\u00e4kaupunkimme ja maamme kiinnostavuutta. Guggenheim voisi onnistuessaan olla juuri t\u00e4llainen. <strong>Kokoomuksen valtuustoryhm\u00e4 k\u00e4sittelee asiaa seuraavassa ryhm\u00e4kokouksessaan ja silloin muodostamme asiaan yhteisen kannan.<\/strong><\/p>\n<p>Yksityisill\u00e4 lahjoituksilla on tulevaisuutemme kannalta t\u00e4rke\u00e4\u00e4n korkeaan osaamiseen ja tieteeseen saatu v\u00e4ltt\u00e4m\u00e4tt\u00f6mi\u00e4 lis\u00e4voimavaroja. Ilman yksityisi\u00e4 lahjoituksia Aalto-yliopisto ei olisi ollut mahdollinen. <strong>Nyt tarvitaan taas yritysten ja yksityishenkil\u00f6iden mukaantuloa. Guggenheim-Helsingin synnyn yksi edellytys ovat yksityiset lahjoitukset. My\u00f6s valtiovallan on oltava mukana. Kannustan<\/strong> <strong>valtiovarainministeri Jutta Urpilaista arvioimaan verov\u00e4hennyss\u00e4\u00e4d\u00f6ksi\u00e4 niin, ett\u00e4 Guggenheim-lahjoitukset olisivat verov\u00e4hennysoikeuden piiriss\u00e4.<\/strong>\u00a0<\/p>\n<p>J\u00e4t\u00e4n ministerin vastattavaksi kirjallisen kysymyksen taiteelle annettavien lahjoitusten verov\u00e4hennysoikeuden uudistamisesta ja Guggenheim-lahjoitusten ulottamisesta verov\u00e4hennysoikeuden piiriin.<\/p>\n<p><strong><span style=\"text-decoration: underline;\">Tehd\u00e4\u00e4n yhdess\u00e4 Sauli Niinist\u00f6st\u00e4 presidentti!<\/span><\/strong>\u00a0<\/p>\n<p><strong>Saulin kanssa yhteisty\u00f6t\u00e4 tehneen\u00e4 tied\u00e4n, ett\u00e4 h\u00e4nest\u00e4 saamme varmasti suomalaisten arvoisen presidentin. Arvostan Saulin ahkeruutta ja sit\u00e4, ett\u00e4 h\u00e4n innostaa my\u00f6s muut tekem\u00e4\u00e4n ty\u00f6t\u00e4 Suomen parhaaksi. Sisukkaat suomalaiset ansaitsevat sisukkaan presidentin. Sauli on kaikkein parhaimmillaan vaikeissa tilanteissa. Siksi min\u00e4 \u00e4\u00e4nest\u00e4n Saulia.<\/strong><\/p>\n<p>Presidentinvaalien vaalip\u00e4iv\u00e4 on jo ensi viikon sunnuntaina 22.1. Ennakko\u00e4\u00e4nestys on jo alkanut ja kest\u00e4\u00e4 kotimaassa aina tiistaihin 17.1. asti. Saulia voi \u00e4\u00e4nest\u00e4\u00e4 numerolla 6.<\/p>\n<p><strong>K\u00e4y kurkkaamassa Saulin tapahtumakalenteria osoitteessa <a href=\"http:\/\/www.niinisto.fi\/tapahtumat\/\">http:\/\/www.niinisto.fi\/tapahtumat\/<\/a> niin tied\u00e4t miss\u00e4 ja milloin voisit k\u00e4yd\u00e4 h\u00e4nt\u00e4 jututtamassa!<\/strong><\/p>\n<p>Jokainen meist\u00e4 voi tukea Saulia sopivimmaksi katsomallaan tavalla. Jos olet facebookissa, voit k\u00e4yd\u00e4 tykk\u00e4\u00e4m\u00e4ss\u00e4 Saulista <a href=\"http:\/\/www.facebook.com\/niinisto\">http:\/\/www.facebook.com\/niinisto<\/a> Mik\u00e4li haluat uuden \u00e4\u00e4nestysnumerolla varustetun rintanapin omaan kuvaasi: Kirjaudu facebookiin, mene osoitteeseen <a href=\"http:\/\/www.picbadges.com\/sauli-niinisto-suomella-toissa\/2447005\/\">http:\/\/www.picbadges.com\/sauli-niinisto-suomella-toissa\/2447005\/<\/a> ja lis\u00e4\u00e4 rintanappi profiilikuvaasi.<\/p>\n<p>Erinomainen tapa tukea Saulia on liitty\u00e4 tukijalistalle osoitteessa <a href=\"http:\/\/www.niinisto.fi\/tule-mukaan\">http:\/\/www.niinisto.fi\/tule-mukaan<\/a> - Listalla on jo yli 30 000 tukijaa!<\/p>\n<p>Helsingin Caf\u00e9 Niinist\u00f6ss\u00e4 kannattaa poiketa sopivana hetken\u00e4 nauttimassa kupillinen kahvia ja vaihtamassa ajatuksia tulevista presidentinvaaleista. Pohjoisesplanadi 27:ssa toimiva kahvila on auki ma\u00a0-\u00a0la klo 10-18 ja\u00a0sunnuntaisin klo 12-16. ( su 22.1 klo 10-20 )<\/p>\n<p><strong>Tervetuloa mukaan tukemaan Niinist\u00f6n presidenttiehdokkuutta!<\/strong><br \/>\n<strong><a href=\"http:\/\/www.niinisto.fi\">www.niinisto.fi<\/a><\/strong><strong><\/strong><br \/>\n<strong><a href=\"http:\/\/www.facebook.com\/niinisto\">www.facebook.com\/niinisto<\/a><\/strong><strong><\/strong><br \/>\n<strong><a href=\"http:\/\/www.twitter.com\/niinisto\">www.twitter.com\/niinisto<\/a><\/strong><strong><\/strong><\/p>\n<p><strong><span style=\"text-decoration: underline;\">Tervetuloa tapaamaan!<\/span><\/strong>\u00a0<\/p>\n<p>Olen tavattavissa<br \/>\n- Torstaina 12.1. klo 15 Caf\u00e9 Niinist\u00f6ss\u00e4, Pohjoisesplanadi 27<\/p>\n<p>- Lauantaina 14.1. <a title=\"http:\/\/www.munkinseudunkokoomus.fi\/?x103997=116562\" href=\"http:\/\/www.munkinseudunkokoomus.fi\/?x103997=116562\">Suomalaisten tekojen ja ty\u00f6n tapahtumassa Munkkivuoren ostarilla<\/a>, Raumantie 1. Pid\u00e4n klo 10.45 puheenvuoron\u00a0\u00a0\"Entist\u00e4 parempi Munkinseutu\". Tilaisuus klo 10 - 14. <strong>Sauli Niinist\u00f6 on paikalla klo 12.00.<\/strong><\/p>\n<p>- Lauantaina 14.1. klo \u00a014 -15 Tammisalon Kokoomuksen Caf\u00e9 Niinist\u00f6ss\u00e4, Tammisalon VPK:n juhlasalissa, Tammisalontie 7. Caf\u00e9 avoinna klo 14-18.<\/p>\n<p>- Perjantaina 20.1. klo 14 - 15 Kokoomuksen Naisten Helsingin piirin j\u00e4rjest\u00e4m\u00e4ss\u00e4 PopUp Caf\u00e9 Niinist\u00f6ss\u00e4 Fredrikintorilla, Punavuorenkadun ja Ratakadun risteykseen. Caf\u00e9 avoinna 14 - 17.<\/p>\n<p>- Perjantaina 20.1. klo 16 Caf\u00e9 Niinist\u00f6ss\u00e4, Pohjoisesplanadi 27.<\/p>\n<p><strong>Olet l\u00e4mpim\u00e4sti tervetullut lauantaina 21.1.\u00a0presidentinvaalikampanjan suureen vaalijuhlaan Apollo Live Clubiin, Mannerheimintie 16, klo 19<\/strong>\u00a0<strong>-<\/strong><strong> 22! <\/strong>Juhliin mahtuu 800 ensimm\u00e4isen\u00e4 paikalle saapuvaa. Ovet avataan jo klo 18. Tilaisuus on maksuton (narikkamaksu 3e).<\/p>\n<p><strong><span style=\"text-decoration: underline;\">Tervetuloa Tammikahveille maanantaina 30.1.2012\u00a0<\/span><\/strong><\/p>\n<p><strong>Tervetuloa perinteisille Tammikahveilleni eduskuntaan Kokoomuksen ryhm\u00e4huoneeseen maanantaina 30.1.2012 klo 17 - 18.30.<\/strong> Illan tarkoituksena on vaihtaa kuulumisia, k\u00e4yd\u00e4 keskustelua poliittisesta tilanteesta sek\u00e4 viett\u00e4\u00e4 mukava ilta yhdess\u00e4. Ota yst\u00e4v\u00e4si mukaan ja tule tutustumaan eduskuntaan!<\/p>\n<p>Sis\u00e4\u00e4nk\u00e4ynti klo 17.00 vierailijaportaalta, joka sijaitsee katutasolla eduskuntatalon oikealla puolella Mannerheimintielt\u00e4 katsottuna.<\/p>\n<p>Pyyd\u00e4n yst\u00e4v\u00e4llisesti ilmoittautumaan Tammikahveille eduskunnan kulunvalvonnan vuoksi 25.1.2012 menness\u00e4 avustajalleni Helen Filsille mieluiten s\u00e4hk\u00f6postitse <a title=\"mailto:helen.fils@eduskunta.fi\" href=\"mailto:helen.fils@eduskunta.fi\">helen.fils@eduskunta.fi<\/a> \/ puh. 09\u00a0432\u00a04033.<\/p>\n<p>L\u00e4mpim\u00e4sti tervetuloa!<\/p>\n<p>Hyv\u00e4\u00e4 uutta vuotta 2012 toivottaen,<\/p>\n<p><strong><em>Sari Sarkomaa<\/em><\/strong><\/p>\n<p>Kansanedustaja<br \/>\nHelsingin kaupunginvaltuutettu<br \/>\n<a title=\"mailto:sari.sarkomaa@eduskunta.fi\" href=\"mailto:sari.sarkomaa@eduskunta.fi\">sari.sarkomaa@eduskunta.fi<\/a><br \/>\n<a title=\"http:\/\/www.sarisarkomaa.fi\/\" href=\"http:\/\/www.sarisarkomaa.fi\/\" target=\"_blank\">www.sarisarkomaa.fi<\/a><br \/>\n050 511 3033<\/p>\n","protected":false},"excerpt":{"rendered":"<p>Kirjoitan kuukausittain kirjeen ajankohtaisista asioista. Saat kuukausikirjeen\u00a0t\u00e4ytt\u00e4m\u00e4ll\u00e4 lomakkeen tai\u00a0ottamalla minuun yhteytt\u00e4. Ohessa n\u00e4et viimeisimm\u00e4n kuukausikirjeeni. Sari Sarkomaalta kirje ja kutsu Tammikahveille\u00a0\u00a0\u00a0\u00a0\u00a0\u00a0\u00a0\u00a0\u00a0\u00a0\u00a0\u00a0\u00a0\u00a0\u00a0\u00a0\u00a0\u00a0\u00a0\u00a0\u00a0\u00a0\u00a0\u00a0\u00a0\u00a0\u00a0\u00a0\u00a0\u00a0\u00a0\u00a0\u00a0\u00a0\u00a0\u00a0\u00a0\u00a0\u00a0\u00a0\u00a0\u00a0 11.1.2012 Arvoisa vastaanottaja,\u00a0 Rauhallinen joulu perheen kanssa on takana ja uusi vuosi on aloitettu ty\u00f6n \u00e4\u00e4ress\u00e4. Tammikuun haastavampia asioita on valtiovarainvaliokunnassa k\u00e4sittelyss\u00e4 oleva sopimus talousunionin vahvistamisesta. K\u00e4ymme Berliiniss\u00e4 tapaamassa Saksan valtiovarainvaliokunnan j\u00e4seni\u00e4 ja yhdess\u00e4 <a href=\"https:\/\/www.sarisarkomaa.fi\/?p=1506\" class=\"more-link\">...jatka lukemista<span class=\"screen-reader-text\"> \"Kuukausikirje 11.1.2012 ja kutsu Tammikahveille\"<\/span><\/a><\/p>\n","protected":false},"author":1,"featured_media":0,"comment_status":"closed","ping_status":"closed","sticky":false,"template":"","format":"standard","meta":[],"categories":[6],"tags":[],"_links":{"self":[{"href":"https:\/\/www.sarisarkomaa.fi\/index.php?rest_route=\/wp\/v2\/posts\/1506"}],"collection":[{"href":"https:\/\/www.sarisarkomaa.fi\/index.php?rest_route=\/wp\/v2\/posts"}],"about":[{"href":"https:\/\/www.sarisarkomaa.fi\/index.php?rest_route=\/wp\/v2\/types\/post"}],"author":[{"embeddable":true,"href":"https:\/\/www.sarisarkomaa.fi\/index.php?rest_route=\/wp\/v2\/users\/1"}],"replies":[{"embeddable":true,"href":"https:\/\/www.sarisarkomaa.fi\/index.php?rest_route=%2Fwp%2Fv2%2Fcomments&post=1506"}],"version-history":[{"count":4,"href":"https:\/\/www.sarisarkomaa.fi\/index.php?rest_route=\/wp\/v2\/posts\/1506\/revisions"}],"predecessor-version":[{"id":1510,"href":"https:\/\/www.sarisarkomaa.fi\/index.php?rest_route=\/wp\/v2\/posts\/1506\/revisions\/1510"}],"wp:attachment":[{"href":"https:\/\/www.sarisarkomaa.fi\/index.php?rest_route=%2Fwp%2Fv2%2Fmedia&parent=1506"}],"wp:term":[{"taxonomy":"category","embeddable":true,"href":"https:\/\/www.sarisarkomaa.fi\/index.php?rest_route=%2Fwp%2Fv2%2Fcategories&post=1506"},{"taxonomy":"post_tag","embeddable":true,"href":"https:\/\/www.sarisarkomaa.fi\/index.php?rest_route=%2Fwp%2Fv2%2Ftags&post=1506"}],"curies":[{"name":"wp","href":"https:\/\/api.w.org\/{rel}","templated":true}]}}