{"id":1683,"date":"2012-02-24T13:53:51","date_gmt":"2012-02-24T11:53:51","guid":{"rendered":"http:\/\/www.kaikupuro.fi\/SariSarkomaa\/?p=1683"},"modified":"2012-02-24T13:53:51","modified_gmt":"2012-02-24T11:53:51","slug":"lisaa-kunnianhimoa-perusopetuksen-tuntijakoon-ministeri-gustafsson","status":"publish","type":"post","link":"https:\/\/www.sarisarkomaa.fi\/?p=1683","title":{"rendered":"Lis\u00e4\u00e4 kunnianhimoa perusopetuksen tuntijakoon, ministeri Gustafsson!"},"content":{"rendered":"<p>Tiedote 24.2.2012<\/p>\n<p>Tuntijakoty\u00f6ryhm\u00e4 luovutti t\u00e4n\u00e4\u00e4n esityksens\u00e4 uudeksi perusopetuksen tuntijaoksi opetusministeri Gustafssonille. Ty\u00f6ryhm\u00e4n l\u00e4ht\u00f6kohtana oli valmistella esitys, joka lis\u00e4isi liikunnan ja taito- ja taideaineiden m\u00e4\u00e4r\u00e4\u00e4 sek\u00e4 monipuolistaisi koulujen kielivalikoimaa.<\/p>\n<p>\"L\u00e4ht\u00f6kohdat huomioon ottaen t\u00e4n\u00e4\u00e4n annettu esitys on pettymys. Nyt olisi ollut aika tehd\u00e4 aitoja muutoksia, jotka olisivat kehitt\u00e4neet suomalaista perusopetusta tasa-arvoisempaan suuntaan\", toteavat sivistysvaliokunnan puheenjohtaja, kansanedustaja Raija Vahasalo ja Opetushallituksen johtokunnan puheenjohtaja, kansanedustaja Sari Sarkomaa.<\/p>\n<p>Esityksess\u00e4 yl\u00e4koulun tunteja siirret\u00e4\u00e4n alakouluun, mutta minimituntim\u00e4\u00e4r\u00e4 s\u00e4ilytet\u00e4\u00e4n nykyisell\u00e4 tasolla. Eniten ja v\u00e4hiten opetustunteja antavien kuntien v\u00e4linen ero vastaa jopa yhden lukukauden verran ylim\u00e4\u00e4r\u00e4isi\u00e4 opintoja peruskoulun aikana osalle suomalaislapsista. \"Kolmannes kunnista tarjoaa oppilailleen vain minimituntim\u00e4\u00e4r\u00e4n verran opetusta. V\u00e4himm\u00e4istuntim\u00e4\u00e4r\u00e4n lis\u00e4\u00e4minen olisi kaventanut t\u00e4t\u00e4 eroa ja lis\u00e4nnyt oppilaiden yhdenvertaisia mahdollisuuksia jatko-opintoihin\", Vahasalo ja Sarkomaa jatkavat.<\/p>\n<p>Erityisen huolissaan Vahasalo ja Sarkomaa ovat suunnitelmista ylim\u00e4\u00e4r\u00e4isen A2-kielen siirt\u00e4misest\u00e4 tuntikehyksen ulkopuolelle. Nykyisin l\u00e4hesk\u00e4\u00e4n kaikki kunnat eiv\u00e4t tarjoa oppilaille mahdollisuutta toisen pitk\u00e4n kielen opiskeluun, mutta siirto ei ainakaan parantaisi asiaa. Samalla suomalaisten osaamien kielten valikoima on kaventunut huolestuttavasti. \"K\u00e4yt\u00e4nn\u00f6ss\u00e4 esitetty muutos kaventaisi kieltenopetusta entisest\u00e4\u00e4n, kun opetus olisi jatkossa erikseen vuosittain haettavan hankerahan varassa. Monipuolisen kielitaidon merkitys kasvaa ja on varma valttikortti ty\u00f6markkinoilla tulevaisuudessa \u2013 siksi t\u00e4h\u00e4n tulisi panostaa\", Vahasalo ja Sarkomaa sanovat.<\/p>\n<p>He ovat my\u00f6s huolissaan siit\u00e4, mist\u00e4 kielten opetukseen kohdennettava raha otettaisiin. \"Kielten opetuksen hiekalle rakennettu rahoitus vaarantaisi my\u00f6s ryhm\u00e4kokojen pienent\u00e4misen, koska rahat suunnitellaan otettavan samalta momentilta. T\u00e4m\u00e4 on kest\u00e4m\u00e4t\u00f6n ajatus\", Vahasalo ja Sarkomaa jatkavat.<\/p>\n<p>Vahasalon ja Sarkomaan mukaan ministeri Gustafssonilla on nyt tuhannen taalan paikka vaikuttaa tulevaisuuteen ja lis\u00e4t\u00e4 kunnianhimon tasoa uudistuksessa. Suomalainen perusopetus on maailman huippuluokkaa, mutta sit\u00e4 on kehitett\u00e4v\u00e4 jatkuvasti.<\/p>\n<p>\"Perusopetus muodostaa suomalaisen osaamisen ja sivistyksen kivijalan ja sen kehitt\u00e4minen on hallitusohjelmassa selke\u00e4sti m\u00e4\u00e4ritelty painopisteeksi t\u00e4ll\u00e4 kaudella. T\u00e4m\u00e4 esitys ei sellaisenaan valitettavasti kehit\u00e4 perusopetusta haluttuun, tasa-arvoisempaan suuntaan. Vaadimme, ett\u00e4 ministeri Gustafsson ottaa hallitusohjelman kirjaukset huomioon\", Vahasalo ja Sarkomaa sanovat.\u00a0<\/p>\n<p>Lis\u00e4tietoja:<br \/>\nRaija Vahasalo, 050 5113090<br \/>\nSari Sarkomaa, 050 5113033<\/p>\n","protected":false},"excerpt":{"rendered":"<p>Tiedote 24.2.2012 Tuntijakoty\u00f6ryhm\u00e4 luovutti t\u00e4n\u00e4\u00e4n esityksens\u00e4 uudeksi perusopetuksen tuntijaoksi opetusministeri Gustafssonille. Ty\u00f6ryhm\u00e4n l\u00e4ht\u00f6kohtana oli valmistella esitys, joka lis\u00e4isi liikunnan ja taito- ja taideaineiden m\u00e4\u00e4r\u00e4\u00e4 sek\u00e4 monipuolistaisi koulujen kielivalikoimaa. \"L\u00e4ht\u00f6kohdat huomioon ottaen t\u00e4n\u00e4\u00e4n annettu esitys on pettymys. Nyt olisi ollut aika tehd\u00e4 aitoja muutoksia, jotka olisivat kehitt\u00e4neet suomalaista perusopetusta tasa-arvoisempaan suuntaan\", toteavat sivistysvaliokunnan puheenjohtaja, kansanedustaja Raija <a href=\"https:\/\/www.sarisarkomaa.fi\/?p=1683\" class=\"more-link\">...jatka lukemista<span class=\"screen-reader-text\"> \"Lis\u00e4\u00e4 kunnianhimoa perusopetuksen tuntijakoon, ministeri Gustafsson!\"<\/span><\/a><\/p>\n","protected":false},"author":1,"featured_media":0,"comment_status":"closed","ping_status":"closed","sticky":false,"template":"","format":"standard","meta":[],"categories":[4],"tags":[],"_links":{"self":[{"href":"https:\/\/www.sarisarkomaa.fi\/index.php?rest_route=\/wp\/v2\/posts\/1683"}],"collection":[{"href":"https:\/\/www.sarisarkomaa.fi\/index.php?rest_route=\/wp\/v2\/posts"}],"about":[{"href":"https:\/\/www.sarisarkomaa.fi\/index.php?rest_route=\/wp\/v2\/types\/post"}],"author":[{"embeddable":true,"href":"https:\/\/www.sarisarkomaa.fi\/index.php?rest_route=\/wp\/v2\/users\/1"}],"replies":[{"embeddable":true,"href":"https:\/\/www.sarisarkomaa.fi\/index.php?rest_route=%2Fwp%2Fv2%2Fcomments&post=1683"}],"version-history":[{"count":1,"href":"https:\/\/www.sarisarkomaa.fi\/index.php?rest_route=\/wp\/v2\/posts\/1683\/revisions"}],"predecessor-version":[{"id":1684,"href":"https:\/\/www.sarisarkomaa.fi\/index.php?rest_route=\/wp\/v2\/posts\/1683\/revisions\/1684"}],"wp:attachment":[{"href":"https:\/\/www.sarisarkomaa.fi\/index.php?rest_route=%2Fwp%2Fv2%2Fmedia&parent=1683"}],"wp:term":[{"taxonomy":"category","embeddable":true,"href":"https:\/\/www.sarisarkomaa.fi\/index.php?rest_route=%2Fwp%2Fv2%2Fcategories&post=1683"},{"taxonomy":"post_tag","embeddable":true,"href":"https:\/\/www.sarisarkomaa.fi\/index.php?rest_route=%2Fwp%2Fv2%2Ftags&post=1683"}],"curies":[{"name":"wp","href":"https:\/\/api.w.org\/{rel}","templated":true}]}}