{"id":1701,"date":"2012-02-29T17:50:35","date_gmt":"2012-02-29T15:50:35","guid":{"rendered":"http:\/\/www.kaikupuro.fi\/SariSarkomaa\/?p=1701"},"modified":"2012-02-29T17:50:35","modified_gmt":"2012-02-29T15:50:35","slug":"yhteiskuntatakuu-vauhdittamaan-vammaisten-nuorten-tasa-arvoisia-mahdollisuuksia","status":"publish","type":"post","link":"https:\/\/www.sarisarkomaa.fi\/?p=1701","title":{"rendered":"Yhteiskuntatakuu vauhdittamaan vammaisten nuorten tasa-arvoisia mahdollisuuksia"},"content":{"rendered":"<p><strong>Tiedote 29.2.2012<\/strong><\/p>\n<p><strong>Rinnekoti-S\u00e4\u00e4ti\u00f6n hallintoneuvoston puheenjohtaja, kansanedustaja Sari Sarkomaa (kok) kannustaa hallitusta tekem\u00e4\u00e4n koulutus- ja yhteiskuntatakuusta totta my\u00f6s vammaisten ja vajaakuntoisten nuorten osalta. Sarkomaa pit\u00e4\u00e4 valmisteilla olevaa nuorten yhteiskunta- ja koulutustakuuta merkitt\u00e4v\u00e4n\u00e4 askeleena vammaisten nuorten <\/strong><strong>tasapuolisten mahdollisuuksien edist\u00e4misess\u00e4<\/strong><strong>. Sarkomaa painotti asennemuutoksen t\u00e4rkeytt\u00e4 vammaisten koulutukseen ja ty\u00f6el\u00e4m\u00e4\u00e4n p\u00e4\u00e4syss\u00e4. Sarkomaa puhui t\u00e4n\u00e4\u00e4n Helsingiss\u00e4 Rinnekodin 85-vuotisjuhlaseminaarissa.<\/strong><\/p>\n<p>Sarkomaa pit\u00e4\u00e4 t\u00e4rke\u00e4n\u00e4 sit\u00e4, kaikki ovat samanarvoisia koulussa ja ty\u00f6el\u00e4m\u00e4ss\u00e4.<\/p>\n<p>\"Tekniset apuv\u00e4lineet ja esteet\u00f6n ty\u00f6ymp\u00e4rist\u00f6 mahdollistavat useiden vammaisten ty\u00f6skentelyn. Usein kuitenkin asenne on se, joka saattaa pit\u00e4\u00e4 vammaisen ty\u00f6el\u00e4m\u00e4n ulkopuolella\", Sarkomaa sanoi puheenvuorossaan. Usein tulee vastaan se, ett\u00e4 vammaisia ei palkata, koska ei ole palkattu aikaisemminkaan.<\/p>\n<p>Suomessa arvioidaan olevan noin 300 000 ty\u00f6ik\u00e4ist\u00e4 vammaista.<strong> <\/strong>Vammaisista vain runsaalla viidenneksell\u00e4 on pysyv\u00e4 ty\u00f6paikka.<\/p>\n<p>Erityisen arvokasta on turvata jokaisen nuoren p\u00e4\u00e4sy koulutukseen ja sit\u00e4 kautta ty\u00f6paikkaan. Sarkomaa pit\u00e4\u00e4 t\u00e4rke\u00e4n\u00e4, ett\u00e4 kaikki koulutuspolut ovat auki ja esteett\u00f6myyteen kiinnitet\u00e4\u00e4n huomiota. Siltaa on rakennettava peruskoulusta ammatilliseen ja lukioon sek\u00e4 sit\u00e4 kautta korkeakouluihin ja ty\u00f6el\u00e4m\u00e4\u00e4n.<\/p>\n<p>Sarkomaa korosti hallitusohjelmaan kirjatun nuorten yhteiskuntatakuun merkityst\u00e4 erityisryhmiin kuuluville nuorille. Yhteiskuntatakuussa jokaiselle alle 25-vuotiaalle nuorelle ja alle 30-vuotiaalle vastavalmistuneelle tarjotaan ty\u00f6-, harjoittelu-, opiskelu-, ty\u00f6paja-, oppisopimus- tai kuntoutuspaikka viimeist\u00e4\u00e4n kolmen kuukauden kuluessa ty\u00f6tt\u00f6m\u00e4ksi joutumisesta. Yhteiskuntatakuun on tarkoitus toteutua vuoteen 2013 menness\u00e4. Osana yhteiskuntatakuuta toteutetaan koulutustakuu. Yhdenvertainen mahdollisuus koulutukseen on vammaisten henkil\u00f6iden osallisuuden ja itsen\u00e4isyyden perusedellytys.<\/p>\n<p>\"Yhteiskuntatakuussa kyse on koko yhteiskunnan hankkeesta. Mukaan on saatava julkisen vallan lis\u00e4ksi yritykset ja kolmas sektori. Hanke on vastal\u00e4\u00e4ke syrj\u00e4ytymiseen, mutta t\u00e4m\u00e4 on iso mahdollisuus vammaisten ja vajaakuntoisten tasapuolisten mahdollisuuksien edist\u00e4misess\u00e4\", korosti Sarkomaa.<\/p>\n<p>Sarkomaa muistutti, ett\u00e4 vaikka vammaisten henkil\u00f6iden p\u00e4\u00e4sy\u00e4 ammatilliseen koulutukseen on edistetty viimeisten vuosien aikana, on edelleen ongelmia ja alueellisia eroja erityisesti vaikeimmin vammaisten koulutukseen p\u00e4\u00e4syss\u00e4. Aina eiv\u00e4t ongelmat johdu riitt\u00e4m\u00e4tt\u00f6m\u00e4st\u00e4 koulutustarjonnasta, vaan my\u00f6s asenneongelmista sek\u00e4 riitt\u00e4m\u00e4tt\u00f6mist\u00e4 avustus- ja muista tukipalveluista.<\/p>\n<p>Lis\u00e4tietoja:<br \/>\nSari Sarkomaa<br \/>\n050 511 3033<\/p>\n","protected":false},"excerpt":{"rendered":"<p>Tiedote 29.2.2012 Rinnekoti-S\u00e4\u00e4ti\u00f6n hallintoneuvoston puheenjohtaja, kansanedustaja Sari Sarkomaa (kok) kannustaa hallitusta tekem\u00e4\u00e4n koulutus- ja yhteiskuntatakuusta totta my\u00f6s vammaisten ja vajaakuntoisten nuorten osalta. Sarkomaa pit\u00e4\u00e4 valmisteilla olevaa nuorten yhteiskunta- ja koulutustakuuta merkitt\u00e4v\u00e4n\u00e4 askeleena vammaisten nuorten tasapuolisten mahdollisuuksien edist\u00e4misess\u00e4. Sarkomaa painotti asennemuutoksen t\u00e4rkeytt\u00e4 vammaisten koulutukseen ja ty\u00f6el\u00e4m\u00e4\u00e4n p\u00e4\u00e4syss\u00e4. Sarkomaa puhui t\u00e4n\u00e4\u00e4n Helsingiss\u00e4 Rinnekodin 85-vuotisjuhlaseminaarissa. Sarkomaa pit\u00e4\u00e4 t\u00e4rke\u00e4n\u00e4 <a href=\"https:\/\/www.sarisarkomaa.fi\/?p=1701\" class=\"more-link\">...jatka lukemista<span class=\"screen-reader-text\"> \"Yhteiskuntatakuu vauhdittamaan vammaisten nuorten tasa-arvoisia mahdollisuuksia\"<\/span><\/a><\/p>\n","protected":false},"author":1,"featured_media":0,"comment_status":"closed","ping_status":"closed","sticky":false,"template":"","format":"standard","meta":[],"categories":[4],"tags":[],"_links":{"self":[{"href":"https:\/\/www.sarisarkomaa.fi\/index.php?rest_route=\/wp\/v2\/posts\/1701"}],"collection":[{"href":"https:\/\/www.sarisarkomaa.fi\/index.php?rest_route=\/wp\/v2\/posts"}],"about":[{"href":"https:\/\/www.sarisarkomaa.fi\/index.php?rest_route=\/wp\/v2\/types\/post"}],"author":[{"embeddable":true,"href":"https:\/\/www.sarisarkomaa.fi\/index.php?rest_route=\/wp\/v2\/users\/1"}],"replies":[{"embeddable":true,"href":"https:\/\/www.sarisarkomaa.fi\/index.php?rest_route=%2Fwp%2Fv2%2Fcomments&post=1701"}],"version-history":[{"count":1,"href":"https:\/\/www.sarisarkomaa.fi\/index.php?rest_route=\/wp\/v2\/posts\/1701\/revisions"}],"predecessor-version":[{"id":1702,"href":"https:\/\/www.sarisarkomaa.fi\/index.php?rest_route=\/wp\/v2\/posts\/1701\/revisions\/1702"}],"wp:attachment":[{"href":"https:\/\/www.sarisarkomaa.fi\/index.php?rest_route=%2Fwp%2Fv2%2Fmedia&parent=1701"}],"wp:term":[{"taxonomy":"category","embeddable":true,"href":"https:\/\/www.sarisarkomaa.fi\/index.php?rest_route=%2Fwp%2Fv2%2Fcategories&post=1701"},{"taxonomy":"post_tag","embeddable":true,"href":"https:\/\/www.sarisarkomaa.fi\/index.php?rest_route=%2Fwp%2Fv2%2Ftags&post=1701"}],"curies":[{"name":"wp","href":"https:\/\/api.w.org\/{rel}","templated":true}]}}