{"id":1839,"date":"2012-04-16T14:39:34","date_gmt":"2012-04-16T12:39:34","guid":{"rendered":"http:\/\/www.kaikupuro.fi\/SariSarkomaa\/?p=1839"},"modified":"2012-04-16T14:43:23","modified_gmt":"2012-04-16T12:43:23","slug":"hallituksen-arvioitava-uudelleen-paivahoitopaatoksensa","status":"publish","type":"post","link":"https:\/\/www.sarisarkomaa.fi\/?p=1839","title":{"rendered":"Hallituksen arvioitava uudelleen p\u00e4iv\u00e4hoitop\u00e4\u00e4t\u00f6ksens\u00e4"},"content":{"rendered":"<p>Tiedote 16.4.2012<\/p>\n<p>Kokoomuksen kansanedustaja ja valtiovarainvaliokunnan j\u00e4sen Sari Sarkomaa on huolissaan hallituksen kehysriihess\u00e4 tekemist\u00e4 p\u00e4iv\u00e4hoitoon ja varhaiskasvatukseen liittyvist\u00e4 p\u00e4\u00e4t\u00f6ksist\u00e4. On suuri riski, ett\u00e4 p\u00e4\u00e4t\u00f6kset vaarantavat p\u00e4iv\u00e4hoidon kehitt\u00e4misen sek\u00e4 hallitusohjelmassa luvatun p\u00e4iv\u00e4hoitolain uudistamisen varhaiskasvatuslaiksi. Sarkomaa toteaa, ett\u00e4 p\u00e4\u00e4t\u00f6ksen johdosta p\u00e4iv\u00e4hoidon hallinnonalasiirto on menossa vikaraiteille.<\/p>\n<p>Kehysp\u00e4\u00e4t\u00f6ksen mukaan vain kaksi henkil\u00f6ty\u00f6vuotta siirtyy sosiaali- ja terveysministeri\u00f6st\u00e4 uuteen vastuuministeri\u00f6\u00f6n. T\u00e4m\u00e4n lis\u00e4ksi hallitus aikoo halkaista p\u00e4iv\u00e4hoidon ja j\u00e4tt\u00e4\u00e4 kokonaisuudesta irrotetut kotihoidon ja yksityisen hoidon tuet STM:\u00f6\u00f6n. T\u00e4llainen puolittamismalli on vastoin alkuper\u00e4ist\u00e4 tarkoitusta siirt\u00e4\u00e4 koko p\u00e4iv\u00e4hoidon kokonaisuus opetus- ja kulttuuriministeri\u00f6\u00f6n. T\u00e4lle uudelle k\u00e4\u00e4nteelle repi\u00e4 p\u00e4iv\u00e4hoito kahtia ei l\u00f6ydy mit\u00e4\u00e4n asiallista perustelua. T\u00e4m\u00e4 on vastoin selvitysmiesten ja asiantuntijoiden yksimielist\u00e4 n\u00e4kemyst\u00e4 ja johtaa moniin ongelmiin sek\u00e4 voimavarojen tehottomaan k\u00e4ytt\u00f6\u00f6n. Merkitt\u00e4v\u00e4 osa kunnista on siirt\u00e4nyt p\u00e4iv\u00e4hoidon ja varhaiskasvatuksen opetustoimeen ja jokainen n\u00e4ist\u00e4 on siirt\u00e4nyt koko p\u00e4iv\u00e4hoidon kokonaisuuden.<\/p>\n<p>Sarkomaa j\u00e4tti v.2011 asiasta <a href=\"http:\/\/www.eduskunta.fi\/faktatmp\/utatmp\/akxtmp\/kk_96_2011_p.shtml\">kirjallisen kysymyksen (KK 96\/2011)<\/a><\/p>\n<p>\u201dPuolittamismallin vuoksi STM:ss\u00e4 kotihoidon ja yksityisen hoidon tukien kehitt\u00e4miseen olisi k\u00e4yt\u00e4nn\u00f6ss\u00e4 runsaammat resurssit kuin OKM:ss\u00e4 kunnallisen p\u00e4iv\u00e4hoidon kehitt\u00e4miseen. T\u00e4llainen vastakkainasettelu ei ole mitenk\u00e4\u00e4n perusteltua saati j\u00e4rkev\u00e4\u00e4\u201d, Sarkomaa sanoo.<\/p>\n<p>Sarkomaan mielest\u00e4 hallituksen olisi arvioitava uudelleen p\u00e4\u00e4t\u00f6ksens\u00e4 ja toimittava niin, ett\u00e4 hallinnonalan siirto saadaan oikeille raiteille. P\u00e4iv\u00e4hoito ja varhaiskasvatus on siirrett\u00e4v\u00e4 kokonaisuutena opetus- ja kulttuuriministeri\u00f6n vastuulle. Lasten sek\u00e4 Suomen tulevaisuuden kannalta olennaisen varhaiskasvatuksen kehitt\u00e4miseen on l\u00f6ydytt\u00e4v\u00e4 kunnolliset voimavarat. My\u00f6s eduskunnan tulee asiaa arvioida k\u00e4sitelless\u00e4\u00e4n kehysselontekoa.<\/p>\n<p>Puolittamismallin takia OKM:ss\u00e4 ja STM:ss\u00e4 olisi oltava kussakin omat \"p\u00e4iv\u00e4hoitovirkamiehens\u00e4\" jotka valmistelisivat omaa puolikastaan p\u00e4iv\u00e4hoidosta. N\u00e4in ollen itse varhaiskasvatuslain valmisteluun sek\u00e4 p\u00e4iv\u00e4hoidon ja varhaiskasvatuksen kokonaisvaltaiseen kehitt\u00e4miseen ei vastuuministeri\u00f6n\u00e4 toimivassa OKM:ss\u00e4 ja Opetushallituksessa olisi riitt\u00e4vi\u00e4 voimavaroja.<\/p>\n<p>\u201dN\u00e4ytt\u00e4\u00e4 silt\u00e4, ett\u00e4 teht\u00e4vi\u00e4 siirtyy ministeri\u00f6st\u00e4 toiseen, mutta voimavarat eiv\u00e4t. Muutenkin jo isojen s\u00e4\u00e4st\u00f6jen kohteena oleva OKM joutuisi siirt\u00e4m\u00e4\u00e4n resursseja muualta sivistyksen ja koulutuksen kehitt\u00e4misen voimavaroista\u201d, toteaa Sarkomaa.<\/p>\n<p>\u201dT\u00e4m\u00e4 uudistus ei saa olla ministeri\u00f6iden tai ministereiden v\u00e4linen kiistelyn kohde, vaan koko hallituksen ohjelmansa mukaisesti ajama todellinen uudistus. Suomalainen varhaiskasvatus on kansainv\u00e4lisesti verrattuna korkeatasoista, mutta sit\u00e4 on edelleen kehitett\u00e4v\u00e4. Varhaiskasvatus, esiopetus ja perusopetus on n\u00e4ht\u00e4v\u00e4 laajempana kokonaisuutena ja oppimisen polkuna. Se on lasten etu\u201d, sanoo Sarkomaa.<\/p>\n<p>Lis\u00e4tietoja:<br \/>\nSari Sarkomaa<br \/>\n050 511 3033<\/p>\n","protected":false},"excerpt":{"rendered":"<p>Tiedote 16.4.2012 Kokoomuksen kansanedustaja ja valtiovarainvaliokunnan j\u00e4sen Sari Sarkomaa on huolissaan hallituksen kehysriihess\u00e4 tekemist\u00e4 p\u00e4iv\u00e4hoitoon ja varhaiskasvatukseen liittyvist\u00e4 p\u00e4\u00e4t\u00f6ksist\u00e4. On suuri riski, ett\u00e4 p\u00e4\u00e4t\u00f6kset vaarantavat p\u00e4iv\u00e4hoidon kehitt\u00e4misen sek\u00e4 hallitusohjelmassa luvatun p\u00e4iv\u00e4hoitolain uudistamisen varhaiskasvatuslaiksi. Sarkomaa toteaa, ett\u00e4 p\u00e4\u00e4t\u00f6ksen johdosta p\u00e4iv\u00e4hoidon hallinnonalasiirto on menossa vikaraiteille. Kehysp\u00e4\u00e4t\u00f6ksen mukaan vain kaksi henkil\u00f6ty\u00f6vuotta siirtyy sosiaali- ja terveysministeri\u00f6st\u00e4 uuteen vastuuministeri\u00f6\u00f6n. T\u00e4m\u00e4n <a href=\"https:\/\/www.sarisarkomaa.fi\/?p=1839\" class=\"more-link\">...jatka lukemista<span class=\"screen-reader-text\"> \"Hallituksen arvioitava uudelleen p\u00e4iv\u00e4hoitop\u00e4\u00e4t\u00f6ksens\u00e4\"<\/span><\/a><\/p>\n","protected":false},"author":1,"featured_media":0,"comment_status":"closed","ping_status":"closed","sticky":false,"template":"","format":"standard","meta":[],"categories":[4],"tags":[],"_links":{"self":[{"href":"https:\/\/www.sarisarkomaa.fi\/index.php?rest_route=\/wp\/v2\/posts\/1839"}],"collection":[{"href":"https:\/\/www.sarisarkomaa.fi\/index.php?rest_route=\/wp\/v2\/posts"}],"about":[{"href":"https:\/\/www.sarisarkomaa.fi\/index.php?rest_route=\/wp\/v2\/types\/post"}],"author":[{"embeddable":true,"href":"https:\/\/www.sarisarkomaa.fi\/index.php?rest_route=\/wp\/v2\/users\/1"}],"replies":[{"embeddable":true,"href":"https:\/\/www.sarisarkomaa.fi\/index.php?rest_route=%2Fwp%2Fv2%2Fcomments&post=1839"}],"version-history":[{"count":3,"href":"https:\/\/www.sarisarkomaa.fi\/index.php?rest_route=\/wp\/v2\/posts\/1839\/revisions"}],"predecessor-version":[{"id":1841,"href":"https:\/\/www.sarisarkomaa.fi\/index.php?rest_route=\/wp\/v2\/posts\/1839\/revisions\/1841"}],"wp:attachment":[{"href":"https:\/\/www.sarisarkomaa.fi\/index.php?rest_route=%2Fwp%2Fv2%2Fmedia&parent=1839"}],"wp:term":[{"taxonomy":"category","embeddable":true,"href":"https:\/\/www.sarisarkomaa.fi\/index.php?rest_route=%2Fwp%2Fv2%2Fcategories&post=1839"},{"taxonomy":"post_tag","embeddable":true,"href":"https:\/\/www.sarisarkomaa.fi\/index.php?rest_route=%2Fwp%2Fv2%2Ftags&post=1839"}],"curies":[{"name":"wp","href":"https:\/\/api.w.org\/{rel}","templated":true}]}}