{"id":2007,"date":"2012-06-15T13:28:56","date_gmt":"2012-06-15T11:28:56","guid":{"rendered":"http:\/\/www.kaikupuro.fi\/SariSarkomaa\/?p=2007"},"modified":"2012-06-15T13:28:56","modified_gmt":"2012-06-15T11:28:56","slug":"suvivirsi-vai-apinaorkesteri","status":"publish","type":"post","link":"https:\/\/www.sarisarkomaa.fi\/?p=2007","title":{"rendered":"Suvivirsi vai apinaorkesteri?"},"content":{"rendered":"<p><a href=\"http:\/\/www.verkkouutiset.fi\/index.php\/blogit\/72-vieras-blogi-uusin-blogi\/103508-sarkomaa-suvivirsi-vai-apinaorkesteri\">15.6.2012 Blogi Verkkouutisissa<\/a><\/p>\n<p>Kev\u00e4tjuhlat tuovat tullessaan iloa, mutta my\u00f6s paljon pohdintaa koulujemme ja p\u00e4iv\u00e4kotiemme perinteist\u00e4. Taas t\u00e4n\u00e4 kev\u00e4\u00e4n\u00e4 ovat monet miettineet, voiko suvivirtt\u00e4 laulaa p\u00e4iv\u00e4kodin tai koulun juhlissa. Tietysti voi! Suvivirren laulaminen on osa suomalaista kulttuuria ja perinnett\u00e4mme.<\/p>\n<p>Aktiivista pohdintaa kev\u00e4tjuhlaperinteist\u00e4 kuvaa julkisuuteen noussut esimerkki helsinkil\u00e4isest\u00e4 koulusta, jonka kev\u00e4tjuhlassa laulettiin mm. apinaorkesteri suvivirren sijaan.<\/p>\n<p>Eduskunnan perustuslakivaliokunta on t\u00e4hdent\u00e4nyt, ett\u00e4 kev\u00e4t- ja joulujuhlatraditiot ovat osa suomalaista kulttuuria. Virren johdosta ei juhlaa voida pit\u00e4\u00e4 uskonnon harjoittamiseksi katsottavana tilaisuutena. Tietenkin koulut ja p\u00e4iv\u00e4kodit itse p\u00e4\u00e4tt\u00e4v\u00e4t juhlista, mutta ei ole mit\u00e4\u00e4n syyt\u00e4 siihen, ett\u00e4 perinteit\u00e4 pit\u00e4isi muuttaa. P\u00e4invastoin globaalissa ja aina monikulttuurisemmassa maailmassa omien juurien ja perinteiden vaaliminen on vahvuus. Oman kulttuurin ja uskonnon tunteminen sek\u00e4 ymm\u00e4rt\u00e4minen auttaa muiden kulttuurien ja uskontojen ymm\u00e4rt\u00e4misess\u00e4. Kun kunnioitamme ja vaalimme omaa kulttuuriamme, voimme odottaa sille my\u00f6s muiden kunnioitusta.<\/p>\n<p>Suomalaiset ja helsinkil\u00e4iset koulut ovat yh\u00e4 useammin monikulttuurisia ja siksi asia on korostetun t\u00e4rke\u00e4 meill\u00e4 p\u00e4\u00e4kaupunkiseudulla. Joissakin luokissa saattaa puolet oppilaista olla maahanmuuttajataustaisia lapsia. Silloin on erityisen t\u00e4rke\u00e4\u00e4 yll\u00e4pit\u00e4\u00e4 omaa kulttuuria ja huomioida lasten ja nuorten erilaisuus. T\u00e4m\u00e4n onnistuminen vaatii koulujen rehtoreilta, opettajilta ja vanhemmilta hyv\u00e4\u00e4 yhteisty\u00f6t\u00e4.<\/p>\n<p>Monikulttuurisuuden ymm\u00e4rt\u00e4minen ja k\u00e4sitteleminen on asia, joka pit\u00e4isi sis\u00e4llytt\u00e4\u00e4 jokaisen lastentarhan-, luokan-, ja aineopettajan koulutukseen sek\u00e4 koulun johdon, opettajien ja muun kouluhenkil\u00f6st\u00f6n t\u00e4ydennyskoulutukseen. On hyv\u00e4 ihan k\u00e4yt\u00e4nn\u00f6ss\u00e4 k\u00e4yd\u00e4 l\u00e4pi sit\u00e4, mit\u00e4 uskonnonvapaus ja toisaalta oman kulttuurimme vaaliminen tarkoittaa.<\/p>\n<p>Erilaisuuden kohtaaminen ja my\u00f6s oman uskonnon sek\u00e4 kulttuurin k\u00e4sitteleminen on haastava teht\u00e4v\u00e4. Siksi Opetushallitus on vuonna 2006 ohjeistanut (www.edu.fi) kaikkia kouluja toimimaan t\u00e4ss\u00e4 teht\u00e4v\u00e4ss\u00e4 niin, ett\u00e4 kaikilla on oikeus kohdata ja oppia omaa uskontoa ja kulttuuria. Ohjeistuksiin kuuluu my\u00f6s periaatteet siit\u00e4, miten taataan uskonnonvapaus kouluissa ja oppilaitoksissa. Ohjeistus antaa perustan sille, miten maamme perinteet ja uskonnonvapaus sovitetaan arkity\u00f6ss\u00e4 yhteen. P\u00e4\u00e4t\u00f6kset tehd\u00e4\u00e4n tietenkin kussakin koulussa ja p\u00e4iv\u00e4kodissa.<\/p>\n<p>Omien perinteiden s\u00e4ilytt\u00e4minen ja arvostaminen on osa p\u00e4iv\u00e4kotien ja koulujen toimintaa. On t\u00e4rke\u00e4\u00e4, ett\u00e4 kev\u00e4tjuhlissa voi laulaa ja lauletaan perinteisi\u00e4 lauluja, my\u00f6s suvivirren. Se kuuluu suomalaisuuteen.<\/p>\n<p>Sari Sarkomaa (kok)<br \/>\nKansanedustaja ja kaupunginvaltuutettu<br \/>\nOpetushallituksen johtokunnan puheenjohtaja<\/p>\n","protected":false},"excerpt":{"rendered":"<p>15.6.2012 Blogi Verkkouutisissa Kev\u00e4tjuhlat tuovat tullessaan iloa, mutta my\u00f6s paljon pohdintaa koulujemme ja p\u00e4iv\u00e4kotiemme perinteist\u00e4. Taas t\u00e4n\u00e4 kev\u00e4\u00e4n\u00e4 ovat monet miettineet, voiko suvivirtt\u00e4 laulaa p\u00e4iv\u00e4kodin tai koulun juhlissa. Tietysti voi! Suvivirren laulaminen on osa suomalaista kulttuuria ja perinnett\u00e4mme. Aktiivista pohdintaa kev\u00e4tjuhlaperinteist\u00e4 kuvaa julkisuuteen noussut esimerkki helsinkil\u00e4isest\u00e4 koulusta, jonka kev\u00e4tjuhlassa laulettiin mm. apinaorkesteri suvivirren sijaan. Eduskunnan <a href=\"https:\/\/www.sarisarkomaa.fi\/?p=2007\" class=\"more-link\">...jatka lukemista<span class=\"screen-reader-text\"> \"Suvivirsi vai apinaorkesteri?\"<\/span><\/a><\/p>\n","protected":false},"author":1,"featured_media":0,"comment_status":"closed","ping_status":"closed","sticky":false,"template":"","format":"standard","meta":[],"categories":[8],"tags":[],"_links":{"self":[{"href":"https:\/\/www.sarisarkomaa.fi\/index.php?rest_route=\/wp\/v2\/posts\/2007"}],"collection":[{"href":"https:\/\/www.sarisarkomaa.fi\/index.php?rest_route=\/wp\/v2\/posts"}],"about":[{"href":"https:\/\/www.sarisarkomaa.fi\/index.php?rest_route=\/wp\/v2\/types\/post"}],"author":[{"embeddable":true,"href":"https:\/\/www.sarisarkomaa.fi\/index.php?rest_route=\/wp\/v2\/users\/1"}],"replies":[{"embeddable":true,"href":"https:\/\/www.sarisarkomaa.fi\/index.php?rest_route=%2Fwp%2Fv2%2Fcomments&post=2007"}],"version-history":[{"count":2,"href":"https:\/\/www.sarisarkomaa.fi\/index.php?rest_route=\/wp\/v2\/posts\/2007\/revisions"}],"predecessor-version":[{"id":2009,"href":"https:\/\/www.sarisarkomaa.fi\/index.php?rest_route=\/wp\/v2\/posts\/2007\/revisions\/2009"}],"wp:attachment":[{"href":"https:\/\/www.sarisarkomaa.fi\/index.php?rest_route=%2Fwp%2Fv2%2Fmedia&parent=2007"}],"wp:term":[{"taxonomy":"category","embeddable":true,"href":"https:\/\/www.sarisarkomaa.fi\/index.php?rest_route=%2Fwp%2Fv2%2Fcategories&post=2007"},{"taxonomy":"post_tag","embeddable":true,"href":"https:\/\/www.sarisarkomaa.fi\/index.php?rest_route=%2Fwp%2Fv2%2Ftags&post=2007"}],"curies":[{"name":"wp","href":"https:\/\/api.w.org\/{rel}","templated":true}]}}