{"id":2068,"date":"2012-08-10T12:59:48","date_gmt":"2012-08-10T10:59:48","guid":{"rendered":"http:\/\/www.kaikupuro.fi\/SariSarkomaa\/?p=2068"},"modified":"2012-08-10T12:59:48","modified_gmt":"2012-08-10T10:59:48","slug":"oikeus-palveluihin-jaamassa-vanhuspalvelulakivenkoilun-jalkoihin","status":"publish","type":"post","link":"https:\/\/www.sarisarkomaa.fi\/?p=2068","title":{"rendered":"Oikeus palveluihin j\u00e4\u00e4m\u00e4ss\u00e4 vanhuspalvelulakivenkoilun jalkoihin?"},"content":{"rendered":"<p><a href=\"http:\/\/www.verkkouutiset.fi\/index.php\/blogit\/72-vieras-blogi-uusin-blogi\/106672-sarkomaa-jaako-oikeus-palveluihin-lakivenkoilun-jalkoihin\">Blogi Verkkouutisissa<\/a><\/p>\n<p>Peruspalveluministeri Maria Guzenina-Richardsonin (sd.) aloittama vanhuspalvelulakivenkoilu on lopetettava. Lain valmistelu on palautettava viivytyksett\u00e4 hallitusohjelmassa luvatuille urille. Ministerin sinkoilu kannoissaan on johtanut siihen, ett\u00e4 lakiesityksest\u00e4 puuttuu koko uudistuksen \u201djuju\u201d eli kirjaus i\u00e4kk\u00e4iden ihmisten oikeudesta laadukkaaseen ja tarpeenmukaiseen hoivaan sek\u00e4 palveluihin.<\/p>\n<p>Lieneek\u00f6 keskustelun melskeess\u00e4 ja vaalikuumeen noustessa ministerilt\u00e4 unohtunut, ett\u00e4 vanhuspalvelulaki tarvitaan nimenomaan siksi, ett\u00e4 nykyisin 75 vuotta t\u00e4ytt\u00e4nyt on lakis\u00e4\u00e4teisesti oikeutettu palvelutarpeiden arviointiin, mutta ei itse palveluihin. N\u00e4in ollen ik\u00e4ihmiset ovat eri puolella Suomea hyvin eriarvoisessa asemassa. My\u00f6s vanhuspalvelulakiluonnoksen kohderyhm\u00e4\u00e4 on laajennettava, jotta palveluita voidaan kehitt\u00e4\u00e4 ennaltaehk\u00e4isev\u00e4sti ja laitosvaltaisuutta purkaen. Se on inhimillist\u00e4 ja taloudellista.<\/p>\n<p>Me kokoomuslaiset hallitusneuvottelijat teimme viime vuonna S\u00e4\u00e4tytalolla kovasti ty\u00f6t\u00e4, ett\u00e4 lis\u00e4rahaa osoitettaisiin my\u00f6s ihmisten hyv\u00e4n arjen kannalta v\u00e4ltt\u00e4m\u00e4tt\u00f6mien peruspalveluiden kehitt\u00e4miseen. Vanhuspalvelulaki kirjattiin hallitusohjelmaan kokoomuksen aloitteesta. My\u00f6s sen valmistelu aloitettiin jo viime vaalikaudella kokoomuslaisen ministeri Paula Risikon toimesta. Ei siis ole yht\u00e4 kysymyst\u00e4 etteik\u00f6 meid\u00e4n kokoomuslaisten toimesta huolehdita, ett\u00e4 laki todella valmistuu ja ett\u00e4 se saa tarvittavat voimavarat.<\/p>\n<p>My\u00f6s p\u00e4\u00e4ministeri Katainen teroitti aamun TV:n puheenvuorossaan, ett\u00e4 valmisteluun on saatava ryhti\u00e4. Vastaavan ministerin on nyt vain urakoitava lain valmistelussa niin, ett\u00e4 hallitus voi p\u00e4\u00e4tt\u00e4\u00e4 vanhuspalvelulain voimavaroista jo budjettiriihess\u00e4. On ik\u00e4v\u00e4 tosiasia, ett\u00e4 peruspalveluministerin oma soutaminen ja huopaaminen kannoissaan henkil\u00f6st\u00f6mitoituksista on vaarassa jarruttaa koko hallitukselle t\u00e4rke\u00e4n asian eteenp\u00e4inviemist\u00e4.<\/p>\n<p>On v\u00e4ltt\u00e4m\u00e4t\u00f6nt\u00e4, ett\u00e4 eduskunta saa vanhuspalvelulain mahdollisimman pian k\u00e4sitelt\u00e4v\u00e4kseen, jotta laki ehtii ohjaamaan meneill\u00e4\u00e4n olevaa kunta- ja palvelurakenneuudistusta. Kunnissa ollaan todella kovilla, kun palvelurakenneuudistusta pit\u00e4isi vied\u00e4 eteenp\u00e4in, mutta kenell\u00e4k\u00e4\u00e4n ei ole viel\u00e4 tietoa vanhuspalvelulain tai terveydenhuollon uudistuksen tarkasta sis\u00e4ll\u00f6st\u00e4. Ihmisten arjen palveluiden kannalta on ihan v\u00e4ltt\u00e4m\u00e4t\u00f6nt\u00e4 laittaa lis\u00e4\u00e4 vauhtia sosiaali- ja terveysministeri\u00f6n valmistelukoneistoon.<\/p>\n<p>Vastaavan ministerin on my\u00f6s huolehdittava, ett\u00e4 ministeri\u00f6 tuottaa vihdoin uskottavat ja vedenpit\u00e4v\u00e4t laskelmat lakiesityksen kustannuksista niin valtiolle kuin kunnille. On ollut h\u00e4mment\u00e4v\u00e4\u00e4, ett\u00e4 peruspalveluministeri on esitellyt julkisuudessa lukuja ilman tietoa siit\u00e4, mik\u00e4 lain sis\u00e4lt\u00f6 kokonaisuudessaan tulee olemaan. Vanhuspalvelulaista tulee varmasti hyv\u00e4, kunhan nyt ty\u00f6 tehd\u00e4\u00e4n rivakasti ja kunnolla loppuun.<\/p>\n<p>On kiitett\u00e4v\u00e4\u00e4 vastuullisuutta oppositiolta, kun sosiaali- ja terveysvaliokunnan puheenjohtaja Juha Rehula (kesk.) totesi, ett\u00e4 henkil\u00f6st\u00f6mitoitus on oltava hoidon tarpeen mukaan ja on iso miina vannoa mitoituksen ratkaisevan kaiken. Lain keskeinen tavoite on vahvistaa ik\u00e4ihmisten itsem\u00e4\u00e4r\u00e4misoikeutta. T\u00e4m\u00e4 tarkoittaa sit\u00e4, ett\u00e4 ihmiset saisivat palveluita, joita he tarvitsevat.<\/p>\n<p>Peruspalveluministerin on nyt kuultava herkemm\u00e4ll\u00e4 korvalla hoitoalan ammattilaisia. Tehy on aivan oikein todennut, ett\u00e4 hoitoa tarvitsevien kunto ja avuntarve on huomioitava. Hoivahenkil\u00f6kunnan lis\u00e4ksi vanhustenhuollossa tarvitaan mm. fysio- ja toimintaterapeutteja sek\u00e4 sosiaaliohjaajia. On p\u00e4iv\u00e4nselv\u00e4\u00e4, ett\u00e4 ihmiset tekev\u00e4t palveluiden laadun, mutta on \u00e4lyllisesti ep\u00e4rehellist\u00e4 uskotella, ett\u00e4 pelkk\u00e4 hoitohenkil\u00f6kunnan mekaaninen laskeminen yksin turvaisi ik\u00e4ihmisten palveluiden laadun.<\/p>\n<p>Sari Sarkomaa (kok)<br \/>\nKansanedustaja<br \/>\nValtiovarainvaliokunnan kunta- ja terveysjaoston puheenjohtaja<br \/>\nTerveydenhuollon maisteri<\/p>\n","protected":false},"excerpt":{"rendered":"<p>Blogi Verkkouutisissa Peruspalveluministeri Maria Guzenina-Richardsonin (sd.) aloittama vanhuspalvelulakivenkoilu on lopetettava. Lain valmistelu on palautettava viivytyksett\u00e4 hallitusohjelmassa luvatuille urille. Ministerin sinkoilu kannoissaan on johtanut siihen, ett\u00e4 lakiesityksest\u00e4 puuttuu koko uudistuksen \u201djuju\u201d eli kirjaus i\u00e4kk\u00e4iden ihmisten oikeudesta laadukkaaseen ja tarpeenmukaiseen hoivaan sek\u00e4 palveluihin. Lieneek\u00f6 keskustelun melskeess\u00e4 ja vaalikuumeen noustessa ministerilt\u00e4 unohtunut, ett\u00e4 vanhuspalvelulaki tarvitaan nimenomaan siksi, ett\u00e4 <a href=\"https:\/\/www.sarisarkomaa.fi\/?p=2068\" class=\"more-link\">...jatka lukemista<span class=\"screen-reader-text\"> \"Oikeus palveluihin j\u00e4\u00e4m\u00e4ss\u00e4 vanhuspalvelulakivenkoilun jalkoihin?\"<\/span><\/a><\/p>\n","protected":false},"author":1,"featured_media":0,"comment_status":"closed","ping_status":"closed","sticky":false,"template":"","format":"standard","meta":[],"categories":[8],"tags":[],"_links":{"self":[{"href":"https:\/\/www.sarisarkomaa.fi\/index.php?rest_route=\/wp\/v2\/posts\/2068"}],"collection":[{"href":"https:\/\/www.sarisarkomaa.fi\/index.php?rest_route=\/wp\/v2\/posts"}],"about":[{"href":"https:\/\/www.sarisarkomaa.fi\/index.php?rest_route=\/wp\/v2\/types\/post"}],"author":[{"embeddable":true,"href":"https:\/\/www.sarisarkomaa.fi\/index.php?rest_route=\/wp\/v2\/users\/1"}],"replies":[{"embeddable":true,"href":"https:\/\/www.sarisarkomaa.fi\/index.php?rest_route=%2Fwp%2Fv2%2Fcomments&post=2068"}],"version-history":[{"count":2,"href":"https:\/\/www.sarisarkomaa.fi\/index.php?rest_route=\/wp\/v2\/posts\/2068\/revisions"}],"predecessor-version":[{"id":2070,"href":"https:\/\/www.sarisarkomaa.fi\/index.php?rest_route=\/wp\/v2\/posts\/2068\/revisions\/2070"}],"wp:attachment":[{"href":"https:\/\/www.sarisarkomaa.fi\/index.php?rest_route=%2Fwp%2Fv2%2Fmedia&parent=2068"}],"wp:term":[{"taxonomy":"category","embeddable":true,"href":"https:\/\/www.sarisarkomaa.fi\/index.php?rest_route=%2Fwp%2Fv2%2Fcategories&post=2068"},{"taxonomy":"post_tag","embeddable":true,"href":"https:\/\/www.sarisarkomaa.fi\/index.php?rest_route=%2Fwp%2Fv2%2Ftags&post=2068"}],"curies":[{"name":"wp","href":"https:\/\/api.w.org\/{rel}","templated":true}]}}