{"id":2122,"date":"2012-08-29T12:07:31","date_gmt":"2012-08-29T10:07:31","guid":{"rendered":"http:\/\/www.kaikupuro.fi\/SariSarkomaa\/?p=2122"},"modified":"2012-08-29T12:10:55","modified_gmt":"2012-08-29T10:10:55","slug":"opetushallituksen-johtajan-hatahuuto-lasten-puolesta-otettava-tosissaan","status":"publish","type":"post","link":"https:\/\/www.sarisarkomaa.fi\/?p=2122","title":{"rendered":"Opetushallituksen johtajan h\u00e4t\u00e4huuto lasten puolesta otettava tosissaan"},"content":{"rendered":"<p>Tiedote 29.8.2012<\/p>\n<p><strong>Kokoomuksen kansanedustajat, opetushallituksen johtokunnan puheenjohtaja Sari Sarkomaa ja sivistysvaliokunnan puheenjohtaja Raija Vahasalo her\u00e4ttelev\u00e4t budjettiriihess\u00e4 istuvaa hallitusta ottamaan opetushallituksen p\u00e4\u00e4johtajan Aulis Pitk\u00e4l\u00e4n (sd.) h\u00e4t\u00e4huudon tosissaan. Sarkomaa ja Vahasalo yhtyv\u00e4t p\u00e4\u00e4johtaja Pitk\u00e4l\u00e4n huoleen siit\u00e4, ett\u00e4 p\u00e4iv\u00e4hoidon ja varhaiskasvatuksen uudistaminen on vesittym\u00e4ss\u00e4. Kansanedustajat kiitt\u00e4v\u00e4t Pitk\u00e4l\u00e4\u00e4 siit\u00e4, ett\u00e4 h\u00e4n sitke\u00e4sti pit\u00e4\u00e4 lasten palveluiden puolta. Opetusministeri Gustafssonin (sd) on budjettiriihess\u00e4 havahduttava vakavaan tilanteeseen ja estett\u00e4v\u00e4 p\u00e4iv\u00e4hoidon voimavarojen ry\u00f6st\u00f6.<\/strong><\/p>\n<p>Hallitusohjelman mukaisesti varhaiskasvatuksen ja p\u00e4iv\u00e4hoitopalvelujen lains\u00e4\u00e4d\u00e4nt\u00f6 sek\u00e4 ohjaus siirret\u00e4\u00e4n ensi vuoden alusta sosiaali- ja terveysministeri\u00f6st\u00e4 opetus- ja kulttuuriministeri\u00f6\u00f6n. STM on kuitenkin siirtym\u00e4ss\u00e4 vain kaksi henkil\u00f6ty\u00f6vuotta opetusministeri\u00f6\u00f6n, vaikka vuoden 2010 selvityksen mukaan STM:ss\u00e4 ja Terveyden ja hyvinvoinnin laitoksella THL:ss\u00e4 p\u00e4iv\u00e4hoidon ja varhaiskasvatuksenasioita hoiti 9,3 henkil\u00f6ty\u00f6vuotta. Opetushallitukselle ei ole tulossa lainkaan varhaiskasvatukseen liittyvi\u00e4 lakis\u00e4\u00e4teisi\u00e4 teht\u00e4vi\u00e4. Pitk\u00e4\u00e4n odotettu uudistus uhkaa romuttua. Eduskunta on useaan otteeseen muistuttanut hallitusta siit\u00e4, ett\u00e4 opetus- ja kulttuuriministeri\u00f6n on saatava lis\u00e4teht\u00e4vien lis\u00e4ksi my\u00f6s siihen tarvittavat resurssit.<\/p>\n<p><strong>\u201dMihin katosivat virastojen varhaiskasvatuksen henkil\u00f6ty\u00f6vuodet ja mihin henkil\u00f6t?\u201d kysyv\u00e4t Sarkomaa ja Vahasalo. \u201dN\u00e4ytt\u00e4\u00e4 silt\u00e4, ett\u00e4 teht\u00e4vi\u00e4 siirtyy ministeri\u00f6st\u00e4 toiseen, mutta voimavarat eiv\u00e4t. Muutenkin jo isojen s\u00e4\u00e4st\u00f6jen kohteena oleva OKM joutuu leikkaamaan resursseja muun sivistyksen ja koulutuksen kehitt\u00e4misest\u00e4\u201d, Sarkomaa ja Vahasalo jatkavat.<\/strong><\/p>\n<p><strong>Sarkomaan ja Vahasalon mielest\u00e4 hallituksen on peruttava aikeensa halkaista p\u00e4iv\u00e4hoito. Vastoin hallitusohjelmaa ja kaikkia asiantuntijoita hallitus on j\u00e4tt\u00e4m\u00e4ss\u00e4 kotihoidon ja yksityisen hoidon tuet sosiaali- ja terveysministeri\u00f6\u00f6n. <\/strong>P\u00e4iv\u00e4hoidon kahtiarepimiseen ei ole mit\u00e4\u00e4n j\u00e4rjellisi\u00e4 perusteluja ja on selv\u00e4\u00e4, ett\u00e4 se vaarantaa koko p\u00e4iv\u00e4hoidon ja varhaiskasvatuksen kehitt\u00e4misen.<\/p>\n<p>\u201dKahtiarepimisen\u201d vuoksi STM:ss\u00e4 kotihoidon ja yksityisen hoidon tukien kehitt\u00e4misen resurssit turvataan, kun taas OKM:ss\u00e4 kunnallisen p\u00e4iv\u00e4hoidon kehitt\u00e4miseen ei riit\u00e4 voimavaroja. T\u00e4llainen vastakkainasettelu ei ole mitenk\u00e4\u00e4n perusteltua saati j\u00e4rkev\u00e4\u00e4. Opetushallitus, jossa pit\u00e4isi valmistella esimerkiksi varhaiskasvatuksen perusteet, on j\u00e4\u00e4nyt t\u00e4ysin ilman voimavaroja. Tilanne on kest\u00e4m\u00e4t\u00f6n.<\/p>\n<p>Sarkomaan ja Vahasalon mielest\u00e4 hallinnonalan siirto on saatava oikeille raiteille. P\u00e4iv\u00e4hoito ja varhaiskasvatus on siirrett\u00e4v\u00e4 kokonaisuutena opetus- ja kulttuuriministeri\u00f6n vastuulle. Lasten sek\u00e4 Suomen tulevaisuuden kannalta olennaisen varhaiskasvatuksen kehitt\u00e4miseen on l\u00f6ydytt\u00e4v\u00e4 kunnolliset voimavarat.<\/p>\n<p>P\u00e4iv\u00e4hoidon hallinnon siirto ja p\u00e4iv\u00e4hoitolain uudistaminen varhaiskasvatuslaiksi ovat olleet asialistalla 15 vuotta ja usean hallituksen ohjelmassa kirjattuna. Eduskunta ja sivistysvaliokunta ovat muistuttaneet asiasta useaan otteeseen. On korkea aika saada my\u00f6s pienten lasten palvelut kuntoon.<\/p>\n<p>\u201dOpetusministeri\u00f6n on ryhdytt\u00e4v\u00e4 viipym\u00e4tt\u00e4 valmistelemaan uutta varhaiskasvatuslakia. Muuten aika k\u00e4y v\u00e4hiin. Jos eduskunnalle annetaan esitys uudesta varhaiskasvatuslaista, kuten suunnitelmissa on, kev\u00e4tistuntokaudella 2014 on lain valmistelun aloittamisella jo hurja kiire\u201d, toteavat Sarkomaa ja Vahasalo.<\/p>\n<p>Lis\u00e4tietoja:<br \/>\nSari Sarkomaa<br \/>\n050 511 3033<\/p>\n<p>Raija Vahasalo<br \/>\n050 511 3090<\/p>\n","protected":false},"excerpt":{"rendered":"<p>Tiedote 29.8.2012 Kokoomuksen kansanedustajat, opetushallituksen johtokunnan puheenjohtaja Sari Sarkomaa ja sivistysvaliokunnan puheenjohtaja Raija Vahasalo her\u00e4ttelev\u00e4t budjettiriihess\u00e4 istuvaa hallitusta ottamaan opetushallituksen p\u00e4\u00e4johtajan Aulis Pitk\u00e4l\u00e4n (sd.) h\u00e4t\u00e4huudon tosissaan. Sarkomaa ja Vahasalo yhtyv\u00e4t p\u00e4\u00e4johtaja Pitk\u00e4l\u00e4n huoleen siit\u00e4, ett\u00e4 p\u00e4iv\u00e4hoidon ja varhaiskasvatuksen uudistaminen on vesittym\u00e4ss\u00e4. Kansanedustajat kiitt\u00e4v\u00e4t Pitk\u00e4l\u00e4\u00e4 siit\u00e4, ett\u00e4 h\u00e4n sitke\u00e4sti pit\u00e4\u00e4 lasten palveluiden puolta. Opetusministeri Gustafssonin (sd) <a href=\"https:\/\/www.sarisarkomaa.fi\/?p=2122\" class=\"more-link\">...jatka lukemista<span class=\"screen-reader-text\"> \"Opetushallituksen johtajan h\u00e4t\u00e4huuto lasten puolesta otettava tosissaan\"<\/span><\/a><\/p>\n","protected":false},"author":1,"featured_media":0,"comment_status":"closed","ping_status":"closed","sticky":false,"template":"","format":"standard","meta":[],"categories":[4],"tags":[],"_links":{"self":[{"href":"https:\/\/www.sarisarkomaa.fi\/index.php?rest_route=\/wp\/v2\/posts\/2122"}],"collection":[{"href":"https:\/\/www.sarisarkomaa.fi\/index.php?rest_route=\/wp\/v2\/posts"}],"about":[{"href":"https:\/\/www.sarisarkomaa.fi\/index.php?rest_route=\/wp\/v2\/types\/post"}],"author":[{"embeddable":true,"href":"https:\/\/www.sarisarkomaa.fi\/index.php?rest_route=\/wp\/v2\/users\/1"}],"replies":[{"embeddable":true,"href":"https:\/\/www.sarisarkomaa.fi\/index.php?rest_route=%2Fwp%2Fv2%2Fcomments&post=2122"}],"version-history":[{"count":3,"href":"https:\/\/www.sarisarkomaa.fi\/index.php?rest_route=\/wp\/v2\/posts\/2122\/revisions"}],"predecessor-version":[{"id":2125,"href":"https:\/\/www.sarisarkomaa.fi\/index.php?rest_route=\/wp\/v2\/posts\/2122\/revisions\/2125"}],"wp:attachment":[{"href":"https:\/\/www.sarisarkomaa.fi\/index.php?rest_route=%2Fwp%2Fv2%2Fmedia&parent=2122"}],"wp:term":[{"taxonomy":"category","embeddable":true,"href":"https:\/\/www.sarisarkomaa.fi\/index.php?rest_route=%2Fwp%2Fv2%2Fcategories&post=2122"},{"taxonomy":"post_tag","embeddable":true,"href":"https:\/\/www.sarisarkomaa.fi\/index.php?rest_route=%2Fwp%2Fv2%2Ftags&post=2122"}],"curies":[{"name":"wp","href":"https:\/\/api.w.org\/{rel}","templated":true}]}}