{"id":2157,"date":"2012-09-03T08:10:34","date_gmt":"2012-09-03T06:10:34","guid":{"rendered":"http:\/\/www.sarisarkomaa.fi\/?p=2157"},"modified":"2012-09-03T08:10:34","modified_gmt":"2012-09-03T06:10:34","slug":"opetusministerin-heraaminen-paivahoidon-voimavararyostoon-iso-helpotus","status":"publish","type":"post","link":"https:\/\/www.sarisarkomaa.fi\/?p=2157","title":{"rendered":"Opetusministerin her\u00e4\u00e4minen p\u00e4iv\u00e4hoidon voimavarary\u00f6st\u00f6\u00f6n iso helpotus"},"content":{"rendered":"<p>Tiedote 2.9.2012<\/p>\n<p>\"Opetusministeri Jukka Gustafssonin (sd) her\u00e4\u00e4minen p\u00e4iv\u00e4hoidon ja varhaiskasvatuksen kehitt\u00e4mis- ja hallinnointivoimavaroja uhkaavaan ry\u00f6st\u00f6\u00f6n on suuri helpotus ja edistysaskel\", sanoo kokoomuksen kansanedustaja, opetushallituksen johtokunnan puheenjohtaja Sari Sarkomaa. Gustafsson on sanonut, ett\u00e4 h\u00e4nen tarkoituksenaan on saada lis\u00e4\u00e4 resursseja. Sarkomaa kiritt\u00e4\u00e4 ministeri\u00e4 nopeisiin tekoihin sek\u00e4 kertomaan viipym\u00e4tt\u00e4 mit\u00e4 konkreettisesti aikoo tehd\u00e4. Sarkomaa pit\u00e4\u00e4 ministerin her\u00e4\u00e4mist\u00e4 vasta budjettiriihen j\u00e4lkeen omituisena varsinkin kun h\u00e4t\u00e4huutoja asiasta on tullut hallituskauden alusta alkaen niin eduskunnasta kuin opetushallinnostakin.<\/p>\n<p>Sarkomaa toteaa, ett\u00e4 parempi my\u00f6h\u00e4\u00e4n kuin ei milloinkaan ja ehdottaa tilanteen ratkaisuksi p\u00e4iv\u00e4hoidon pilkkomisp\u00e4\u00e4t\u00f6ksen perumista. Sarkomaa vaatii, ett\u00e4 hallitus muuttaa hallitusohjelman vastaisen ja t\u00e4ysin j\u00e4rjett\u00f6m\u00e4n p\u00e4\u00e4t\u00f6ksen pilkkoa p\u00e4iv\u00e4hoidon hallinto kahteen ministeri\u00f6\u00f6n. Vastuu p\u00e4iv\u00e4hoidosta siirret\u00e4\u00e4n ensi vuoden alussa sosiaali- ja terveysministeri\u00f6lt\u00e4 opetusministeri\u00f6lle. Vastoin hallitusohjelmaa ja kaikkia asiantuntijoita hallitus on kuitenkin j\u00e4tt\u00e4m\u00e4ss\u00e4 kotihoidon ja yksityisen hoidon tuet sosiaali- ja terveysministeri\u00f6\u00f6n.<\/p>\n<p>\u201dKahtiarepimisen\u201d vuoksi STM:ss\u00e4 kotihoidon ja yksityisen hoidon tukien kehitt\u00e4misen resurssit turvataan, kun taas OKM:ss\u00e4 kunnallisen p\u00e4iv\u00e4hoidon kehitt\u00e4miseen ei riit\u00e4 voimavaroja.\u00a0 Opetushallitus, jossa pit\u00e4isi valmistella esimerkiksi varhaiskasvatuksen perusteet, on j\u00e4\u00e4nyt t\u00e4ysin ilman voimavaroja.<\/p>\n<p>Sarkomaan mielest\u00e4 hallinnonalan siirto on saatava oikeille raiteille. P\u00e4iv\u00e4hoito ja varhaiskasvatus on siirrett\u00e4v\u00e4 kokonaisuutena opetus- ja kulttuuriministeri\u00f6n vastuulle aivan kuten hallitusneuvotteluissa sovittiin.<\/p>\n<p>\"P\u00e4\u00e4t\u00f6ksen peruminen on ainoa j\u00e4rkev\u00e4 vaihtoehto, varsinkin nyt n\u00e4hd\u00e4\u00e4n, ett\u00e4 pilkkomisen johdosta varhaiskasvatuksen ja p\u00e4iv\u00e4hoidon hallinto on j\u00e4\u00e4m\u00e4ss\u00e4 ilman voimavaroja. Mik\u00e4 h\u00e4lytt\u00e4vint\u00e4 hallituksen lupaus uudistaa ikivanha p\u00e4iv\u00e4hoitolaki varhaiskasvatuslaiksi on vaarassa romuttua. On ep\u00e4viisasta ja lyhytn\u00e4k\u00f6ist\u00e4 leikata lasten palveluiden kehitt\u00e4misest\u00e4. Juuri p\u00e4iv\u00e4hoidossa ja varhaiskasvatuksessa tehd\u00e4\u00e4n parasta ennaltaehk\u00e4isev\u00e4\u00e4 ty\u00f6t\u00e4 lasten hyvinvoinnin turvaamiseksi. Lasten ja perheiden haasteet kasvavat ja siksi voimavarojen ry\u00f6st\u00e4minen lasten palveluilta on estett\u00e4v\u00e4. Jos opetusministeri ei t\u00e4t\u00e4 tee yhdess\u00e4 hallituksen kanssa, t\u00e4m\u00e4 pelastusty\u00f6 teht\u00e4v\u00e4 eduskunnassa\", sanoo Sarkomaa.<\/p>\n<p>Lis\u00e4tietoja:<br \/>\nSari Sarkomaa<br \/>\n050 511 3033<\/p>\n","protected":false},"excerpt":{"rendered":"<p>Tiedote 2.9.2012 \"Opetusministeri Jukka Gustafssonin (sd) her\u00e4\u00e4minen p\u00e4iv\u00e4hoidon ja varhaiskasvatuksen kehitt\u00e4mis- ja hallinnointivoimavaroja uhkaavaan ry\u00f6st\u00f6\u00f6n on suuri helpotus ja edistysaskel\", sanoo kokoomuksen kansanedustaja, opetushallituksen johtokunnan puheenjohtaja Sari Sarkomaa. Gustafsson on sanonut, ett\u00e4 h\u00e4nen tarkoituksenaan on saada lis\u00e4\u00e4 resursseja. Sarkomaa kiritt\u00e4\u00e4 ministeri\u00e4 nopeisiin tekoihin sek\u00e4 kertomaan viipym\u00e4tt\u00e4 mit\u00e4 konkreettisesti aikoo tehd\u00e4. Sarkomaa pit\u00e4\u00e4 ministerin her\u00e4\u00e4mist\u00e4 vasta <a href=\"https:\/\/www.sarisarkomaa.fi\/?p=2157\" class=\"more-link\">...jatka lukemista<span class=\"screen-reader-text\"> \"Opetusministerin her\u00e4\u00e4minen p\u00e4iv\u00e4hoidon voimavarary\u00f6st\u00f6\u00f6n iso helpotus\"<\/span><\/a><\/p>\n","protected":false},"author":1,"featured_media":0,"comment_status":"closed","ping_status":"closed","sticky":false,"template":"","format":"standard","meta":[],"categories":[4],"tags":[],"_links":{"self":[{"href":"https:\/\/www.sarisarkomaa.fi\/index.php?rest_route=\/wp\/v2\/posts\/2157"}],"collection":[{"href":"https:\/\/www.sarisarkomaa.fi\/index.php?rest_route=\/wp\/v2\/posts"}],"about":[{"href":"https:\/\/www.sarisarkomaa.fi\/index.php?rest_route=\/wp\/v2\/types\/post"}],"author":[{"embeddable":true,"href":"https:\/\/www.sarisarkomaa.fi\/index.php?rest_route=\/wp\/v2\/users\/1"}],"replies":[{"embeddable":true,"href":"https:\/\/www.sarisarkomaa.fi\/index.php?rest_route=%2Fwp%2Fv2%2Fcomments&post=2157"}],"version-history":[{"count":2,"href":"https:\/\/www.sarisarkomaa.fi\/index.php?rest_route=\/wp\/v2\/posts\/2157\/revisions"}],"predecessor-version":[{"id":2159,"href":"https:\/\/www.sarisarkomaa.fi\/index.php?rest_route=\/wp\/v2\/posts\/2157\/revisions\/2159"}],"wp:attachment":[{"href":"https:\/\/www.sarisarkomaa.fi\/index.php?rest_route=%2Fwp%2Fv2%2Fmedia&parent=2157"}],"wp:term":[{"taxonomy":"category","embeddable":true,"href":"https:\/\/www.sarisarkomaa.fi\/index.php?rest_route=%2Fwp%2Fv2%2Fcategories&post=2157"},{"taxonomy":"post_tag","embeddable":true,"href":"https:\/\/www.sarisarkomaa.fi\/index.php?rest_route=%2Fwp%2Fv2%2Ftags&post=2157"}],"curies":[{"name":"wp","href":"https:\/\/api.w.org\/{rel}","templated":true}]}}