{"id":2176,"date":"2012-09-07T13:53:18","date_gmt":"2012-09-07T11:53:18","guid":{"rendered":"http:\/\/www.sarisarkomaa.fi\/?p=2176"},"modified":"2012-09-07T13:53:41","modified_gmt":"2012-09-07T11:53:41","slug":"syyskirje-2012","status":"publish","type":"post","link":"https:\/\/www.sarisarkomaa.fi\/?p=2176","title":{"rendered":"Syyskirje 2012"},"content":{"rendered":"<p>Kirjoitan kuukausittain kirjeen ajankohtaisista asioista.<\/p>\n<p>Saat kuukausikirjeen\u00a0t\u00e4ytt\u00e4m\u00e4ll\u00e4 <a href=\"http:\/\/www.sarisarkomaa.fi\/?page_id=106\">lomakkeen<\/a> tai\u00a0ottamalla minuun yhteytt\u00e4. Ohessa n\u00e4et viimeisimm\u00e4n kuukausikirjeeni aiheet.<\/p>\n<p><strong>Sarin eduskuntaterveiset <\/strong><\/p>\n<p>Arvoisa vastaanottaja,<\/p>\n<p>Eduskunnan istunnot ja valiokuntaty\u00f6 alkoivat yritt\u00e4j\u00e4n p\u00e4iv\u00e4n\u00e4 5.9. Yritteli\u00e4isyytt\u00e4 tarvitaankin eduskunnan syksyn haasteissa. Elokuu vier\u00e4hti nopeasti kun kalenteri t\u00e4yttyi ty\u00f6matkoista, tapaamisista ja kokouksista sek\u00e4 valtion ensi vuoden talousarvioasioista.<\/p>\n<p>Hein\u00e4kuun vietimme tuttuun tapaan purjehtien koko perheen voimin nauttien kes\u00e4st\u00e4 ja upeasta It\u00e4meren luonnosta. Tuulet olivat kaikkea muuta kuin lempeit\u00e4, aivan kuten Euroopan taloudessakin. Vastatuulta ei puuttunut ja myrsky\u00e4 sai aina varoa. Irtiotto arjesta ja hektisest\u00e4 ty\u00f6nteosta teki hyv\u00e4\u00e4 ja antoi voimia eduskunnan politiikan syksyyn.<\/p>\n<p><span style=\"text-decoration: underline;\"><strong>T\u00e4ss\u00e4 kirjeess\u00e4ni k\u00e4sittelen seuraavia asioita:<\/strong><\/span><\/p>\n<p><strong>-\u00a0\u00a0 \u00a0Helsingin peruskouluja ja lukioita uhanneet leikkaukset peruttiin<br \/>\n-\u00a0\u00a0 \u00a0T\u00e4rke\u00e4 vanhuspalvelulaki etenee vihdoin eduskuntaan<br \/>\n-\u00a0\u00a0 \u00a0Ennaltaehk\u00e4isyyn on fiksua panostaa<br \/>\n-\u00a0\u00a0 \u00a0Kohti kunnallisvaaleja urakoiden mutta t\u00e4ll\u00e4 kertaa ei ehdokkaana<br \/>\n-\u00a0\u00a0 \u00a0Tervetuloa tapaamaan ja keskustelemaan!<\/strong><\/p>\n<p><strong>o<\/strong> <strong>La 8.9.<\/strong> Puistola-p\u00e4iv\u00e4n\u00e4 klo 11.30 \u2013 12.30 Puistolan torilla (Suuntimotie)<br \/>\n<strong>o <\/strong> <strong>Su 9.9.<\/strong> Pit\u00e4j\u00e4nm\u00e4ki-p\u00e4iv\u00e4n\u00e4 klo 12 \u2013 13, Pit\u00e4j\u00e4nm\u00e4en kirjaston edustalla (Turkismiehentien p\u00e4\u00e4ss\u00e4, os. Jousipolku 1.)<br \/>\n<strong>o\u00a0\u00a0 \u00a0Ke 12.9<\/strong> Helsingin vanhempainyhdistysten alueyhdistys (Helvary) j\u00e4rjest\u00e4\u00e4 keskustelutilaisuuden Helsingin koulujen sis\u00e4ilmaongelmista, pikkuparlamentin kansalaisinfossa ke 12.9 klo 17 \u2013 18.45. Olen yksi puhujista, ja mukana on mm. opetusviraston ja tilakeskuksen v\u00e4ke\u00e4. Tarkempia tietoja tapahtumasta l\u00f6yd\u00e4t osoitteesta <a href=\"http:\/\/www.facebook.com\/events\/222006871259588\/ \">http:\/\/www.facebook.com\/events\/222006871259588\/ <\/a><br \/>\n<strong>o\u00a0\u00a0 \u00a0Ti 18.9.<\/strong> klo 17 \u2013 18.30. Em\u00e4nn\u00f6in yhteisty\u00f6ss\u00e4 Helsingin Kokoomuksen Naiset ry:n kanssa j\u00e4rjest\u00e4m\u00e4n keskustelutilaisuuden \u201dIk\u00e4ihmisten Helsinki\u201d Pikkuparlamentin Kansalaisinfossa, os. Arkadiankatu 3. Sis\u00e4\u00e4nk\u00e4ynti Mannerheimintien puoleiselta aukiolta. Lis\u00e4tietoja osoitteesta <a href=\"http:\/\/helsinginkokoomuksennaiset.kokoomus.net\/tapahtumat\/?x118457=169378 \">http:\/\/helsinginkokoomuksennaiset.kokoomus.net\/tapahtumat\/?x118457=169378 <\/a><br \/>\n<strong>o\u00a0\u00a0 \u00a0La \u2013 su 29. - 30.9 <\/strong>Kokoomuksen tulevaisuusristeily - Tallink Baltic Princess \u2013laiva l\u00e4htee la 29.9 klo 18.30 Helsingin L\u00e4nsisatamasta ja saapuu takaisin su 30.9. klo 15.00. L\u00e4mpim\u00e4sti tervetuloa mukaan! Lis\u00e4tietoja osoitteesta: <a href=\"http:\/\/www.kokoomus.fi\/tulevaisuusristeily\/\">http:\/\/www.kokoomus.fi\/tulevaisuusristeily\/<\/a> Em\u00e4nn\u00f6in cocktailtilaisuutta, jossa p\u00e4\u00e4ministeri Jyrki Katainen tuo tervehdyksen ty\u00f6el\u00e4m\u00e4kysymyksist\u00e4. L\u00e4mpim\u00e4sti tervetuloa!<\/p>\n","protected":false},"excerpt":{"rendered":"<p>Kirjoitan kuukausittain kirjeen ajankohtaisista asioista. Saat kuukausikirjeen\u00a0t\u00e4ytt\u00e4m\u00e4ll\u00e4 lomakkeen tai\u00a0ottamalla minuun yhteytt\u00e4. Ohessa n\u00e4et viimeisimm\u00e4n kuukausikirjeeni aiheet. Sarin eduskuntaterveiset Arvoisa vastaanottaja, Eduskunnan istunnot ja valiokuntaty\u00f6 alkoivat yritt\u00e4j\u00e4n p\u00e4iv\u00e4n\u00e4 5.9. Yritteli\u00e4isyytt\u00e4 tarvitaankin eduskunnan syksyn haasteissa. Elokuu vier\u00e4hti nopeasti kun kalenteri t\u00e4yttyi ty\u00f6matkoista, tapaamisista ja kokouksista sek\u00e4 valtion ensi vuoden talousarvioasioista. Hein\u00e4kuun vietimme tuttuun tapaan purjehtien koko perheen <a href=\"https:\/\/www.sarisarkomaa.fi\/?p=2176\" class=\"more-link\">...jatka lukemista<span class=\"screen-reader-text\"> \"Syyskirje 2012\"<\/span><\/a><\/p>\n","protected":false},"author":1,"featured_media":0,"comment_status":"closed","ping_status":"closed","sticky":false,"template":"","format":"standard","meta":[],"categories":[6],"tags":[],"_links":{"self":[{"href":"https:\/\/www.sarisarkomaa.fi\/index.php?rest_route=\/wp\/v2\/posts\/2176"}],"collection":[{"href":"https:\/\/www.sarisarkomaa.fi\/index.php?rest_route=\/wp\/v2\/posts"}],"about":[{"href":"https:\/\/www.sarisarkomaa.fi\/index.php?rest_route=\/wp\/v2\/types\/post"}],"author":[{"embeddable":true,"href":"https:\/\/www.sarisarkomaa.fi\/index.php?rest_route=\/wp\/v2\/users\/1"}],"replies":[{"embeddable":true,"href":"https:\/\/www.sarisarkomaa.fi\/index.php?rest_route=%2Fwp%2Fv2%2Fcomments&post=2176"}],"version-history":[{"count":3,"href":"https:\/\/www.sarisarkomaa.fi\/index.php?rest_route=\/wp\/v2\/posts\/2176\/revisions"}],"predecessor-version":[{"id":2319,"href":"https:\/\/www.sarisarkomaa.fi\/index.php?rest_route=\/wp\/v2\/posts\/2176\/revisions\/2319"}],"wp:attachment":[{"href":"https:\/\/www.sarisarkomaa.fi\/index.php?rest_route=%2Fwp%2Fv2%2Fmedia&parent=2176"}],"wp:term":[{"taxonomy":"category","embeddable":true,"href":"https:\/\/www.sarisarkomaa.fi\/index.php?rest_route=%2Fwp%2Fv2%2Fcategories&post=2176"},{"taxonomy":"post_tag","embeddable":true,"href":"https:\/\/www.sarisarkomaa.fi\/index.php?rest_route=%2Fwp%2Fv2%2Ftags&post=2176"}],"curies":[{"name":"wp","href":"https:\/\/api.w.org\/{rel}","templated":true}]}}