{"id":2187,"date":"2012-08-20T14:36:13","date_gmt":"2012-08-20T12:36:13","guid":{"rendered":"http:\/\/www.sarisarkomaa.fi\/?p=2187"},"modified":"2012-09-07T14:37:39","modified_gmt":"2012-09-07T12:37:39","slug":"kylla-vanhuspalvelulaille-ja-jyrkka-ei-laitospalvelulaille","status":"publish","type":"post","link":"https:\/\/www.sarisarkomaa.fi\/?p=2187","title":{"rendered":"Kyll\u00e4 vanhuspalvelulaille ja jyrkk\u00e4 ei laitospalvelulaille!"},"content":{"rendered":"<p>20.8.2012 Kolumni MunkinSeutu-lehdess\u00e4<\/p>\n<p>Olin mukana kokoomuksen hallitusneuvottelijoiden joukkueessa ja tied\u00e4n, ett\u00e4 me teimme S\u00e4\u00e4tytalolla kovasti ty\u00f6t\u00e4, ett\u00e4 vanhuspalvelulaki kirjattaisiin hallitusohjelmaan ja ett\u00e4 lis\u00e4rahaa osoitettaisiin my\u00f6s ihmisten hyv\u00e4n arjen kannalta v\u00e4ltt\u00e4m\u00e4tt\u00f6mien peruspalveluiden kehitt\u00e4miseen. Paineet osoittaa lis\u00e4voimavaroja vain tulonsiirtoihin olivat kovat.<\/p>\n<p>On ik\u00e4v\u00e4 tosiasia, ett\u00e4 peruspalveluministerin oma soutaminen ja huopaaminen kannoissaan henkil\u00f6st\u00f6mitoituksista on vaarassa jarruttaa koko hallitukselle t\u00e4rke\u00e4n asian eteenp\u00e4inviemist\u00e4.<\/p>\n<p>Ministerin sinkoilu kannoissaan on johtanut my\u00f6s siihen, ett\u00e4 lakiesityksest\u00e4 puuttuu koko uudistuksen \u201djuju\u201d eli kirjaus i\u00e4kk\u00e4iden ihmisten oikeudesta laadukkaaseen ja tarpeenmukaiseen hoivaan sek\u00e4 palveluihin. Lain valmistelu on palautettava viivytyksett\u00e4 hallitusohjelmassa luvatuille urille.<\/p>\n<p>Vanhuspalvelulaki tarvitaan nimenomaan siksi, ett\u00e4 nykyisin 75 vuotta t\u00e4ytt\u00e4nyt on lakis\u00e4\u00e4teisesti oikeutettu palvelutarpeiden arviointiin, mutta ei itse palveluihin. N\u00e4in ollen ik\u00e4ihmiset ovat eri puolella Suomea hyvin eriarvoisessa asemassa. My\u00f6s vanhuspalvelulakiluonnoksen kohderyhm\u00e4\u00e4 on laajennettava, jotta palveluita voidaan kehitt\u00e4\u00e4 ennaltaehk\u00e4isev\u00e4sti ja laitosvaltaisuutta purkaen. Se on inhimillist\u00e4 ja taloudellista.<\/p>\n<p>Peruspalveluministerin on nyt kuultava herkemm\u00e4ll\u00e4 korvalla hoitoalan ammattilaisia ja asiantuntijoita. Tehy on aivan oikein todennut, ett\u00e4 hoitoa tarvitsevien kunto ja avuntarve on huomioitava. Hoivahenkil\u00f6kunnan lis\u00e4ksi vanhustenhuollossa tarvitaan mm. fysio- ja toimintaterapeutteja sek\u00e4 sosiaaliohjaajia. On p\u00e4iv\u00e4nselv\u00e4\u00e4, ett\u00e4 ihmiset tekev\u00e4t palveluiden laadun, mutta on \u00e4lyllisesti ep\u00e4rehellist\u00e4 uskotella, ett\u00e4 pelkk\u00e4 hoitohenkil\u00f6kunnan mekaaninen laskeminen yksin turvaisi ik\u00e4ihmisten palveluiden laadun.<\/p>\n<p>Jos vanhuspalvelulakia valmistellessa keskityt\u00e4\u00e4n l\u00e4hinn\u00e4 henkil\u00f6st\u00f6mitoituksiin, on laista vaarassa tulla laitospalvelulaki. Vanhuspalvelujen henkil\u00f6st\u00f6suunnittelun tulee aina l\u00e4hte\u00e4\u00a0 hoidon tarpeesta. Henkil\u00f6st\u00f6n m\u00e4\u00e4r\u00e4\u00e4n vaikuttavat erityisesti ik\u00e4ihmisen kunto ja henkil\u00f6kunnan ammattitaito. Tarvitsemme laadukkaita vanhuspalveluita ja aitoa valinnanvapautta. Kaikkia hoitomuotoja, niin kotihoitoa, omaishoitoa kuin laitoshoitoa on kehitett\u00e4v\u00e4. Painopiste on oltava ennaltaehk\u00e4isev\u00e4ss\u00e4 ja kuntouttavassa ty\u00f6ss\u00e4.<\/p>\n<p>My\u00f6s p\u00e4\u00e4ministeri Katainen on teroittanut tuoreessa puheenvuorossaan, ett\u00e4 valmisteluun on saatava ryhti\u00e4. Peruspalveluministerin on nyt vain urakoitava lain valmistelussa niin, ett\u00e4 hallitus voi p\u00e4\u00e4tt\u00e4\u00e4 vanhuspalvelulain voimavaroista jo elokuun budjettiriihess\u00e4.<\/p>\n<p>On v\u00e4ltt\u00e4m\u00e4t\u00f6nt\u00e4, ett\u00e4 saamme vanhuspalvelulain mahdollisimman pian eduskuntaan k\u00e4sitelt\u00e4v\u00e4ksemme, jotta laki ehtii ohjaamaan meneill\u00e4\u00e4n olevaa kunta- ja palvelurakenneuudistusta. Vanhuspalvelulaista tulee varmasti hyv\u00e4, kunhan nyt ty\u00f6 tehd\u00e4\u00e4n rivakasti ja kunnolla loppuun.<\/p>\n<p>Sari Sarkomaa (kok)<br \/>\nKansanedustaja<br \/>\nValtiovarainvaliokunnan kunta- ja terveysjaoston puheenjohtaja<br \/>\nwww.sarisarkomaa.fi<\/p>\n","protected":false},"excerpt":{"rendered":"<p>20.8.2012 Kolumni MunkinSeutu-lehdess\u00e4 Olin mukana kokoomuksen hallitusneuvottelijoiden joukkueessa ja tied\u00e4n, ett\u00e4 me teimme S\u00e4\u00e4tytalolla kovasti ty\u00f6t\u00e4, ett\u00e4 vanhuspalvelulaki kirjattaisiin hallitusohjelmaan ja ett\u00e4 lis\u00e4rahaa osoitettaisiin my\u00f6s ihmisten hyv\u00e4n arjen kannalta v\u00e4ltt\u00e4m\u00e4tt\u00f6mien peruspalveluiden kehitt\u00e4miseen. Paineet osoittaa lis\u00e4voimavaroja vain tulonsiirtoihin olivat kovat. On ik\u00e4v\u00e4 tosiasia, ett\u00e4 peruspalveluministerin oma soutaminen ja huopaaminen kannoissaan henkil\u00f6st\u00f6mitoituksista on vaarassa jarruttaa koko hallitukselle <a href=\"https:\/\/www.sarisarkomaa.fi\/?p=2187\" class=\"more-link\">...jatka lukemista<span class=\"screen-reader-text\"> \"Kyll\u00e4 vanhuspalvelulaille ja jyrkk\u00e4 ei laitospalvelulaille!\"<\/span><\/a><\/p>\n","protected":false},"author":1,"featured_media":0,"comment_status":"closed","ping_status":"closed","sticky":false,"template":"","format":"standard","meta":[],"categories":[5],"tags":[],"_links":{"self":[{"href":"https:\/\/www.sarisarkomaa.fi\/index.php?rest_route=\/wp\/v2\/posts\/2187"}],"collection":[{"href":"https:\/\/www.sarisarkomaa.fi\/index.php?rest_route=\/wp\/v2\/posts"}],"about":[{"href":"https:\/\/www.sarisarkomaa.fi\/index.php?rest_route=\/wp\/v2\/types\/post"}],"author":[{"embeddable":true,"href":"https:\/\/www.sarisarkomaa.fi\/index.php?rest_route=\/wp\/v2\/users\/1"}],"replies":[{"embeddable":true,"href":"https:\/\/www.sarisarkomaa.fi\/index.php?rest_route=%2Fwp%2Fv2%2Fcomments&post=2187"}],"version-history":[{"count":1,"href":"https:\/\/www.sarisarkomaa.fi\/index.php?rest_route=\/wp\/v2\/posts\/2187\/revisions"}],"predecessor-version":[{"id":2188,"href":"https:\/\/www.sarisarkomaa.fi\/index.php?rest_route=\/wp\/v2\/posts\/2187\/revisions\/2188"}],"wp:attachment":[{"href":"https:\/\/www.sarisarkomaa.fi\/index.php?rest_route=%2Fwp%2Fv2%2Fmedia&parent=2187"}],"wp:term":[{"taxonomy":"category","embeddable":true,"href":"https:\/\/www.sarisarkomaa.fi\/index.php?rest_route=%2Fwp%2Fv2%2Fcategories&post=2187"},{"taxonomy":"post_tag","embeddable":true,"href":"https:\/\/www.sarisarkomaa.fi\/index.php?rest_route=%2Fwp%2Fv2%2Ftags&post=2187"}],"curies":[{"name":"wp","href":"https:\/\/api.w.org\/{rel}","templated":true}]}}