{"id":230,"date":"2011-02-28T18:53:33","date_gmt":"2011-02-28T16:53:33","guid":{"rendered":"http:\/\/www.kaikupuro.fi\/SariSarkomaa\/?p=230"},"modified":"2011-03-14T21:57:10","modified_gmt":"2011-03-14T19:57:10","slug":"ei-veroerolle-tehdyn-tyon-kannatettava-elakkeellakin","status":"publish","type":"post","link":"https:\/\/www.sarisarkomaa.fi\/?p=230","title":{"rendered":"Ei veroerolle &#8211; tehdyn ty\u00f6n kannatettava el\u00e4kkeell\u00e4kin"},"content":{"rendered":"<p>17.1.2011 <a href=\"http:\/\/sarisarkomaa.puheenvuoro.uusisuomi.fi\/58373-ei-veroerolle-tehdyn-tyon-kannatettava-elakkeellakin\">http:\/\/sarisarkomaa.puheenvuoro.uusisuomi.fi\/58373-ei-veroerolle-tehdyn-tyon-kannatettava-elakkeellakin<\/a><\/p>\n<p>Alivaltiosihteerin Hetem\u00e4en johtama verotuksen kehitt\u00e4misty\u00f6ryhm\u00e4 on hiljattain j\u00e4tt\u00e4nyt loppuraporttinsa. Raportissa on paljon ehdotuksia, joita on tarkkaan pohdittava. Ty\u00f6ryhm\u00e4 on tehnyt ty\u00f6t\u00e4 urakalla mutta kaikesta ei ty\u00f6ryhm\u00e4n kanssa voi olla samaa mielt\u00e4. Yksi n\u00e4ist\u00e4 suurista erimielisyyksist\u00e4 on el\u00e4kel\u00e4isten verokohtelu. Raportissa ehdotetaan vain palkansaajien veron alentamista, mik\u00e4 merkitsisi el\u00e4kel\u00e4isten verotuksen kiristymist\u00e4 suhteessa palkansaajiin. N\u00e4in ep\u00e4reilua ehdotusta ei tule hyv\u00e4ksy\u00e4. Toteutuessaan Hetem\u00e4en ty\u00f6ryhm\u00e4n esitys olisi t\u00e4ysi suunnanmuutos sinivihre\u00e4n hallituksen politiikalle, joka on nimenomaan urakoinut ep\u00e4reilun veroeron poistamiseksi. 90-luvun lamassahan veroeron annettiin kasvaa ja sit\u00e4 virhett\u00e4 on t\u00e4ll\u00e4 vaalikaudella korjattu.<\/p>\n<p>Kokoomuksen ei pid\u00e4 miss\u00e4\u00e4n nimess\u00e4 olla mukana tuhoamassa t\u00e4m\u00e4n hallituksen hyvi\u00e4 tekoja, joiden takuumiehen\u00e4 Kokoomus on erinomaisesti toiminut. Oli ilahduttavaa, ett\u00e4 my\u00f6s Veronmaksajain keskusliitto irtautui t\u00e4lt\u00e4 osin veroty\u00f6ryhm\u00e4n kannoista.<\/p>\n<p>Kokoomus nosti ensimm\u00e4isen\u00e4 keskusteluun el\u00e4kkeiden verotuksen oikeudenmukaisuuskysymyksen ja lupasi poistaa perusteettoman el\u00e4kel\u00e4isten ja palkansaajien veroeron.\u00a0 Viime vaalien alla per\u00e4\u00e4nkuuluttamamme uudistus toteutettiin heti sinivihre\u00e4n hallituksen ensimm\u00e4isen budjetin yhteydess\u00e4 vuoden 2008 alusta l\u00e4htien. Vuonna 2008 pieni- ja keskituloisten el\u00e4kel\u00e4isten verotus laskettiin palkansaajien verotuksen tasolle tai sen alle uudistamalla el\u00e4ketulov\u00e4hennyst\u00e4. Vastaavat el\u00e4ketulov\u00e4hennyksen tarkistukset on tehty niin 2009, 2010 kuin 2011 verotuksessa. Vuonna 2009 korjattiin my\u00f6s el\u00e4kel\u00e4ispuolisoita koskenut ep\u00e4kohta veroasteessa. Jatkossakin on huolehdittava siit\u00e4, etteiv\u00e4t el\u00e4kel\u00e4iset maksa miss\u00e4\u00e4n tuloluokissa enemm\u00e4n veroa kuin palkansaajat. Se, millaisia veromuutoksia Suomessa tulevaisuudessa tehd\u00e4\u00e4n, ratkaistaan ainakin p\u00e4\u00e4linjoiltaan hallitusneuvotteluissa. Kokoomus julkaisee verokantansa tammi-helmikuussa.<\/p>\n<p>Tarvitsemme ennen kaikkea toimia, jotka edist\u00e4v\u00e4t kest\u00e4v\u00e4\u00e4 kasvua ja uusien ty\u00f6paikkojen sek\u00e4 yritysten syntymist\u00e4, sek\u00e4 uudistuksia, jotka tekev\u00e4t kaikesta ty\u00f6st\u00e4 ja yritt\u00e4misest\u00e4 kannattavaa. T\u00e4ss\u00e4 ty\u00f6ss\u00e4 verotuksella on t\u00e4rke\u00e4 rooli. Veroj\u00e4rjestelm\u00e4n uudistamisen sininen lanka on oltava kest\u00e4v\u00e4n kasvun, ty\u00f6llisyyden ja yritt\u00e4jyyden edist\u00e4minen. Tehdyn ty\u00f6n arvon on s\u00e4ilytt\u00e4v\u00e4 kohtuudella my\u00f6s el\u00e4kkeelle siirtymisen j\u00e4lkeen.<\/p>\n","protected":false},"excerpt":{"rendered":"<p>17.1.2011 http:\/\/sarisarkomaa.puheenvuoro.uusisuomi.fi\/58373-ei-veroerolle-tehdyn-tyon-kannatettava-elakkeellakin Alivaltiosihteerin Hetem\u00e4en johtama verotuksen kehitt\u00e4misty\u00f6ryhm\u00e4 on hiljattain j\u00e4tt\u00e4nyt loppuraporttinsa. Raportissa on paljon ehdotuksia, joita on tarkkaan pohdittava. Ty\u00f6ryhm\u00e4 on tehnyt ty\u00f6t\u00e4 urakalla mutta kaikesta ei ty\u00f6ryhm\u00e4n kanssa voi olla samaa mielt\u00e4. Yksi n\u00e4ist\u00e4 suurista erimielisyyksist\u00e4 on el\u00e4kel\u00e4isten verokohtelu. Raportissa ehdotetaan vain palkansaajien veron alentamista, mik\u00e4 merkitsisi el\u00e4kel\u00e4isten verotuksen kiristymist\u00e4 suhteessa palkansaajiin. N\u00e4in ep\u00e4reilua <a href=\"https:\/\/www.sarisarkomaa.fi\/?p=230\" class=\"more-link\">...jatka lukemista<span class=\"screen-reader-text\"> \"Ei veroerolle &#8211; tehdyn ty\u00f6n kannatettava el\u00e4kkeell\u00e4kin\"<\/span><\/a><\/p>\n","protected":false},"author":1,"featured_media":0,"comment_status":"closed","ping_status":"closed","sticky":false,"template":"","format":"standard","meta":[],"categories":[8],"tags":[],"_links":{"self":[{"href":"https:\/\/www.sarisarkomaa.fi\/index.php?rest_route=\/wp\/v2\/posts\/230"}],"collection":[{"href":"https:\/\/www.sarisarkomaa.fi\/index.php?rest_route=\/wp\/v2\/posts"}],"about":[{"href":"https:\/\/www.sarisarkomaa.fi\/index.php?rest_route=\/wp\/v2\/types\/post"}],"author":[{"embeddable":true,"href":"https:\/\/www.sarisarkomaa.fi\/index.php?rest_route=\/wp\/v2\/users\/1"}],"replies":[{"embeddable":true,"href":"https:\/\/www.sarisarkomaa.fi\/index.php?rest_route=%2Fwp%2Fv2%2Fcomments&post=230"}],"version-history":[{"count":3,"href":"https:\/\/www.sarisarkomaa.fi\/index.php?rest_route=\/wp\/v2\/posts\/230\/revisions"}],"predecessor-version":[{"id":232,"href":"https:\/\/www.sarisarkomaa.fi\/index.php?rest_route=\/wp\/v2\/posts\/230\/revisions\/232"}],"wp:attachment":[{"href":"https:\/\/www.sarisarkomaa.fi\/index.php?rest_route=%2Fwp%2Fv2%2Fmedia&parent=230"}],"wp:term":[{"taxonomy":"category","embeddable":true,"href":"https:\/\/www.sarisarkomaa.fi\/index.php?rest_route=%2Fwp%2Fv2%2Fcategories&post=230"},{"taxonomy":"post_tag","embeddable":true,"href":"https:\/\/www.sarisarkomaa.fi\/index.php?rest_route=%2Fwp%2Fv2%2Ftags&post=230"}],"curies":[{"name":"wp","href":"https:\/\/api.w.org\/{rel}","templated":true}]}}