{"id":2324,"date":"2012-10-19T15:14:17","date_gmt":"2012-10-19T13:14:17","guid":{"rendered":"http:\/\/www.sarisarkomaa.fi\/?p=2324"},"modified":"2012-10-19T15:15:44","modified_gmt":"2012-10-19T13:15:44","slug":"kylla-laadukkaalle-varhaiskasvatukselle-ja-paivahoidolle","status":"publish","type":"post","link":"https:\/\/www.sarisarkomaa.fi\/?p=2324","title":{"rendered":"Kyll\u00e4 laadukkaalle varhaiskasvatukselle ja p\u00e4iv\u00e4hoidolle"},"content":{"rendered":"<p>19.10.2012 Nykyp\u00e4iv\u00e4-lehti<\/p>\n<p>Ikivanhan p\u00e4iv\u00e4hoitolain uudistusta varhaiskasvatuslaiksi on odotettu. Nykyinen laki on vuodelta 1973. Uudistus on v\u00e4ltt\u00e4m\u00e4t\u00f6n, sill\u00e4 varhaiskasvatus on varsinainen hyvinvointia tuottava Sampo: Kun lasten elinik\u00e4isen oppimisen alku saadaan hyvin k\u00e4yntiin ja mahdollisiin ongelmiin puututaan v\u00e4litt\u00f6m\u00e4sti, se luo hyv\u00e4n alun koko loppuel\u00e4m\u00e4lle.<\/p>\n<p>Kuitenkaan lakia valmistelevaa ty\u00f6ryhm\u00e4\u00e4 ei ole viel\u00e4 edes asetettu ja hallinnon uudistus on menossa eri suuntaan, kuin mit\u00e4 hallitusohjelmassa lukee.<\/p>\n<p>Hallitusohjelmaan linjasimme yksiselitteisesti, ett\u00e4 varhaiskasvatuksen ja p\u00e4iv\u00e4hoitopalvelujen lains\u00e4\u00e4d\u00e4nn\u00f6n valmistelu, hallinto sek\u00e4 ohjaus siirret\u00e4\u00e4n sosiaali- ja terveysministeri\u00f6st\u00e4 opetus- ja kulttuuriministeri\u00f6\u00f6n. Opetusministeri\u00f6n viimeaikaiset ulostulot hallinnon kehitt\u00e4misest\u00e4 ovat kuitenkin erisuuntaisia. Kannustammekin ministeri Gustafssonia puolustamaan yhdess\u00e4 sovittuja toimia. Uudistusty\u00f6ss\u00e4 meid\u00e4n on kiritt\u00e4v\u00e4 erityisesti kahdessa kohdassa.<\/p>\n<p>Ensinn\u00e4kin, varhaiskasvatussuunnitelmien perusteiden laadinta ja uudistaminen ei saa j\u00e4\u00e4d\u00e4 Terveyden ja hyvinvoinnin laitokselle. Varhaiskasvatussuunnitelma on tiukka varhaiskasvatusta ohjaava v\u00e4line, joten sen on siirrytt\u00e4v\u00e4 Opetushallitukselle. Jatkossa on eritt\u00e4in t\u00e4rke\u00e4\u00e4, ett\u00e4 Opetushallitus osana kasvatus- ja koulutusj\u00e4rjestelm\u00e4n kokonaisuutta vastaa my\u00f6s varhaiskasvatussuunnitelmista.<\/p>\n<p>Toiseksi, kotihoidon ja yksityisen hoidon tuet eiv\u00e4t nek\u00e4\u00e4n saa j\u00e4\u00e4d\u00e4 sosiaali- ja terveysministeri\u00f6\u00f6n. T\u00e4llainen kaavailtu resurssien halkominen vaarantaa p\u00e4iv\u00e4hoidon ja varhaiskasvatuksen kehitt\u00e4misen kokonaisuutena.<\/p>\n<p>Mielest\u00e4mme paras ratkaisu on, ett\u00e4 yhteen kuuluvat asiat hoidetaan yhdess\u00e4 paikassa. P\u00e4iv\u00e4hoito ja varhaiskasvatus on siirrett\u00e4v\u00e4 kokonaisuutena opetus- ja kulttuuriministeri\u00f6n vastuulle, aivan kuten hallitusneuvotteluissa sovittiin. T\u00e4m\u00e4 on my\u00f6s asiantuntijoiden mielipide.<\/p>\n<p>Varhaiskasvatus, esiopetus ja koululaisten iltap\u00e4iv\u00e4toiminta muodostavat kokonaisuuden, jonka kehitt\u00e4misvastuu tulee olla selke\u00e4sti opetus- ja sivistyspuolella. T\u00e4h\u00e4n menness\u00e4 enemmist\u00f6 kunnista on jo siirt\u00e4nyt varhaiskasvatuksen sosiaalitoimelta sivistystoimelle.<\/p>\n<p>Kaikkein kiireellisint\u00e4 on aloittaa uuden varhaiskasvatuslain valmistelu. Sit\u00e4 ty\u00f6t\u00e4 ei ole viel\u00e4k\u00e4\u00e4n aloitettu, vaikka uusi laki on hallituksen t\u00e4rkeimpi\u00e4 tavoitteita ja lupaus on pidett\u00e4v\u00e4. Tavoite on saada uusi varhaiskasvatuslaki t\u00e4m\u00e4n eduskunnan s\u00e4\u00e4dett\u00e4v\u00e4ksi.<\/p>\n<p>Kun varoja on niukasti, tulee ne kohdistaa viisaasti. Viisautta koko kansantalouden kannalta on satsata kasvatukseen, koulutukseen ja opetukseen. Sill\u00e4 luodaan pohja menestykselle ja tulevaisuudelle \u2013 siihen meill\u00e4 pit\u00e4\u00e4 olla varaa.<\/p>\n<p>Raija Vahasalo, kansanedustaja, eduskunnan sivistysvaliokunnan puheenjohtaja<\/p>\n<p>Sari Sarkomaa, kansanedustaja, opetushallituksen johtokunnan puheenjohtaja<\/p>\n","protected":false},"excerpt":{"rendered":"<p>19.10.2012 Nykyp\u00e4iv\u00e4-lehti Ikivanhan p\u00e4iv\u00e4hoitolain uudistusta varhaiskasvatuslaiksi on odotettu. Nykyinen laki on vuodelta 1973. Uudistus on v\u00e4ltt\u00e4m\u00e4t\u00f6n, sill\u00e4 varhaiskasvatus on varsinainen hyvinvointia tuottava Sampo: Kun lasten elinik\u00e4isen oppimisen alku saadaan hyvin k\u00e4yntiin ja mahdollisiin ongelmiin puututaan v\u00e4litt\u00f6m\u00e4sti, se luo hyv\u00e4n alun koko loppuel\u00e4m\u00e4lle. Kuitenkaan lakia valmistelevaa ty\u00f6ryhm\u00e4\u00e4 ei ole viel\u00e4 edes asetettu ja hallinnon uudistus on <a href=\"https:\/\/www.sarisarkomaa.fi\/?p=2324\" class=\"more-link\">...jatka lukemista<span class=\"screen-reader-text\"> \"Kyll\u00e4 laadukkaalle varhaiskasvatukselle ja p\u00e4iv\u00e4hoidolle\"<\/span><\/a><\/p>\n","protected":false},"author":1,"featured_media":0,"comment_status":"closed","ping_status":"closed","sticky":false,"template":"","format":"standard","meta":[],"categories":[5],"tags":[],"_links":{"self":[{"href":"https:\/\/www.sarisarkomaa.fi\/index.php?rest_route=\/wp\/v2\/posts\/2324"}],"collection":[{"href":"https:\/\/www.sarisarkomaa.fi\/index.php?rest_route=\/wp\/v2\/posts"}],"about":[{"href":"https:\/\/www.sarisarkomaa.fi\/index.php?rest_route=\/wp\/v2\/types\/post"}],"author":[{"embeddable":true,"href":"https:\/\/www.sarisarkomaa.fi\/index.php?rest_route=\/wp\/v2\/users\/1"}],"replies":[{"embeddable":true,"href":"https:\/\/www.sarisarkomaa.fi\/index.php?rest_route=%2Fwp%2Fv2%2Fcomments&post=2324"}],"version-history":[{"count":3,"href":"https:\/\/www.sarisarkomaa.fi\/index.php?rest_route=\/wp\/v2\/posts\/2324\/revisions"}],"predecessor-version":[{"id":2326,"href":"https:\/\/www.sarisarkomaa.fi\/index.php?rest_route=\/wp\/v2\/posts\/2324\/revisions\/2326"}],"wp:attachment":[{"href":"https:\/\/www.sarisarkomaa.fi\/index.php?rest_route=%2Fwp%2Fv2%2Fmedia&parent=2324"}],"wp:term":[{"taxonomy":"category","embeddable":true,"href":"https:\/\/www.sarisarkomaa.fi\/index.php?rest_route=%2Fwp%2Fv2%2Fcategories&post=2324"},{"taxonomy":"post_tag","embeddable":true,"href":"https:\/\/www.sarisarkomaa.fi\/index.php?rest_route=%2Fwp%2Fv2%2Ftags&post=2324"}],"curies":[{"name":"wp","href":"https:\/\/api.w.org\/{rel}","templated":true}]}}