{"id":2391,"date":"2012-11-02T16:01:57","date_gmt":"2012-11-02T14:01:57","guid":{"rendered":"http:\/\/www.sarisarkomaa.fi\/?p=2391"},"modified":"2012-11-02T16:01:57","modified_gmt":"2012-11-02T14:01:57","slug":"kutsu-varhaiskasvatuslakia-vauhdittamassa-tilaisuus-20-11-eduskunnassa","status":"publish","type":"post","link":"https:\/\/www.sarisarkomaa.fi\/?p=2391","title":{"rendered":"Kutsu: Varhaiskasvatuslakia vauhdittamassa -tilaisuus 20.11. eduskunnassa"},"content":{"rendered":"<p>Eduskunnan Lapsen puolesta \u2013ryhm\u00e4 kutsuu keskustelemaan p\u00e4iv\u00e4hoitolain uudistamisesta varhaiskasvatuslaiksi<\/p>\n<p>Varhaiskasvatuksen uudistamista on odotettu pitk\u00e4\u00e4n. Nykyinen p\u00e4iv\u00e4hoitolaki on vuodelta 1973. Varhaiskasvatuksen hallinnon siirto sosiaali- ja terveysministeri\u00f6st\u00e4 opetus- ja kulttuuriministeri\u00f6n on kirjattuna nykyisen hallituksen ohjelmaan.<\/p>\n<p>Varhaiskasvatuksesta alkava pedagoginen jatkumo koulun maailmaan luo perustan lapsen tasapainoiselle kasvulle ja kehitykselle. P\u00e4iv\u00e4hoitolain uudistaminen varhaiskasvatuslaiksi on ennen kaikkea lapsen ja perheiden etu.<\/p>\n<p>Aika: ti 20.11.2012 klo 16.00 - 17.30<br \/>\nPaikka: Eduskunnan kokoustilat: Laki-Pyk\u00e4l\u00e4<br \/>\nK\u00e4ynti vierasovesta, joka sijaitsee Mannerheimintielt\u00e4 katsottuna eduskuntatalon oikealla puolella katutasossa<\/p>\n<p>Tilaisuudessa alustavat Opetushallituksen p\u00e4\u00e4johtaja Aulis Pitk\u00e4l\u00e4 ja Helsingin yliopiston kasvatustieteen professori, varhaiskasvatuksen koulutuksen johtaja Lasse Lipponen. Puheenvuorojen j\u00e4lkeen keskustelua johtavat kansanedustajat Sari Palm ja Sari Sarkomaa, eduskunnan Lapsen puolesta \u2013ryhm\u00e4n puheenjohtajat.<\/p>\n<p>Tilassa on paikkoja rajoitetusti, ilmoittautumiset pyydet\u00e4\u00e4n pe 16.11 menness\u00e4 Lapsen puolesta -ryhm\u00e4n sihteerille, Eevamaija Paljakka-Sippolalle, eevamaija.paljakka-sippola@eduskunta.fi tai puh 09 432 4031 \/ 050 574 2145.<\/p>\n<p>L\u00e4mpim\u00e4sti tervetuloa!<\/p>\n<p>Kansanedustajat<br \/>\nSari Palm (kd)<br \/>\n050 512 1981<br \/>\nsari.palm@eduskunta.fi<\/p>\n<p>Sari Sarkomaa (kok)<br \/>\n050 511 3033<br \/>\nsari.sarkomaa@eduskunta.fi<\/p>\n","protected":false},"excerpt":{"rendered":"<p>Eduskunnan Lapsen puolesta \u2013ryhm\u00e4 kutsuu keskustelemaan p\u00e4iv\u00e4hoitolain uudistamisesta varhaiskasvatuslaiksi Varhaiskasvatuksen uudistamista on odotettu pitk\u00e4\u00e4n. Nykyinen p\u00e4iv\u00e4hoitolaki on vuodelta 1973. Varhaiskasvatuksen hallinnon siirto sosiaali- ja terveysministeri\u00f6st\u00e4 opetus- ja kulttuuriministeri\u00f6n on kirjattuna nykyisen hallituksen ohjelmaan. Varhaiskasvatuksesta alkava pedagoginen jatkumo koulun maailmaan luo perustan lapsen tasapainoiselle kasvulle ja kehitykselle. P\u00e4iv\u00e4hoitolain uudistaminen varhaiskasvatuslaiksi on ennen kaikkea lapsen ja perheiden <a href=\"https:\/\/www.sarisarkomaa.fi\/?p=2391\" class=\"more-link\">...jatka lukemista<span class=\"screen-reader-text\"> \"Kutsu: Varhaiskasvatuslakia vauhdittamassa -tilaisuus 20.11. eduskunnassa\"<\/span><\/a><\/p>\n","protected":false},"author":1,"featured_media":0,"comment_status":"closed","ping_status":"closed","sticky":false,"template":"","format":"standard","meta":[],"categories":[1],"tags":[],"_links":{"self":[{"href":"https:\/\/www.sarisarkomaa.fi\/index.php?rest_route=\/wp\/v2\/posts\/2391"}],"collection":[{"href":"https:\/\/www.sarisarkomaa.fi\/index.php?rest_route=\/wp\/v2\/posts"}],"about":[{"href":"https:\/\/www.sarisarkomaa.fi\/index.php?rest_route=\/wp\/v2\/types\/post"}],"author":[{"embeddable":true,"href":"https:\/\/www.sarisarkomaa.fi\/index.php?rest_route=\/wp\/v2\/users\/1"}],"replies":[{"embeddable":true,"href":"https:\/\/www.sarisarkomaa.fi\/index.php?rest_route=%2Fwp%2Fv2%2Fcomments&post=2391"}],"version-history":[{"count":2,"href":"https:\/\/www.sarisarkomaa.fi\/index.php?rest_route=\/wp\/v2\/posts\/2391\/revisions"}],"predecessor-version":[{"id":2393,"href":"https:\/\/www.sarisarkomaa.fi\/index.php?rest_route=\/wp\/v2\/posts\/2391\/revisions\/2393"}],"wp:attachment":[{"href":"https:\/\/www.sarisarkomaa.fi\/index.php?rest_route=%2Fwp%2Fv2%2Fmedia&parent=2391"}],"wp:term":[{"taxonomy":"category","embeddable":true,"href":"https:\/\/www.sarisarkomaa.fi\/index.php?rest_route=%2Fwp%2Fv2%2Fcategories&post=2391"},{"taxonomy":"post_tag","embeddable":true,"href":"https:\/\/www.sarisarkomaa.fi\/index.php?rest_route=%2Fwp%2Fv2%2Ftags&post=2391"}],"curies":[{"name":"wp","href":"https:\/\/api.w.org\/{rel}","templated":true}]}}