{"id":2448,"date":"2012-11-20T16:19:16","date_gmt":"2012-11-20T14:19:16","guid":{"rendered":"http:\/\/www.sarisarkomaa.fi\/?p=2448"},"modified":"2012-11-20T16:19:16","modified_gmt":"2012-11-20T14:19:16","slug":"uusi-varhaiskasvatuslaki-valmisteltava-huolella-avoimesti-ja-asiantuntemuksella","status":"publish","type":"post","link":"https:\/\/www.sarisarkomaa.fi\/?p=2448","title":{"rendered":"Uusi varhaiskasvatuslaki valmisteltava huolella, avoimesti ja asiantuntemuksella!"},"content":{"rendered":"<p>Tiedote 20.11.2012<\/p>\n<p>Eduskunnan lapsen puolesta -ryhm\u00e4 j\u00e4rjest\u00e4\u00e4 varhaiskasvatuslain vauhditusseminaarin eduskunnassa t\u00e4n\u00e4\u00e4n Lapsen oikeuksien p\u00e4iv\u00e4n\u00e4. Lapsen puolesta -ryhm\u00e4n puheenjohtajat, kansanedustajat Sari Palm (kd) ja Sari Sarkomaa (kok) pit\u00e4v\u00e4t v\u00e4ltt\u00e4m\u00e4tt\u00f6m\u00e4n\u00e4, ett\u00e4 laaja-alainen ty\u00f6ryhm\u00e4 asetettaisiin pikaisesti valmistelemaan uutta varhaiskasvatuslakia, joka on yksi t\u00e4m\u00e4n eduskuntakauden t\u00e4rkeimmist\u00e4 uudistuksista.<\/p>\n<p>\u201dSuomen on siirrett\u00e4v\u00e4 varhaiskasvatuspalvelut uudelle vuosikymmenelle. Lain valmistelu ei voi perustua nykyisen 40 vuotta vanhan lain korjaamiseen. Nyt tarvitaan t\u00e4ysin uutta ja ennakkoluulotonta ajattelua. Laissa on m\u00e4\u00e4ritelt\u00e4v\u00e4 sek\u00e4 varhaiskasvatuksen tavoitteet ja sis\u00e4ll\u00f6t ett\u00e4 p\u00e4iv\u00e4hoitopalvelujen j\u00e4rjest\u00e4minen. Jokaisella lapsella tulee olla oikeus laadukkaisiin varhaiskasvatuspalveluihin\u201d, painottavat Palm ja Sarkomaa.<\/p>\n<p>Varhaiskasvatus on varsin kattava palvelukentt\u00e4 ja lapset ja perheet ovat erilaisia. T\u00e4m\u00e4n takia valmistelussa tulee olla mahdollisimman laajapohjainen tekij\u00e4ryhm\u00e4, my\u00f6s erityisen osaamisen ja tuen n\u00e4k\u00f6kulmaa. Valmistelussa tulee kuulla riitt\u00e4v\u00e4sti pienen lapsen turvallisesta ja tasapainoisesta kasvusta ja kehityksest\u00e4 perill\u00e4 olevia tutkijoita. T\u00e4t\u00e4 osaamista ei tule ohittaa.<\/p>\n<p>Opetus- ja kulttuuriministeri\u00f6 on nyt asettamassa ty\u00f6ryhm\u00e4\u00e4 valmistelemaan uutta varhaiskasvatuslakia. Ty\u00f6ryhm\u00e4st\u00e4 ollaan j\u00e4tt\u00e4m\u00e4ss\u00e4 ulos kasvatustieteellinen tutkimus sek\u00e4 laaja koulutus- ja kasvatuspoliittinen asiantuntemus. \u201dLinjausta on t\u00e4ysin mahdoton ymm\u00e4rt\u00e4\u00e4,\u201d toteavat Palm ja Sarkomaa. \u201dVarhaiskasvatus on osa lapsen el\u00e4m\u00e4nkaaren opinpolkua. Opetuksen ja ohjauksen osaajien ammattitaito tulee ottaa valmistelussa riitt\u00e4v\u00e4sti huomioon.\u201d<\/p>\n<p>Kansanedustajat Palm ja Sarkomaa kannustavat opetusministeri\u00e4 t\u00e4ydent\u00e4m\u00e4\u00e4n ja vahvistamaan ty\u00f6ryhm\u00e4\u00e4 varhaiskasvatuksen osaamisella. Varhaiskasvatuslain valmistelussa tarvitaan kiinte\u00e4 yhteys kasvatustieteelliseen asiantuntemukseen ja pikkulapsipedagogiikkaan. Yliopistojen tekem\u00e4\u00e4 laajaa kasvatustieteellist\u00e4 ja varhaiskasvatustutkimusta sek\u00e4 opetusalan osaamista on ehdottomasti k\u00e4ytett\u00e4v\u00e4 lain valmistelussa.<\/p>\n<p>Lakia valmisteltaessa on otettava huomioon my\u00f6s pohjoismaiset ja Euroopan unionissa tehdyt linjaukset, joiden tavoitteena on taata varhaiskasvatuksella jokaiselle lapselle parhaat mahdolliset l\u00e4ht\u00f6kohdat el\u00e4m\u00e4\u00e4n. Samoin lain valmistelussa on annettava painoarvoa YK:n lasten oikeuksien komitean Suomelle antamille suosituksille.<\/p>\n<p>Varhaiskasvatuslain valmistelulle on aikaa vain vuosi, mik\u00e4li lakiesitys annetaan eduskunnalle suunnitelmien mukaan kev\u00e4\u00e4ll\u00e4 2014. \u201dTy\u00f6ryhm\u00e4n ty\u00f6 on teht\u00e4v\u00e4 perusteellisesti, mutta ripe\u00e4sti. Aikaa on j\u00e4\u00e4t\u00e4v\u00e4 riitt\u00e4v\u00e4lle keskustelulle, lain valmistelulle, kunnolliselle lausuntokierrokselle sek\u00e4 eduskunnan k\u00e4sittelylle\u201d, linjaavat Palm ja Sarkomaa.<\/p>\n<p>Lis\u00e4tietoja:<br \/>\nSari Palm 050 512 1981<br \/>\nSari Sarkomaa 050 511 3033<\/p>\n","protected":false},"excerpt":{"rendered":"<p>Tiedote 20.11.2012 Eduskunnan lapsen puolesta -ryhm\u00e4 j\u00e4rjest\u00e4\u00e4 varhaiskasvatuslain vauhditusseminaarin eduskunnassa t\u00e4n\u00e4\u00e4n Lapsen oikeuksien p\u00e4iv\u00e4n\u00e4. Lapsen puolesta -ryhm\u00e4n puheenjohtajat, kansanedustajat Sari Palm (kd) ja Sari Sarkomaa (kok) pit\u00e4v\u00e4t v\u00e4ltt\u00e4m\u00e4tt\u00f6m\u00e4n\u00e4, ett\u00e4 laaja-alainen ty\u00f6ryhm\u00e4 asetettaisiin pikaisesti valmistelemaan uutta varhaiskasvatuslakia, joka on yksi t\u00e4m\u00e4n eduskuntakauden t\u00e4rkeimmist\u00e4 uudistuksista. \u201dSuomen on siirrett\u00e4v\u00e4 varhaiskasvatuspalvelut uudelle vuosikymmenelle. Lain valmistelu ei voi perustua nykyisen <a href=\"https:\/\/www.sarisarkomaa.fi\/?p=2448\" class=\"more-link\">...jatka lukemista<span class=\"screen-reader-text\"> \"Uusi varhaiskasvatuslaki valmisteltava huolella, avoimesti ja asiantuntemuksella!\"<\/span><\/a><\/p>\n","protected":false},"author":1,"featured_media":0,"comment_status":"closed","ping_status":"closed","sticky":false,"template":"","format":"standard","meta":[],"categories":[4],"tags":[],"_links":{"self":[{"href":"https:\/\/www.sarisarkomaa.fi\/index.php?rest_route=\/wp\/v2\/posts\/2448"}],"collection":[{"href":"https:\/\/www.sarisarkomaa.fi\/index.php?rest_route=\/wp\/v2\/posts"}],"about":[{"href":"https:\/\/www.sarisarkomaa.fi\/index.php?rest_route=\/wp\/v2\/types\/post"}],"author":[{"embeddable":true,"href":"https:\/\/www.sarisarkomaa.fi\/index.php?rest_route=\/wp\/v2\/users\/1"}],"replies":[{"embeddable":true,"href":"https:\/\/www.sarisarkomaa.fi\/index.php?rest_route=%2Fwp%2Fv2%2Fcomments&post=2448"}],"version-history":[{"count":1,"href":"https:\/\/www.sarisarkomaa.fi\/index.php?rest_route=\/wp\/v2\/posts\/2448\/revisions"}],"predecessor-version":[{"id":2449,"href":"https:\/\/www.sarisarkomaa.fi\/index.php?rest_route=\/wp\/v2\/posts\/2448\/revisions\/2449"}],"wp:attachment":[{"href":"https:\/\/www.sarisarkomaa.fi\/index.php?rest_route=%2Fwp%2Fv2%2Fmedia&parent=2448"}],"wp:term":[{"taxonomy":"category","embeddable":true,"href":"https:\/\/www.sarisarkomaa.fi\/index.php?rest_route=%2Fwp%2Fv2%2Fcategories&post=2448"},{"taxonomy":"post_tag","embeddable":true,"href":"https:\/\/www.sarisarkomaa.fi\/index.php?rest_route=%2Fwp%2Fv2%2Ftags&post=2448"}],"curies":[{"name":"wp","href":"https:\/\/api.w.org\/{rel}","templated":true}]}}