{"id":2456,"date":"2012-11-23T17:58:52","date_gmt":"2012-11-23T15:58:52","guid":{"rendered":"http:\/\/www.sarisarkomaa.fi\/?p=2456"},"modified":"2012-11-23T17:58:52","modified_gmt":"2012-11-23T15:58:52","slug":"ek-ja-sak-eivat-voi-puhua-korkeakoulutettujen-puolesta","status":"publish","type":"post","link":"https:\/\/www.sarisarkomaa.fi\/?p=2456","title":{"rendered":"EK ja SAK eiv\u00e4t voi puhua korkeakoulutettujen puolesta!"},"content":{"rendered":"<p>Tiedote 23.11.2012<\/p>\n<p><strong>Kokoomuksen palkansaajavaltuuskunnan puheenjohtaja, kansanedustaja Sari Sarkomaa toteaa, ett\u00e4 EK ja SAK eiv\u00e4t voi puhua korkeakoulutettujen suulla.<\/strong> \u201dNiin sairaanhoitajien ja opettajien kuin ekonomien sek\u00e4 insin\u00f6\u00f6rien edustajien on p\u00e4\u00e4st\u00e4v\u00e4 sanomaan sanansa kun ty\u00f6el\u00e4m\u00e4\u00e4n ja perheiden arkeen liittyvi\u00e4 asioita pohditaan. <strong><\/strong><\/p>\n<p><strong>\u201dKiire ei kelpaa syyksi sille, ett\u00e4 annetaan jo julkisuudessakin kantansa lukkoonly\u00f6neen EK:n olla mukana ja j\u00e4tt\u00e4\u00e4 Akava ja STTK ulos ty\u00f6ryhm\u00e4st\u00e4\u201d, sanoo Sarkomaa.<\/strong> Sarkomaa viittaa siihen, ett\u00e4 sosiaali- ja terveysministeri\u00f6 on j\u00e4tt\u00e4nyt Akavan ja STTK:n pois ty\u00f6ryhm\u00e4st\u00e4, jossa k\u00e4sitell\u00e4\u00e4n kotihoidontuen kehitt\u00e4mist\u00e4.\u00a0 Sarkomaa pit\u00e4\u00e4 t\u00e4t\u00e4 huonona ratkaisuna.<\/p>\n<p>Sarkomaan mielest\u00e4 ty\u00f6el\u00e4m\u00e4n tasa-arvoasioissa on hallituksen kuunneltava tasapuolisesti ty\u00f6el\u00e4m\u00e4n j\u00e4rjest\u00f6j\u00e4. My\u00f6s yritt\u00e4jyys- ja varsinkin naisyritt\u00e4jyysn\u00e4k\u00f6kulma unohtuvat usein asioiden valmistelussa. <strong>Sarkomaan mielest\u00e4 kotihoidontukity\u00f6ryhm\u00e4n t\u00e4ydent\u00e4mist\u00e4 olisi viisasta viel\u00e4 arvioida uudelleen. <\/strong><\/p>\n<p><strong>Sarkomaan mielest\u00e4 korkeasti koulutettujen naisten ty\u00f6markkina-aseman edist\u00e4minen edellytt\u00e4\u00e4, ett\u00e4 heid\u00e4n edustuksensa on mukana p\u00f6yd\u00e4ss\u00e4, jossa n\u00e4it\u00e4 asioita k\u00e4sitell\u00e4\u00e4n. <\/strong>On poikkeuksellista ett\u00e4 ministeri\u00f6 tai ministeri p\u00e4\u00e4tt\u00e4\u00e4, kuka palkansaajien puolesta puhuu.<\/p>\n<p><strong>Sarkomaa kannustaa erityisesti ty\u00f6ministeri Ihalaista (sd.) ja koko hallitusta tasa-arvotalkoisiin ja nostamaan hyv\u00e4n ja tasa-arvoisen ty\u00f6el\u00e4m\u00e4n edist\u00e4minen ykk\u00f6sagendalle.<\/strong> Suomalaisten hyvinvoinnin kannalta on v\u00e4ltt\u00e4m\u00e4t\u00f6nt\u00e4, ett\u00e4 kaikki voimavarat - niin naiset kuin miehet ty\u00f6el\u00e4m\u00e4ss\u00e4 ja \u00e4idit ja is\u00e4t vanhemmuudessa - ovat k\u00e4yt\u00f6ss\u00e4 parhaalla mahdollisella tavalla. T\u00e4ll\u00f6in my\u00f6s ty\u00f6el\u00e4m\u00e4n j\u00e4rjest\u00f6j\u00e4 on kuultava ja niiden on voitava osallistua talkoisiin tasavertaisesti.<\/p>\n<p><strong>Sarkomaa kannustaa my\u00f6s ty\u00f6nantajia vauhdilla mukaan. \u201dViisas ty\u00f6nantaja ottaa k\u00e4ytt\u00f6\u00f6n tasa-arvoisen johtamiskulttuurin, johon kuuluvat kannustava ja tasavertainen suhtautuminen sek\u00e4 miesten ett\u00e4 naisten ty\u00f6uriin ja perhevapaisiin.<\/strong> Fiksu ty\u00f6nantaja huolehtii, ettei perhevapaista ole turhaa haittaa urakehitykselle, k\u00e4ytt\u00e4\u00e4 niit\u00e4 kumpi vanhemmista tahansa\u201d, lis\u00e4\u00e4 Sarkomaa.<\/p>\n<p>Lis\u00e4tietoja:<br \/>\nSari Sarkomaa<br \/>\n050 511 3033<\/p>\n","protected":false},"excerpt":{"rendered":"<p>Tiedote 23.11.2012 Kokoomuksen palkansaajavaltuuskunnan puheenjohtaja, kansanedustaja Sari Sarkomaa toteaa, ett\u00e4 EK ja SAK eiv\u00e4t voi puhua korkeakoulutettujen suulla. \u201dNiin sairaanhoitajien ja opettajien kuin ekonomien sek\u00e4 insin\u00f6\u00f6rien edustajien on p\u00e4\u00e4st\u00e4v\u00e4 sanomaan sanansa kun ty\u00f6el\u00e4m\u00e4\u00e4n ja perheiden arkeen liittyvi\u00e4 asioita pohditaan. \u201dKiire ei kelpaa syyksi sille, ett\u00e4 annetaan jo julkisuudessakin kantansa lukkoonly\u00f6neen EK:n olla mukana ja j\u00e4tt\u00e4\u00e4 <a href=\"https:\/\/www.sarisarkomaa.fi\/?p=2456\" class=\"more-link\">...jatka lukemista<span class=\"screen-reader-text\"> \"EK ja SAK eiv\u00e4t voi puhua korkeakoulutettujen puolesta!\"<\/span><\/a><\/p>\n","protected":false},"author":1,"featured_media":0,"comment_status":"closed","ping_status":"closed","sticky":false,"template":"","format":"standard","meta":[],"categories":[4],"tags":[],"_links":{"self":[{"href":"https:\/\/www.sarisarkomaa.fi\/index.php?rest_route=\/wp\/v2\/posts\/2456"}],"collection":[{"href":"https:\/\/www.sarisarkomaa.fi\/index.php?rest_route=\/wp\/v2\/posts"}],"about":[{"href":"https:\/\/www.sarisarkomaa.fi\/index.php?rest_route=\/wp\/v2\/types\/post"}],"author":[{"embeddable":true,"href":"https:\/\/www.sarisarkomaa.fi\/index.php?rest_route=\/wp\/v2\/users\/1"}],"replies":[{"embeddable":true,"href":"https:\/\/www.sarisarkomaa.fi\/index.php?rest_route=%2Fwp%2Fv2%2Fcomments&post=2456"}],"version-history":[{"count":1,"href":"https:\/\/www.sarisarkomaa.fi\/index.php?rest_route=\/wp\/v2\/posts\/2456\/revisions"}],"predecessor-version":[{"id":2458,"href":"https:\/\/www.sarisarkomaa.fi\/index.php?rest_route=\/wp\/v2\/posts\/2456\/revisions\/2458"}],"wp:attachment":[{"href":"https:\/\/www.sarisarkomaa.fi\/index.php?rest_route=%2Fwp%2Fv2%2Fmedia&parent=2456"}],"wp:term":[{"taxonomy":"category","embeddable":true,"href":"https:\/\/www.sarisarkomaa.fi\/index.php?rest_route=%2Fwp%2Fv2%2Fcategories&post=2456"},{"taxonomy":"post_tag","embeddable":true,"href":"https:\/\/www.sarisarkomaa.fi\/index.php?rest_route=%2Fwp%2Fv2%2Ftags&post=2456"}],"curies":[{"name":"wp","href":"https:\/\/api.w.org\/{rel}","templated":true}]}}