{"id":2577,"date":"2013-01-29T10:05:04","date_gmt":"2013-01-29T08:05:04","guid":{"rendered":"http:\/\/www.sarisarkomaa.fi\/?p=2577"},"modified":"2013-01-29T10:05:04","modified_gmt":"2013-01-29T08:05:04","slug":"tilaisuus-muistisairaan-ihmisen-ihmisioikeudet-ja-vapauden-rajoittaminen-vaikuttajafoorumi","status":"publish","type":"post","link":"https:\/\/www.sarisarkomaa.fi\/?p=2577","title":{"rendered":"Tilaisuus: Muistisairaan ihmisen ihmisioikeudet ja vapauden rajoittaminen -vaikuttajafoorumi"},"content":{"rendered":"<p>Muistisairaan ihmisen ihmisioikeudet ja vapauden rajoittaminen -vaikuttajafoorumi 1.2.2013 klo 10 - 13<\/p>\n<p>36 suomalaista sairastuu muistisairauteen joka p\u00e4iv\u00e4. Alzheimerin tautia tai jotain muuta etenev\u00e4\u00e4 muistisairautta sairastaa jo noin 130 000 ihmist\u00e4. Onko muistisairaalla ihmisell\u00e4 ihmisoikeuksia?\u00a0 Mitk\u00e4 ovat vapauden rajoittamisen rajat? Tukeeko vai heikent\u00e4\u00e4k\u00f6 valmisteilla oleva lains\u00e4\u00e4d\u00e4nt\u00f6 muistisairaan itsem\u00e4\u00e4r\u00e4\u00e4misoikeutta? Miksi meid\u00e4n pit\u00e4isi v\u00e4litt\u00e4\u00e4 toisistamme enemm\u00e4n?<\/p>\n<p>Tule kuulemaan lis\u00e4\u00e4:<br \/>\nMUISTISAIRAAN IHMISEN IHMISOIKEUDET JA VAPAUDEN RAJOITTAMINEN -VAIKUTTAJAFOORUMI<\/p>\n<p>1.2.2013 klo 10.00 - 13.00 Pikkuparlamentin Kansalaisinfo<br \/>\nTilaisuus alkaa kahvitarjoilulla klo 10.00.<\/p>\n<p>OHJELMA<br \/>\nTervetuloa<br \/>\nMuistiliiton toiminnanjohtaja Eila Okkonen<\/p>\n<p>Tositarina v\u00e4litt\u00e4misest\u00e4 ja v\u00e4linpit\u00e4m\u00e4tt\u00f6myydest\u00e4 - jos yksikin pelastuisi<br \/>\nUlla-Maija V\u00e4h\u00e4, omainen<\/p>\n<p>Muistiliiton juhlavuosi v\u00e4litt\u00e4\u00e4 ja vaikuttaa \u2013 V\u00c4LIT\u00c4! -juhlavuositeeman avaus<br \/>\nMuistiliiton liittohallituksen puheenjohtaja, kansanedustaja Merja M\u00e4kisalo-Ropponen<\/p>\n<p>Muistisairaan ihmisen perus- ja ihmisoikeudet<br \/>\nMuistiliiton liittovaltuuston varapuheenjohtaja, MEP Sirpa Pietik\u00e4inen<\/p>\n<p>Vapauden rajoittamisen rajat muistisairaan ihmisen n\u00e4k\u00f6kulmasta - ajankohtaisia n\u00e4k\u00f6kulmia Euroopasta<br \/>\nOikeustieteen dosentti Anna M\u00e4ki-Pet\u00e4j\u00e4-Leinonen<\/p>\n<p>Aikaa kysymyksille ja keskustelulle.<\/p>\n<p>Ilmoittautumiset: ilmoittautumiset@muistiliitto.fi<\/p>\n","protected":false},"excerpt":{"rendered":"<p>Muistisairaan ihmisen ihmisioikeudet ja vapauden rajoittaminen -vaikuttajafoorumi 1.2.2013 klo 10 - 13 36 suomalaista sairastuu muistisairauteen joka p\u00e4iv\u00e4. Alzheimerin tautia tai jotain muuta etenev\u00e4\u00e4 muistisairautta sairastaa jo noin 130 000 ihmist\u00e4. Onko muistisairaalla ihmisell\u00e4 ihmisoikeuksia?\u00a0 Mitk\u00e4 ovat vapauden rajoittamisen rajat? Tukeeko vai heikent\u00e4\u00e4k\u00f6 valmisteilla oleva lains\u00e4\u00e4d\u00e4nt\u00f6 muistisairaan itsem\u00e4\u00e4r\u00e4\u00e4misoikeutta? Miksi meid\u00e4n pit\u00e4isi v\u00e4litt\u00e4\u00e4 toisistamme enemm\u00e4n? Tule <a href=\"https:\/\/www.sarisarkomaa.fi\/?p=2577\" class=\"more-link\">...jatka lukemista<span class=\"screen-reader-text\"> \"Tilaisuus: Muistisairaan ihmisen ihmisioikeudet ja vapauden rajoittaminen -vaikuttajafoorumi\"<\/span><\/a><\/p>\n","protected":false},"author":1,"featured_media":0,"comment_status":"closed","ping_status":"closed","sticky":false,"template":"","format":"standard","meta":[],"categories":[4],"tags":[],"_links":{"self":[{"href":"https:\/\/www.sarisarkomaa.fi\/index.php?rest_route=\/wp\/v2\/posts\/2577"}],"collection":[{"href":"https:\/\/www.sarisarkomaa.fi\/index.php?rest_route=\/wp\/v2\/posts"}],"about":[{"href":"https:\/\/www.sarisarkomaa.fi\/index.php?rest_route=\/wp\/v2\/types\/post"}],"author":[{"embeddable":true,"href":"https:\/\/www.sarisarkomaa.fi\/index.php?rest_route=\/wp\/v2\/users\/1"}],"replies":[{"embeddable":true,"href":"https:\/\/www.sarisarkomaa.fi\/index.php?rest_route=%2Fwp%2Fv2%2Fcomments&post=2577"}],"version-history":[{"count":2,"href":"https:\/\/www.sarisarkomaa.fi\/index.php?rest_route=\/wp\/v2\/posts\/2577\/revisions"}],"predecessor-version":[{"id":2579,"href":"https:\/\/www.sarisarkomaa.fi\/index.php?rest_route=\/wp\/v2\/posts\/2577\/revisions\/2579"}],"wp:attachment":[{"href":"https:\/\/www.sarisarkomaa.fi\/index.php?rest_route=%2Fwp%2Fv2%2Fmedia&parent=2577"}],"wp:term":[{"taxonomy":"category","embeddable":true,"href":"https:\/\/www.sarisarkomaa.fi\/index.php?rest_route=%2Fwp%2Fv2%2Fcategories&post=2577"},{"taxonomy":"post_tag","embeddable":true,"href":"https:\/\/www.sarisarkomaa.fi\/index.php?rest_route=%2Fwp%2Fv2%2Ftags&post=2577"}],"curies":[{"name":"wp","href":"https:\/\/api.w.org\/{rel}","templated":true}]}}