{"id":2612,"date":"2013-02-04T10:41:48","date_gmt":"2013-02-04T08:41:48","guid":{"rendered":"http:\/\/www.sarisarkomaa.fi\/?p=2612"},"modified":"2013-02-04T10:45:20","modified_gmt":"2013-02-04T08:45:20","slug":"liikunta-ja-kuntoutus-vanhuspalvelulain-seurantakriteerien-ytimeen","status":"publish","type":"post","link":"https:\/\/www.sarisarkomaa.fi\/?p=2612","title":{"rendered":"Liikunta ja kuntoutus vanhuspalvelulain seurantakriteerien ytimeen"},"content":{"rendered":"<p>3.2.2013 Mielipidekirjoitus Helsingin Sanomissa<\/p>\n<p>Lii\u00adkun\u00adta on ik\u00e4\u00e4n\u00adty\u00advil\u00adle elin\u00adt\u00e4r\u00adke\u00e4\u00e4. Ik\u00e4\u00adih\u00admis\u00adten liik\u00adku\u00admis\u00adky\u00advyn on\u00adgel\u00admis\u00adta kak\u00adsi kol\u00admas\u00adosaa joh\u00adtuu lii\u00adkun\u00adnan puut\u00adtees\u00adta \u2013 vain kol\u00adman\u00adnes van\u00adhe\u00adne\u00admi\u00adses\u00adta. Var\u00admin ta\u00adpa ik\u00e4\u00e4n\u00adty\u00e4 on lo\u00adpet\u00adtaa liik\u00adku\u00admi\u00adnen.<\/p>\n<p>Hei\u00adn\u00e4\u00adkuus\u00adsa voi\u00admaan tu\u00adle\u00adva van\u00adhus\u00adpal\u00adve\u00adlu\u00adla\u00adki vauh\u00addit\u00adtaa ik\u00e4\u00adih\u00admis\u00adten pal\u00adve\u00adlui\u00adden ke\u00adhit\u00adt\u00e4\u00admis\u00adt\u00e4. Se j\u00e4t\u00adt\u00e4\u00e4 kui\u00adten\u00adkin pal\u00adjon uu\u00adsien kun\u00adta\u00adp\u00e4\u00e4t\u00adt\u00e4\u00adjien har\u00adkin\u00adnan va\u00adraan.<\/p>\n<p>Jot\u00adta k\u00e4y\u00adtet\u00adt\u00e4\u00advis\u00ads\u00e4 ole\u00advat re\u00adsurs\u00adsit riit\u00adt\u00e4\u00adv\u00e4t ik\u00e4\u00adih\u00admis\u00adten pal\u00adve\u00adlui\u00adden laa\u00adduk\u00adkaa\u00adseen j\u00e4r\u00adjes\u00adt\u00e4\u00admi\u00adseen, en\u00adnal\u00adta\u00adeh\u00adk\u00e4i\u00adse\u00adv\u00e4\u00e4 toi\u00admin\u00adtaa on te\u00adhos\u00adtet\u00adta\u00adva ja ih\u00admis\u00adten toi\u00admin\u00adta\u00adky\u00adky\u00e4 edis\u00adtet\u00adt\u00e4\u00adv\u00e4.<\/p>\n<p>Edus\u00adkun\u00adta on edel\u00adlyt\u00adt\u00e4\u00adnyt, et\u00adt\u00e4 hal\u00adli\u00adtus seu\u00adraa ja ar\u00advioi lain ta\u00advoit\u00adtei\u00adden to\u00adteu\u00adtu\u00admis\u00adta ja vai\u00adku\u00adtus\u00adta. Seu\u00adraa\u00adva as\u00adkel on van\u00adhus\u00adpal\u00adve\u00adlu\u00adlain seu\u00adran\u00adta\u00adkri\u00adtee\u00adrien te\u00adke\u00admi\u00adnen. Nyt on var\u00admis\u00adtet\u00adta\u00adva, et\u00adt\u00e4 eri\u00adtyi\u00adses\u00adti lii\u00adkun\u00adta ja oi\u00adkea-ai\u00adkai\u00adnen kun\u00adtou\u00adtus si\u00ads\u00e4l\u00adty\u00adv\u00e4t nii\u00adhin. Hy\u00advin j\u00e4r\u00adjes\u00adtet\u00adty seu\u00adran\u00adta muut\u00adtaa toi\u00admin\u00adtaa ha\u00adlut\u00adtuun suun\u00adtaan.<\/p>\n<p>Ik\u00e4\u00adih\u00admis\u00adten riit\u00adt\u00e4\u00adv\u00e4 p\u00e4i\u00advit\u00adt\u00e4i\u00adnen lii\u00adkun\u00adta, oi\u00adkea-ai\u00adkai\u00adnen kun\u00adtou\u00adtus se\u00adk\u00e4 kun\u00adtout\u00adta\u00adva ty\u00f6\u00adote van\u00adhus\u00adten hoi\u00advas\u00adsa tuo\u00advat mit\u00adta\u00advia kus\u00adtan\u00adnus\u00ads\u00e4\u00e4s\u00adt\u00f6\u00adj\u00e4, pu\u00adhu\u00admat\u00adta\u00adkaan vai\u00adku\u00adtuk\u00adsis\u00adta ih\u00admis\u00adten el\u00e4\u00adm\u00e4n\u00adlaa\u00adtuun.<\/p>\n<p>Maas\u00adsam\u00adme vuo\u00adsit\u00adtain ta\u00adpah\u00adtu\u00advien run\u00adsaan 7 000 lonk\u00adka\u00admur\u00adtu\u00adman hoi\u00adto on pu\u00adhut\u00adte\u00adle\u00adva esi\u00admerk\u00adki. En\u00adnen mur\u00adtu\u00admaa ko\u00adto\u00adna asu\u00adneis\u00adta l\u00e4\u00adhes 30 pro\u00adsent\u00adtia p\u00e4\u00e4\u00adtyy vuo\u00adden ku\u00adlues\u00adsa py\u00adsy\u00adv\u00e4\u00e4n lai\u00adtos\u00adhoi\u00adtoon. Leik\u00adkaus kyl\u00adl\u00e4 on\u00adnis\u00adtuu, mut\u00adta sen j\u00e4l\u00adkeis\u00adt\u00e4 kun\u00adtou\u00adtus\u00adta ei saa, jat\u00adko\u00adhoi\u00adtoon p\u00e4\u00e4\u00adsy pit\u00adkit\u00adtyy ei\u00adk\u00e4 ko\u00adti\u00adapu j\u00e4r\u00adjes\u00adty.<\/p>\n<p>Kri\u00adtee\u00adrei\u00adden seu\u00adran\u00adnan ohes\u00adsa val\u00adtion on ke\u00adr\u00e4t\u00adt\u00e4\u00adv\u00e4 pal\u00adve\u00adlui\u00adden hy\u00advi\u00e4 k\u00e4y\u00adt\u00e4n\u00adt\u00f6\u00adj\u00e4, jot\u00adta ne saa\u00addaan ri\u00adpe\u00e4s\u00adti k\u00e4yt\u00adt\u00f6\u00f6n ko\u00adko maas\u00adsa.<\/p>\n<p>Sa\u00adri Sar\u00adko\u00admaa, Hel\u00adsin\u00adki<br \/>\nLe\u00adni\u00adta Toi\u00advak\u00adka, Mik\u00adke\u00adli<br \/>\nAn\u00adne-Ma\u00adri Vi\u00adro\u00adlai\u00adnen, Lie\u00adto<br \/>\nkan\u00adsan\u00adedus\u00adta\u00adjia (kok)<\/p>\n","protected":false},"excerpt":{"rendered":"<p>3.2.2013 Mielipidekirjoitus Helsingin Sanomissa Lii\u00adkun\u00adta on ik\u00e4\u00e4n\u00adty\u00advil\u00adle elin\u00adt\u00e4r\u00adke\u00e4\u00e4. Ik\u00e4\u00adih\u00admis\u00adten liik\u00adku\u00admis\u00adky\u00advyn on\u00adgel\u00admis\u00adta kak\u00adsi kol\u00admas\u00adosaa joh\u00adtuu lii\u00adkun\u00adnan puut\u00adtees\u00adta \u2013 vain kol\u00adman\u00adnes van\u00adhe\u00adne\u00admi\u00adses\u00adta. Var\u00admin ta\u00adpa ik\u00e4\u00e4n\u00adty\u00e4 on lo\u00adpet\u00adtaa liik\u00adku\u00admi\u00adnen. Hei\u00adn\u00e4\u00adkuus\u00adsa voi\u00admaan tu\u00adle\u00adva van\u00adhus\u00adpal\u00adve\u00adlu\u00adla\u00adki vauh\u00addit\u00adtaa ik\u00e4\u00adih\u00admis\u00adten pal\u00adve\u00adlui\u00adden ke\u00adhit\u00adt\u00e4\u00admis\u00adt\u00e4. Se j\u00e4t\u00adt\u00e4\u00e4 kui\u00adten\u00adkin pal\u00adjon uu\u00adsien kun\u00adta\u00adp\u00e4\u00e4t\u00adt\u00e4\u00adjien har\u00adkin\u00adnan va\u00adraan. Jot\u00adta k\u00e4y\u00adtet\u00adt\u00e4\u00advis\u00ads\u00e4 ole\u00advat re\u00adsurs\u00adsit riit\u00adt\u00e4\u00adv\u00e4t ik\u00e4\u00adih\u00admis\u00adten pal\u00adve\u00adlui\u00adden laa\u00adduk\u00adkaa\u00adseen j\u00e4r\u00adjes\u00adt\u00e4\u00admi\u00adseen, en\u00adnal\u00adta\u00adeh\u00adk\u00e4i\u00adse\u00adv\u00e4\u00e4 toi\u00admin\u00adtaa on te\u00adhos\u00adtet\u00adta\u00adva <a href=\"https:\/\/www.sarisarkomaa.fi\/?p=2612\" class=\"more-link\">...jatka lukemista<span class=\"screen-reader-text\"> \"Liikunta ja kuntoutus vanhuspalvelulain seurantakriteerien ytimeen\"<\/span><\/a><\/p>\n","protected":false},"author":1,"featured_media":0,"comment_status":"closed","ping_status":"closed","sticky":false,"template":"","format":"standard","meta":[],"categories":[5],"tags":[],"_links":{"self":[{"href":"https:\/\/www.sarisarkomaa.fi\/index.php?rest_route=\/wp\/v2\/posts\/2612"}],"collection":[{"href":"https:\/\/www.sarisarkomaa.fi\/index.php?rest_route=\/wp\/v2\/posts"}],"about":[{"href":"https:\/\/www.sarisarkomaa.fi\/index.php?rest_route=\/wp\/v2\/types\/post"}],"author":[{"embeddable":true,"href":"https:\/\/www.sarisarkomaa.fi\/index.php?rest_route=\/wp\/v2\/users\/1"}],"replies":[{"embeddable":true,"href":"https:\/\/www.sarisarkomaa.fi\/index.php?rest_route=%2Fwp%2Fv2%2Fcomments&post=2612"}],"version-history":[{"count":3,"href":"https:\/\/www.sarisarkomaa.fi\/index.php?rest_route=\/wp\/v2\/posts\/2612\/revisions"}],"predecessor-version":[{"id":2614,"href":"https:\/\/www.sarisarkomaa.fi\/index.php?rest_route=\/wp\/v2\/posts\/2612\/revisions\/2614"}],"wp:attachment":[{"href":"https:\/\/www.sarisarkomaa.fi\/index.php?rest_route=%2Fwp%2Fv2%2Fmedia&parent=2612"}],"wp:term":[{"taxonomy":"category","embeddable":true,"href":"https:\/\/www.sarisarkomaa.fi\/index.php?rest_route=%2Fwp%2Fv2%2Fcategories&post=2612"},{"taxonomy":"post_tag","embeddable":true,"href":"https:\/\/www.sarisarkomaa.fi\/index.php?rest_route=%2Fwp%2Fv2%2Ftags&post=2612"}],"curies":[{"name":"wp","href":"https:\/\/api.w.org\/{rel}","templated":true}]}}