{"id":2642,"date":"2013-02-09T15:30:02","date_gmt":"2013-02-09T13:30:02","guid":{"rendered":"http:\/\/www.sarisarkomaa.fi\/?p=2642"},"modified":"2013-02-14T15:32:02","modified_gmt":"2013-02-14T13:32:02","slug":"sarkomaa-kirittaa-sosiaali-ja-terveydenhuollon-tyoturvallisuustoimia","status":"publish","type":"post","link":"https:\/\/www.sarisarkomaa.fi\/?p=2642","title":{"rendered":"Sarkomaa kiritt\u00e4\u00e4 sosiaali- ja terveydenhuollon ty\u00f6turvallisuustoimia"},"content":{"rendered":"<p>Tiedote 9.2.2013<\/p>\n<p><strong>Kokoomuksen kansanedustaja ja valtiovarainvaliokunnan kunta- ja terveysjaoston puheenjohtaja Sari Sarkomaa kiritt\u00e4\u00e4 toimia sosiaali- ja terveydenhuollon ty\u00f6turvallisuuden parantamiseksi. <\/strong>Sarkomaa muistuttaa, ett\u00e4 kyse on isosta asiasta. Vakavuutta kuvaa vuoden 2011 kunta-alan ty\u00f6olobarometri: Terveystoimessa vastaajista <strong>53% ilmoitti, ett\u00e4 joku ty\u00f6paikalla on joutunut v\u00e4kivallan tai sen uhan kohteeksi kerran tai useita kertoja. Sarkomaa j\u00e4tti asiasta eilen kirjallisen kysymyksen. <\/strong><\/p>\n<p><strong>\u201dV\u00e4kivalta ja sen uhka v\u00e4hent\u00e4v\u00e4t sosiaali- ja terveydenhuoltoalan houkuttelevuutta ja ty\u00f6hyvinvointia vakavalla tavalla, joka n\u00e4kyy kasvavana ty\u00f6n kuormittavuutena sek\u00e4 hoitajapulana\u201d, muistuttaa Sarkomaa.<\/p>\n<p>Sarkomaa kiitt\u00e4\u00e4 sosiaali- ja terveysministeri Risikkoa siit\u00e4, ett\u00e4 h\u00e4n on nostanut\u00a0 asian vahvasti esille. <\/strong>Risikko on n\u00e4ytt\u00e4nyt vihre\u00e4\u00e4 valoa asetukselle, joka tarkentaisi ty\u00f6turvallisuuslain yleisluonteisia s\u00e4\u00e4nn\u00f6ksi\u00e4 v\u00e4kivallan uhan torjunnasta ja yksinty\u00f6skentelyn riskeist\u00e4.<\/p>\n<p>\u201dTy\u00f6ntekij\u00f6iden kohtaaman v\u00e4kivallan ehk\u00e4isemiseen ja hallitsemiseen on etsitt\u00e4v\u00e4 uusia keinoja. Kaikilla ty\u00f6paikoilla on kyett\u00e4v\u00e4 varautumaan ennakoimattomaan v\u00e4kivaltaan\u201d, sanoo Sarkomaa.<\/p>\n<p><strong>Asetuksen lis\u00e4ksi tarvitaan my\u00f6s monia muita muutoksia. <\/strong>Sosiaali- ja terveydenhuoltoalaa edustavan Tehyn saaman tiedon mukaan ty\u00f6nantajat eiv\u00e4t kaikin paikoin tee lievist\u00e4 pahoinpitelyist\u00e4 rikosilmoituksia, vaan se on j\u00e4tetty yksitt\u00e4isen v\u00e4kivallan kohteeksi joutuneen ty\u00f6ntekij\u00e4n ilmoituksen varaan. Tehyn mielest\u00e4 ty\u00f6nantajan ilmoitusvelvollisuudesta lieviss\u00e4 pahoinpitelytapauksissa tulisi s\u00e4\u00e4t\u00e4\u00e4 rikoslaissa. T\u00e4m\u00e4 muutos on Sarkomaan mielest\u00e4 perusteltu. <strong>Sarkomaa vaatii ottamaan sosiaali- ja terveydenhuoltoalan viestin vakavasti ja etenem\u00e4\u00e4n asiassa ripe\u00e4sti,\u00a0 jotta nykyinen eduskunta ehtii k\u00e4sitell\u00e4 ty\u00f6turvallisuutta edist\u00e4v\u00e4t lakimuutokset.<\/strong><\/p>\n<p>Tehy sek\u00e4 Suomen l\u00e4hi- ja perushoitajaliitto SuPer kertovat, ett\u00e4 terveydenhuollon ty\u00f6ntekij\u00e4t joutuvat yh\u00e4 useammin v\u00e4kivallan kohteeksi. Luvut ovat h\u00e4lytt\u00e4v\u00e4n korkeita: Tehyn viimevuotisesta j\u00e4rjest\u00f6tutkimuksesta ilmenee, ett\u00e4 kysely\u00e4 edelt\u00e4neen\u00e4 vuonna fyysist\u00e4 v\u00e4kivaltaa oli kokenut 29 % vastaajista. SuPer:in ty\u00f6hyvinvointiselvityksen mukaan kotihoidon ty\u00f6ntekij\u00f6ist\u00e4 reilusti yli kolmannes ilmoitti kokeneensa v\u00e4kivaltaa tai sen uhkaa. Vakava esimerkki on viime vuoden loppupuolella kotik\u00e4ynnill\u00e4 tapahtunut terveydenhoitajan surma.<\/p>\n<p><strong>\u201dTerveydenhuoltoalan ammattilaisilta on tullut palautetta my\u00f6s siit\u00e4, ett\u00e4 tutkittua tietoa asiakkaan kotona teht\u00e4v\u00e4n ty\u00f6n v\u00e4kivaltatilanteista ja uhkatilanteista ei ole saatavilla riitt\u00e4v\u00e4sti.\u00a0 My\u00f6s t\u00e4m\u00e4 puute on korjattava kiireellisesti\u201d, vaatii Sarkomaa.<\/strong><\/p>\n<p>Lis\u00e4tietoja:<br \/>\nSari Sarkomaa<br \/>\n050 511 3033<\/p>\n","protected":false},"excerpt":{"rendered":"<p>Tiedote 9.2.2013 Kokoomuksen kansanedustaja ja valtiovarainvaliokunnan kunta- ja terveysjaoston puheenjohtaja Sari Sarkomaa kiritt\u00e4\u00e4 toimia sosiaali- ja terveydenhuollon ty\u00f6turvallisuuden parantamiseksi. Sarkomaa muistuttaa, ett\u00e4 kyse on isosta asiasta. Vakavuutta kuvaa vuoden 2011 kunta-alan ty\u00f6olobarometri: Terveystoimessa vastaajista 53% ilmoitti, ett\u00e4 joku ty\u00f6paikalla on joutunut v\u00e4kivallan tai sen uhan kohteeksi kerran tai useita kertoja. Sarkomaa j\u00e4tti asiasta eilen kirjallisen <a href=\"https:\/\/www.sarisarkomaa.fi\/?p=2642\" class=\"more-link\">...jatka lukemista<span class=\"screen-reader-text\"> \"Sarkomaa kiritt\u00e4\u00e4 sosiaali- ja terveydenhuollon ty\u00f6turvallisuustoimia\"<\/span><\/a><\/p>\n","protected":false},"author":1,"featured_media":0,"comment_status":"closed","ping_status":"closed","sticky":false,"template":"","format":"standard","meta":[],"categories":[4],"tags":[],"_links":{"self":[{"href":"https:\/\/www.sarisarkomaa.fi\/index.php?rest_route=\/wp\/v2\/posts\/2642"}],"collection":[{"href":"https:\/\/www.sarisarkomaa.fi\/index.php?rest_route=\/wp\/v2\/posts"}],"about":[{"href":"https:\/\/www.sarisarkomaa.fi\/index.php?rest_route=\/wp\/v2\/types\/post"}],"author":[{"embeddable":true,"href":"https:\/\/www.sarisarkomaa.fi\/index.php?rest_route=\/wp\/v2\/users\/1"}],"replies":[{"embeddable":true,"href":"https:\/\/www.sarisarkomaa.fi\/index.php?rest_route=%2Fwp%2Fv2%2Fcomments&post=2642"}],"version-history":[{"count":2,"href":"https:\/\/www.sarisarkomaa.fi\/index.php?rest_route=\/wp\/v2\/posts\/2642\/revisions"}],"predecessor-version":[{"id":2644,"href":"https:\/\/www.sarisarkomaa.fi\/index.php?rest_route=\/wp\/v2\/posts\/2642\/revisions\/2644"}],"wp:attachment":[{"href":"https:\/\/www.sarisarkomaa.fi\/index.php?rest_route=%2Fwp%2Fv2%2Fmedia&parent=2642"}],"wp:term":[{"taxonomy":"category","embeddable":true,"href":"https:\/\/www.sarisarkomaa.fi\/index.php?rest_route=%2Fwp%2Fv2%2Fcategories&post=2642"},{"taxonomy":"post_tag","embeddable":true,"href":"https:\/\/www.sarisarkomaa.fi\/index.php?rest_route=%2Fwp%2Fv2%2Ftags&post=2642"}],"curies":[{"name":"wp","href":"https:\/\/api.w.org\/{rel}","templated":true}]}}