{"id":2730,"date":"2013-03-28T09:54:20","date_gmt":"2013-03-28T07:54:20","guid":{"rendered":"http:\/\/www.sarisarkomaa.fi\/?p=2730"},"modified":"2013-04-08T09:57:32","modified_gmt":"2013-04-08T07:57:32","slug":"maaliskuun-kuukausikirje","status":"publish","type":"post","link":"https:\/\/www.sarisarkomaa.fi\/?p=2730","title":{"rendered":"Maaliskuun kuukausikirje"},"content":{"rendered":"<p>Kirjoitan kuukausittain kirjeen ajankohtaisista asioista.<\/p>\n<p>Saat kuukausikirjeen\u00a0t\u00e4ytt\u00e4m\u00e4ll\u00e4 <a href=\"..\/?page_id=106\">lomakkeen<\/a> tai\u00a0ottamalla minuun yhteytt\u00e4. Ohessa n\u00e4et viimeisimm\u00e4n kuukausikirjeeni aiheet.<\/p>\n<p><strong>Sari Sarkomaan eduskuntaterveiset 28.3.2013<\/strong><br \/>\n<a href=\"http:\/\/www.facebook.com\/sarkomaasari \"><\/a><br \/>\n<strong>- Kehysp\u00e4\u00e4t\u00f6ksell\u00e4 kest\u00e4v\u00e4\u00e4 kasvua ja ty\u00f6paikkoja<br \/>\n- Aivojen tutkimusta vauhdittamassa<br \/>\n- Lasten hammasterveisi\u00e4!<\/p>\n<p>- Ehdolla Tehyn vaaleissa!<br \/>\n<\/strong>Tehyn vaalien \u00e4\u00e4nestys on alkanut. Olen ehdolla Tehyn liittokokousedustajaksi Arvo ammattitaidolle \u2013ryhm\u00e4ss\u00e4. Kes\u00e4kuussa pidett\u00e4v\u00e4 liittokokous valitsee Tehylle puheenjohtajiston ja hallituksen sek\u00e4 linjaa tulevaa. Tehyn mainio kokoomuslainen puheenjohtaja Jaana Laitinen-Pesola p\u00e4\u00e4tt\u00e4\u00e4 kautensa. Haluan olla liittokokouksessa varmistamassa, ett\u00e4 uudeksi puheenjohtajakasi valitaan erinomainen ehdokkaamme Marjut McLean. \u00c4\u00e4nioikeutettuja Tehyn vaaleissa ovat Tehyn j\u00e4senet. Kannustetaan kaikki tehyl\u00e4iset tutut liikkeelle.<\/p>\n<p>S\u00e4hk\u00f6inen \u00e4\u00e4nestys tapahtuu 27.3.\u201314.4.2013. Posti\u00e4\u00e4nestys 27.3.\u201316.4.2013.<br \/>\n\u00c4\u00e4nioikeutettuja Tehyn vaaleissa ovat Tehyn j\u00e4senet.<br \/>\nLis\u00e4tietoja sivuilta <a href=\"http:\/\/www.tehy.fi\/vaalit\">www.tehy.fi\/vaalit<\/a><\/p>\n","protected":false},"excerpt":{"rendered":"<p>Kirjoitan kuukausittain kirjeen ajankohtaisista asioista. Saat kuukausikirjeen\u00a0t\u00e4ytt\u00e4m\u00e4ll\u00e4 lomakkeen tai\u00a0ottamalla minuun yhteytt\u00e4. Ohessa n\u00e4et viimeisimm\u00e4n kuukausikirjeeni aiheet. Sari Sarkomaan eduskuntaterveiset 28.3.2013 - Kehysp\u00e4\u00e4t\u00f6ksell\u00e4 kest\u00e4v\u00e4\u00e4 kasvua ja ty\u00f6paikkoja - Aivojen tutkimusta vauhdittamassa - Lasten hammasterveisi\u00e4! - Ehdolla Tehyn vaaleissa! Tehyn vaalien \u00e4\u00e4nestys on alkanut. Olen ehdolla Tehyn liittokokousedustajaksi Arvo ammattitaidolle \u2013ryhm\u00e4ss\u00e4. Kes\u00e4kuussa pidett\u00e4v\u00e4 liittokokous valitsee Tehylle puheenjohtajiston <a href=\"https:\/\/www.sarisarkomaa.fi\/?p=2730\" class=\"more-link\">...jatka lukemista<span class=\"screen-reader-text\"> \"Maaliskuun kuukausikirje\"<\/span><\/a><\/p>\n","protected":false},"author":1,"featured_media":0,"comment_status":"closed","ping_status":"closed","sticky":false,"template":"","format":"standard","meta":[],"categories":[6],"tags":[],"_links":{"self":[{"href":"https:\/\/www.sarisarkomaa.fi\/index.php?rest_route=\/wp\/v2\/posts\/2730"}],"collection":[{"href":"https:\/\/www.sarisarkomaa.fi\/index.php?rest_route=\/wp\/v2\/posts"}],"about":[{"href":"https:\/\/www.sarisarkomaa.fi\/index.php?rest_route=\/wp\/v2\/types\/post"}],"author":[{"embeddable":true,"href":"https:\/\/www.sarisarkomaa.fi\/index.php?rest_route=\/wp\/v2\/users\/1"}],"replies":[{"embeddable":true,"href":"https:\/\/www.sarisarkomaa.fi\/index.php?rest_route=%2Fwp%2Fv2%2Fcomments&post=2730"}],"version-history":[{"count":1,"href":"https:\/\/www.sarisarkomaa.fi\/index.php?rest_route=\/wp\/v2\/posts\/2730\/revisions"}],"predecessor-version":[{"id":2731,"href":"https:\/\/www.sarisarkomaa.fi\/index.php?rest_route=\/wp\/v2\/posts\/2730\/revisions\/2731"}],"wp:attachment":[{"href":"https:\/\/www.sarisarkomaa.fi\/index.php?rest_route=%2Fwp%2Fv2%2Fmedia&parent=2730"}],"wp:term":[{"taxonomy":"category","embeddable":true,"href":"https:\/\/www.sarisarkomaa.fi\/index.php?rest_route=%2Fwp%2Fv2%2Fcategories&post=2730"},{"taxonomy":"post_tag","embeddable":true,"href":"https:\/\/www.sarisarkomaa.fi\/index.php?rest_route=%2Fwp%2Fv2%2Ftags&post=2730"}],"curies":[{"name":"wp","href":"https:\/\/api.w.org\/{rel}","templated":true}]}}