{"id":2763,"date":"2013-04-11T14:13:11","date_gmt":"2013-04-11T12:13:11","guid":{"rendered":"http:\/\/www.sarisarkomaa.fi\/?p=2763"},"modified":"2013-04-11T14:13:11","modified_gmt":"2013-04-11T12:13:11","slug":"eduskunnan-lapsen-puolesta-ryhman-seminaari-23-4-2013","status":"publish","type":"post","link":"https:\/\/www.sarisarkomaa.fi\/?p=2763","title":{"rendered":"Eduskunnan Lapsen puolesta -ryhm\u00e4n seminaari 23.4.2013"},"content":{"rendered":"<p><strong>Eduskunnan Lapsen puolesta \u2013ryhm\u00e4ll\u00e4 on ilo kutsua Sinut seminaariin jonka aiheita ovat: varhaiskasvatuslain uudistamisty\u00f6 sek\u00e4 varhaiskasvatuksen liikunnan ja hyvinvoinnin edist\u00e4minen.<\/strong><\/p>\n<p>Varhaiskasvatuksen ja p\u00e4iv\u00e4hoitopalvelujen lains\u00e4\u00e4d\u00e4nn\u00f6n valmistelu siirtyi vuoden 2013 alussa opetus- ja kulttuuriministeri\u00f6\u00f6n osaksi kasvatus- ja koulutusj\u00e4rjestelm\u00e4\u00e4. Nykyinen p\u00e4iv\u00e4hoitolaki ja -asetus ovat vuodelta 1973. Opetus- ja kulttuuriministeri\u00f6ss\u00e4 on asetettu ty\u00f6ryhm\u00e4 valmistelemaan esityst\u00e4 varhaiskasvatusta koskeviksi s\u00e4\u00e4d\u00f6ksiksi. Tavoitteena on, ett\u00e4 lains\u00e4\u00e4d\u00e4nt\u00f6 tulisi voimaan 1.1.2015. Olet l\u00e4mpim\u00e4sti tervetullut kuuntelemaan ajankohtaisia kuulumisia varhaiskasvatuslain valmistelusta ja vaikuttamaan lain sis\u00e4lt\u00f6\u00f6n.<\/p>\n<p>Aika: ti 23.4.2013 klo 17.00 - 18.30<br \/>\nPaikka: Eduskunnan kokoustilat: Laki-Pyk\u00e4l\u00e4<br \/>\nK\u00e4ynti vierasovesta, joka sijaitsee Mannerheimintielt\u00e4 katsottuna eduskuntatalon oikealla puolella katutasossa<\/p>\n<p>Tilaisuudessa alustavat johtaja Jari Rajanen opetus- ja kulttuuriministeri\u00f6st\u00e4 ja Anneli P\u00f6nkk\u00f6 Oulun yliopistosta. Jari Rajanen toimii varhaiskasvatusta koskevan lains\u00e4\u00e4d\u00e4nn\u00f6n uudistamisty\u00f6ryhm\u00e4n varapuheenjohtajana ja ryhm\u00e4n valmisteluryhm\u00e4n puheenjohtajana. Anneli P\u00f6nkk\u00f6 (LitT) on Nuori Suomi ry:n yhteiskunnallisen vaikuttamisen teemaryhm\u00e4n puheenjohtaja ja alustaa aiheesta: \"Tutkimusmatkalla varhaiskasvatuksen uusiin liikkumisen k\u00e4yt\u00e4nt\u00f6ihin.\"<\/p>\n<p>Puheenvuorojen j\u00e4lkeen eduskunnan ryhm\u00e4t esitt\u00e4v\u00e4t kommenttipuheenvuorot ja ilta jatkuu keskustelulla. Keskustelua johtavat kansanedustajat Inkeri Kerola ja Sari Sarkomaa, eduskunnan Lapsen puolesta \u2013ryhm\u00e4n puheenjohtajat.<\/p>\n<p>Tilassa on paikkoja rajoitetusti, ilmoittautumiset pyydet\u00e4\u00e4n pe 19.4 menness\u00e4 Lapsen puolesta -ryhm\u00e4n sihteerille, Eveliina Kuuselalle, eveliina.kuusela@eduskunta.fi tai puh 09 432 4145 \/ 050 574 1011. Halutessasi voit l\u00e4hett\u00e4\u00e4 kysymyksi\u00e4 etuk\u00e4teen. Kutsua voi v\u00e4litt\u00e4\u00e4 eteenp\u00e4in.<\/p>\n<p>Tervetuloa!<\/p>\n<p>Eduskunnan Lapsen puolesta \u2013ryhm\u00e4n puolesta,<\/p>\n<p>Kansanedustajat<br \/>\nInkeri Kerola (kesk.)<br \/>\n050 511 3145<br \/>\ninkeri.kerola@eduskunta.fi<\/p>\n<p>Sari Sarkomaa (kok)<br \/>\n050 511 3033<br \/>\nsari.sarkomaa@eduskunta.fi<\/p>\n","protected":false},"excerpt":{"rendered":"<p>Eduskunnan Lapsen puolesta \u2013ryhm\u00e4ll\u00e4 on ilo kutsua Sinut seminaariin jonka aiheita ovat: varhaiskasvatuslain uudistamisty\u00f6 sek\u00e4 varhaiskasvatuksen liikunnan ja hyvinvoinnin edist\u00e4minen. Varhaiskasvatuksen ja p\u00e4iv\u00e4hoitopalvelujen lains\u00e4\u00e4d\u00e4nn\u00f6n valmistelu siirtyi vuoden 2013 alussa opetus- ja kulttuuriministeri\u00f6\u00f6n osaksi kasvatus- ja koulutusj\u00e4rjestelm\u00e4\u00e4. Nykyinen p\u00e4iv\u00e4hoitolaki ja -asetus ovat vuodelta 1973. Opetus- ja kulttuuriministeri\u00f6ss\u00e4 on asetettu ty\u00f6ryhm\u00e4 valmistelemaan esityst\u00e4 varhaiskasvatusta koskeviksi s\u00e4\u00e4d\u00f6ksiksi. Tavoitteena <a href=\"https:\/\/www.sarisarkomaa.fi\/?p=2763\" class=\"more-link\">...jatka lukemista<span class=\"screen-reader-text\"> \"Eduskunnan Lapsen puolesta -ryhm\u00e4n seminaari 23.4.2013\"<\/span><\/a><\/p>\n","protected":false},"author":1,"featured_media":0,"comment_status":"closed","ping_status":"closed","sticky":false,"template":"","format":"standard","meta":[],"categories":[4],"tags":[],"_links":{"self":[{"href":"https:\/\/www.sarisarkomaa.fi\/index.php?rest_route=\/wp\/v2\/posts\/2763"}],"collection":[{"href":"https:\/\/www.sarisarkomaa.fi\/index.php?rest_route=\/wp\/v2\/posts"}],"about":[{"href":"https:\/\/www.sarisarkomaa.fi\/index.php?rest_route=\/wp\/v2\/types\/post"}],"author":[{"embeddable":true,"href":"https:\/\/www.sarisarkomaa.fi\/index.php?rest_route=\/wp\/v2\/users\/1"}],"replies":[{"embeddable":true,"href":"https:\/\/www.sarisarkomaa.fi\/index.php?rest_route=%2Fwp%2Fv2%2Fcomments&post=2763"}],"version-history":[{"count":2,"href":"https:\/\/www.sarisarkomaa.fi\/index.php?rest_route=\/wp\/v2\/posts\/2763\/revisions"}],"predecessor-version":[{"id":2765,"href":"https:\/\/www.sarisarkomaa.fi\/index.php?rest_route=\/wp\/v2\/posts\/2763\/revisions\/2765"}],"wp:attachment":[{"href":"https:\/\/www.sarisarkomaa.fi\/index.php?rest_route=%2Fwp%2Fv2%2Fmedia&parent=2763"}],"wp:term":[{"taxonomy":"category","embeddable":true,"href":"https:\/\/www.sarisarkomaa.fi\/index.php?rest_route=%2Fwp%2Fv2%2Fcategories&post=2763"},{"taxonomy":"post_tag","embeddable":true,"href":"https:\/\/www.sarisarkomaa.fi\/index.php?rest_route=%2Fwp%2Fv2%2Ftags&post=2763"}],"curies":[{"name":"wp","href":"https:\/\/api.w.org\/{rel}","templated":true}]}}