{"id":2909,"date":"2013-05-16T15:00:03","date_gmt":"2013-05-16T13:00:03","guid":{"rendered":"http:\/\/www.sarisarkomaa.fi\/?p=2909"},"modified":"2013-05-16T15:00:03","modified_gmt":"2013-05-16T13:00:03","slug":"tiedammeko-miten-lapset-voivat","status":"publish","type":"post","link":"https:\/\/www.sarisarkomaa.fi\/?p=2909","title":{"rendered":"Tied\u00e4mmek\u00f6 miten lapset voivat?"},"content":{"rendered":"<p>Tiedote 15.5.2013<\/p>\n<p>Kokoomuksen kansanedustaja ja valtiovarainvaliokunnan kunta- ja terveysjaoston puheenjohtaja Sari Sarkomaa puhui Turussa Terve SOS -p\u00e4ivill\u00e4 t\u00e4n\u00e4\u00e4n otsikolla \"Lapset ja nuoret valtiovallan erityissuojeluksessa\u201d. Sarkomaa esitti huolen siit\u00e4, ett\u00e4 Suomessa lasten hyvinvoinnista on aivan liian v\u00e4h\u00e4n ajantasaista ja sirpaleisesti saatuvilla olevaa tietoa. T\u00e4m\u00e4 ammottava aukko on korjattava.<\/p>\n<p>Sarkomaa pit\u00e4\u00e4 t\u00e4rke\u00e4n\u00e4, ett\u00e4 kouluterveyskysely ulotettaisiin my\u00f6s alakoululaisiin ja neuvoloissa toteutettaisiin neuvolakysely. \u201dT\u00e4m\u00e4 on v\u00e4ltt\u00e4m\u00e4t\u00f6nt\u00e4, jotta oikeasti tiet\u00e4isimme, miten lapset voivat ja voisimme arvioida toimiemme vaikuttavuutta. Voimavarojen oikean kohdentamisen edellytys on se, ett\u00e4 p\u00e4\u00e4t\u00f6ksenteko perustuu tietoon\u201d, sanoo Sarkomaa.<\/p>\n<p>Sarkomaa nosti puheessaan esille sen, ett\u00e4 lasten pahoinvointi musertaa hyvinvointiamme vakavammin kuin kansantalouden kest\u00e4vyysvaje. Suurin osa lapsista ja nuorista voi hyvin, ehk\u00e4 paremmin kuin koskaan, mutta kasvava joukko voi yh\u00e4 huonommin. Lasten pahoinvoinnin kitkeminen ja ehk\u00e4iseminen on asia, johon meid\u00e4n on pys\u00e4hdytt\u00e4v\u00e4.<\/p>\n<p>Sarkomaa on tyytyv\u00e4inen siit\u00e4, ett\u00e4 my\u00f6s valtiovarainministeri Urpilaisen asettamien selvityshenkil\u00f6iden tuoreessa \u201dEnemm\u00e4n ongelmien ehk\u00e4isy\u00e4, v\u00e4hemm\u00e4n korjailua?\u201d \u2013 raportissa nostetaan esille se, ett\u00e4 olisi aika tehd\u00e4 kokonaisratkaisu siit\u00e4, miten lasten hyvinvointia, ongelmia ja niiden kanssa teht\u00e4v\u00e4\u00e4 ty\u00f6t\u00e4 kuvataan kansallisella ja kunnallisella tasolla.<\/p>\n<p>Sarkomaa pit\u00e4\u00e4 hyv\u00e4n\u00e4, ett\u00e4 raportissa painotettiin, ett\u00e4 tiedon sirpaleista ei itsest\u00e4\u00e4n synny kumuloituvaa tietopohjaa, eik\u00e4 tieto parhaista k\u00e4yt\u00e4nn\u00f6ist\u00e4 levi\u00e4 itsest\u00e4\u00e4n. Tarvitaan kansallista ohjausta. Olemassa olevaa tietoa tulee k\u00e4ytt\u00e4\u00e4 kehitt\u00e4m\u00e4\u00e4n perhepolitiikan osa-alueita niin, ett\u00e4 k\u00e4ytt\u00f6\u00f6n otetaan tehokkaimmat toimenpiteet.<\/p>\n<p>Sarkomaa muistuttaa, ett\u00e4 hallitusohjelmassa on luvattu, ett\u00e4 tiedolla johtamista vahvistetaan lasten hyvinvoinnin kansallisia indikaattoreita kehitt\u00e4m\u00e4ll\u00e4. Sarkomaa toivoo, ett\u00e4 Urpilaisen tilaama raportti on valtioneuvoston piiriss\u00e4 my\u00f6s luettu ja ett\u00e4 sen pohjalta ryhdyt\u00e4\u00e4n toimiin.<\/p>\n<p>Indikaattoritietoja pit\u00e4isi olla eriteltyn\u00e4 esimerkiksi lapsen perheen rakenteen, vanhempien sosioekonomisen taustan ym. mukaan, jotta saamme esiin hyvinvoinnin kehityksen sis\u00e4isi\u00e4 eroja. Suomessa tarvitaan lasten hyvinvointi-indikaattorit -verkkopalvelua, jossa tiedot olisivat kootusti ja kaikkien saatuvilla. Lasten hyvinvoinnin kansallisia indikaattoreita valmistelleen ty\u00f6ryhm\u00e4n ehdotus on hyv\u00e4 pohja. Indikaattoripalvelu voitaisiin toteuttaa lapsiasiavaltuutetun toimiston tai THL:n verkkosivujen yhteyteen. Ruotsissa vastaava verkkopalvelu on sujuvasti toiminnassa.<\/p>\n<p>\u201dEriarvoistuminen kasvaa; meill\u00e4 on perheit\u00e4, joissa ollaan valmiita tekem\u00e4\u00e4n lasten eteen kaikki mahdollinen ja toisaalta perheit\u00e4, joissa lapsen perusasioista ei kyet\u00e4 huolehtimaan. Ydinkysymys on, miten n\u00e4it\u00e4 perheit\u00e4 osaisimme auttaa oikein ja ajoissa\u201d, sanoo Sarkomaa.<\/p>\n<p>Lis\u00e4tietoja:<br \/>\nSari Sarkomaa<br \/>\n050 511 3033<\/p>\n","protected":false},"excerpt":{"rendered":"<p>Tiedote 15.5.2013 Kokoomuksen kansanedustaja ja valtiovarainvaliokunnan kunta- ja terveysjaoston puheenjohtaja Sari Sarkomaa puhui Turussa Terve SOS -p\u00e4ivill\u00e4 t\u00e4n\u00e4\u00e4n otsikolla \"Lapset ja nuoret valtiovallan erityissuojeluksessa\u201d. Sarkomaa esitti huolen siit\u00e4, ett\u00e4 Suomessa lasten hyvinvoinnista on aivan liian v\u00e4h\u00e4n ajantasaista ja sirpaleisesti saatuvilla olevaa tietoa. T\u00e4m\u00e4 ammottava aukko on korjattava. Sarkomaa pit\u00e4\u00e4 t\u00e4rke\u00e4n\u00e4, ett\u00e4 kouluterveyskysely ulotettaisiin my\u00f6s alakoululaisiin <a href=\"https:\/\/www.sarisarkomaa.fi\/?p=2909\" class=\"more-link\">...jatka lukemista<span class=\"screen-reader-text\"> \"Tied\u00e4mmek\u00f6 miten lapset voivat?\"<\/span><\/a><\/p>\n","protected":false},"author":1,"featured_media":0,"comment_status":"closed","ping_status":"closed","sticky":false,"template":"","format":"standard","meta":[],"categories":[4],"tags":[],"_links":{"self":[{"href":"https:\/\/www.sarisarkomaa.fi\/index.php?rest_route=\/wp\/v2\/posts\/2909"}],"collection":[{"href":"https:\/\/www.sarisarkomaa.fi\/index.php?rest_route=\/wp\/v2\/posts"}],"about":[{"href":"https:\/\/www.sarisarkomaa.fi\/index.php?rest_route=\/wp\/v2\/types\/post"}],"author":[{"embeddable":true,"href":"https:\/\/www.sarisarkomaa.fi\/index.php?rest_route=\/wp\/v2\/users\/1"}],"replies":[{"embeddable":true,"href":"https:\/\/www.sarisarkomaa.fi\/index.php?rest_route=%2Fwp%2Fv2%2Fcomments&post=2909"}],"version-history":[{"count":1,"href":"https:\/\/www.sarisarkomaa.fi\/index.php?rest_route=\/wp\/v2\/posts\/2909\/revisions"}],"predecessor-version":[{"id":2910,"href":"https:\/\/www.sarisarkomaa.fi\/index.php?rest_route=\/wp\/v2\/posts\/2909\/revisions\/2910"}],"wp:attachment":[{"href":"https:\/\/www.sarisarkomaa.fi\/index.php?rest_route=%2Fwp%2Fv2%2Fmedia&parent=2909"}],"wp:term":[{"taxonomy":"category","embeddable":true,"href":"https:\/\/www.sarisarkomaa.fi\/index.php?rest_route=%2Fwp%2Fv2%2Fcategories&post=2909"},{"taxonomy":"post_tag","embeddable":true,"href":"https:\/\/www.sarisarkomaa.fi\/index.php?rest_route=%2Fwp%2Fv2%2Ftags&post=2909"}],"curies":[{"name":"wp","href":"https:\/\/api.w.org\/{rel}","templated":true}]}}