{"id":3008,"date":"2013-06-20T08:11:55","date_gmt":"2013-06-20T06:11:55","guid":{"rendered":"http:\/\/www.sarisarkomaa.fi\/?p=3008"},"modified":"2013-06-20T08:12:47","modified_gmt":"2013-06-20T06:12:47","slug":"kesakirje","status":"publish","type":"post","link":"https:\/\/www.sarisarkomaa.fi\/?p=3008","title":{"rendered":"Kes\u00e4kirje"},"content":{"rendered":"<p>Kirjoitan kuukausittain kirjeen ajankohtaisista asioista. Saat kuukausikirjeen\u00a0t\u00e4ytt\u00e4m\u00e4ll\u00e4 <a href=\"..\/?page_id=106\">lomakkeen<\/a> tai\u00a0ottamalla minuun yhteytt\u00e4. Ohessa n\u00e4et viimeisimm\u00e4n kuukausikirjeeni.<strong> <\/strong><\/p>\n<p><strong> <\/strong><\/p>\n<p><strong>Sari Sarkomaan eduskuntaterveiset <\/strong><br \/>\n20.6.2013<\/p>\n<p>Arvoisa vastaanottaja,<\/p>\n<p>Eduskunnan ty\u00f6 on vauhdikkaimmillaan. Merkitt\u00e4vimpi\u00e4 k\u00e4sittelyss\u00e4 olevia asioita on kuntajakolaki, jonka k\u00e4sittely on tarkoitus saada valmiiksi juhannuksen j\u00e4lkeisell\u00e4 viikolla.<\/p>\n<p>On viisasta, ett\u00e4 hallitus aikoo kiirehti\u00e4 sosiaali- ja terveyspalveluita koskevan lain valmistelua. Sote-lain valmisteluun osoitettaneen lis\u00e4resursseja. Sote-j\u00e4rjest\u00e4mislaki pyrit\u00e4\u00e4n tuomaan eduskuntaan mahdollisimman nopeasti. N\u00e4in varmistetaan kunta- ja sote-uudistusten eteneminen sujuvasti. Uudistusten t\u00e4rkein tavoite on turvata kansalaisten palvelut ja varmistaa kuntien taloudellinen kestokyky tulevaisuudessakin.<\/p>\n<p>Viet\u00e4n hein\u00e4kuussa lomaa perheeni kanssa ja elokuussa olen taas ty\u00f6n \u00e4\u00e4ress\u00e4. Elokuussa on paljon kokouksia ja ty\u00f6matkoja. Kokoonnumme eduskuntaryhm\u00e4mme kesken linjaamaan syksyn politiikan painopisteit\u00e4mme ja ensi vuoden valtion budjettia.<\/p>\n<p><strong>Kokoomuslaisen politiikan sis\u00e4lt\u00f6ty\u00f6 vauhdissa<\/strong><\/p>\n<p>Kokoomuslainen sis\u00e4lt\u00f6ty\u00f6 on vauhdissa. Puoluehallitus perusti kolme ty\u00f6ryhm\u00e4\u00e4, jotka valmistelevat puolueen tulevaisuusasiakirjaa vuoden 2014 puoluekokoukseen. Ty\u00f6ryhm\u00e4t ovat Muutos, Sivistys ja yritt\u00e4jyys sek\u00e4 Turvallisuus. Olen mukana Muutos-ty\u00f6ryhm\u00e4ss\u00e4.<\/p>\n<p>Eduskuntaryhm\u00e4mme nimesi my\u00f6s kolme ryhm\u00e4\u00e4 (nuorisoty\u00f6tt\u00f6myys, energia ja sote), joissa kussakin on nimettyn\u00e4 kaksi kansanedustajaa. Olen kollegani Lenita Toivakan kanssa valmistelemassa ehdotuksia sosiaali- ja terveyspalvelujen toimivuuden edist\u00e4miseksi. Kaikki ideat ja ajatukset ovat tervetulleita. Tavoitteemme on tehd\u00e4 ehdotuksia Kataisen hallituksen ja nykyisen eduskunnan toteutettavaksi.<\/p>\n<p><strong>Nykynaiset perheyritys Vallila Interiorin vieraana<\/strong><\/p>\n<p>Johtamani naisverkosto Nykynaiset kokoontuu 29.8. tutustumalla Vallila Interioriin. Kuulemme yhti\u00f6n hallituksen puheenjohtaja Anne Bernerin puheenvuoron \u201dPerheyrityksen n\u00e4kemys Suomen tulevaisuudesta.\" Alkuaan ydinjoukon yst\u00e4vist\u00e4 ja tuttavista koostunut verkosto ker\u00e4\u00e4 toimintaansa mukaan nyky\u00e4\u00e4n noin 400 naista. Naisverkosto on puoluepoliittisesti sitoutumaton ryhmittym\u00e4, johon ovat tervetulleita liittym\u00e4\u00e4n kaikenik\u00e4iset ja -taustaiset naiset. Lis\u00e4tietoa saa pyydett\u00e4ess\u00e4 minulta tai avustajaltani.<\/p>\n<p><strong>It\u00e4merellisen kes\u00e4n toivotus<\/strong><\/p>\n<p>Loma, lepo ja l\u00e4heisten kanssa yhdess\u00e4 oleminen on t\u00e4rke\u00e4\u00e4 niin aikuisille kuin lapsillekin. Olen onnekas kun perheell\u00e4mme on mahdollisuus viett\u00e4\u00e4 yhteist\u00e4 kes\u00e4lomaa. Kaikkein innokkain kes\u00e4lomasta on kuopukseni Miro, jolla on ekaluokkalaisena ja h\u00e4nen itsens\u00e4 mukaan ensimm\u00e4inen oikea kes\u00e4loma. Viet\u00e4mme lomamme perinteisesti purjehtien It\u00e4meren aalloilla.<\/p>\n<p>Aina meriel\u00e4mykset eiv\u00e4t kuitenkaan ole rentouttavia. Muutaman vuoden takaisen purjehduksemme yhden kohokohdan piti olla Nyn\u00e4nshamnin idylliseen vierasvenesatamaan saapuminen. Toisin k\u00e4vi. Haiseva sinilev\u00e4 oli valloittanut rannat. \u201cKyll\u00e4 ruotsalaiset ovat tyhmi\u00e4, kun ovat lianneet merens\u00e4\u201d, kommentoi keskimm\u00e4inen lapseni.<\/p>\n<p>Aluksi Pyryn kommentit kaiken hajun ja harmin keskell\u00e4 hymyilyttiv\u00e4t. Oli vaikea lapselle selitt\u00e4\u00e4, ett\u00e4 meri on yhteinen ja sit\u00e4 ei ole pilannut ruotsalaiset tai jotkut muut, vaan me kaikki yhdess\u00e4.<\/p>\n<p>Ponnisteluista huolimatta It\u00e4meri on maailman saastunein merialue. Pahimpana uhkana on rehev\u00f6ityminen ja sis\u00e4inen kuormitus. It\u00e4meren pelastamiseen tarvitaan tietenkin kaikki It\u00e4meren valuma-alueen maat, mutta my\u00f6s meid\u00e4n on teht\u00e4v\u00e4 omat kotil\u00e4ksymme. Puolan kipsivuoren fosforivuotojen kuriin saaminen on parhaillaan ty\u00f6n alla.<\/p>\n<p>Olen tyytyv\u00e4inen siit\u00e4, ett\u00e4 me It\u00e4meren yst\u00e4v\u00e4t saimme hallitusneuvotteluissa sovittua It\u00e4meren suojelun t\u00e4rke\u00e4ksi osaksi hallituksen ohjelmaa. Ty\u00f6t\u00e4 on paljon teht\u00e4v\u00e4n\u00e4, jotta tavoitteet saadaan vaikuttaviksi toimiksi.<\/p>\n<p>Haastavien taloudellisten aikojen keskell\u00e4 meid\u00e4n on tiukasti pidett\u00e4v\u00e4 kiinni siit\u00e4, ettei It\u00e4meren suojeluun asetetuista tavoitteista tingit\u00e4. Velvollisuutemme on j\u00e4tt\u00e4\u00e4 It\u00e4meri tuleville isille ja \u00e4ideille sellaisessa kunnossa, ettei heid\u00e4n tarvitse sit\u00e4 h\u00e4vet\u00e4.<\/p>\n<p><strong>Toivotan aurinkoista ja rentouttavaa kes\u00e4\u00e4 Sinulle ja l\u00e4heisillesi!<\/strong><\/p>\n<p>Sari Sarkomaa<br \/>\nKansanedustaja, terveydenhuollon maisteri<br \/>\nValtiovarainvaliokunnan kunta- ja terveysjaoston puheenjohtaja<br \/>\nsari.sarkomaa@eduskunta.fi<br \/>\nwww.sarisarkomaa.fi<br \/>\n050 511 3033<\/p>\n","protected":false},"excerpt":{"rendered":"<p>Kirjoitan kuukausittain kirjeen ajankohtaisista asioista. Saat kuukausikirjeen\u00a0t\u00e4ytt\u00e4m\u00e4ll\u00e4 lomakkeen tai\u00a0ottamalla minuun yhteytt\u00e4. Ohessa n\u00e4et viimeisimm\u00e4n kuukausikirjeeni. Sari Sarkomaan eduskuntaterveiset 20.6.2013 Arvoisa vastaanottaja, Eduskunnan ty\u00f6 on vauhdikkaimmillaan. Merkitt\u00e4vimpi\u00e4 k\u00e4sittelyss\u00e4 olevia asioita on kuntajakolaki, jonka k\u00e4sittely on tarkoitus saada valmiiksi juhannuksen j\u00e4lkeisell\u00e4 viikolla. On viisasta, ett\u00e4 hallitus aikoo kiirehti\u00e4 sosiaali- ja terveyspalveluita koskevan lain valmistelua. Sote-lain valmisteluun osoitettaneen <a href=\"https:\/\/www.sarisarkomaa.fi\/?p=3008\" class=\"more-link\">...jatka lukemista<span class=\"screen-reader-text\"> \"Kes\u00e4kirje\"<\/span><\/a><\/p>\n","protected":false},"author":1,"featured_media":0,"comment_status":"closed","ping_status":"closed","sticky":false,"template":"","format":"standard","meta":[],"categories":[6],"tags":[],"_links":{"self":[{"href":"https:\/\/www.sarisarkomaa.fi\/index.php?rest_route=\/wp\/v2\/posts\/3008"}],"collection":[{"href":"https:\/\/www.sarisarkomaa.fi\/index.php?rest_route=\/wp\/v2\/posts"}],"about":[{"href":"https:\/\/www.sarisarkomaa.fi\/index.php?rest_route=\/wp\/v2\/types\/post"}],"author":[{"embeddable":true,"href":"https:\/\/www.sarisarkomaa.fi\/index.php?rest_route=\/wp\/v2\/users\/1"}],"replies":[{"embeddable":true,"href":"https:\/\/www.sarisarkomaa.fi\/index.php?rest_route=%2Fwp%2Fv2%2Fcomments&post=3008"}],"version-history":[{"count":3,"href":"https:\/\/www.sarisarkomaa.fi\/index.php?rest_route=\/wp\/v2\/posts\/3008\/revisions"}],"predecessor-version":[{"id":3011,"href":"https:\/\/www.sarisarkomaa.fi\/index.php?rest_route=\/wp\/v2\/posts\/3008\/revisions\/3011"}],"wp:attachment":[{"href":"https:\/\/www.sarisarkomaa.fi\/index.php?rest_route=%2Fwp%2Fv2%2Fmedia&parent=3008"}],"wp:term":[{"taxonomy":"category","embeddable":true,"href":"https:\/\/www.sarisarkomaa.fi\/index.php?rest_route=%2Fwp%2Fv2%2Fcategories&post=3008"},{"taxonomy":"post_tag","embeddable":true,"href":"https:\/\/www.sarisarkomaa.fi\/index.php?rest_route=%2Fwp%2Fv2%2Ftags&post=3008"}],"curies":[{"name":"wp","href":"https:\/\/api.w.org\/{rel}","templated":true}]}}