{"id":3035,"date":"2013-08-09T16:27:05","date_gmt":"2013-08-09T14:27:05","guid":{"rendered":"http:\/\/www.sarisarkomaa.fi\/?p=3035"},"modified":"2013-08-21T16:27:56","modified_gmt":"2013-08-21T14:27:56","slug":"suojatietorkyilijoille-kovemmat-paivasakot","status":"publish","type":"post","link":"https:\/\/www.sarisarkomaa.fi\/?p=3035","title":{"rendered":"Suojatiet\u00f6rkyilij\u00f6ille kovemmat p\u00e4iv\u00e4sakot"},"content":{"rendered":"<p><strong>Tiedote 9.8.2013<br \/>\n<\/strong><\/p>\n<p><strong>Sarkomaa: Suojatiet\u00f6rkyilij\u00f6ille kovemmat p\u00e4iv\u00e4sakot<\/strong><\/p>\n<p><strong>Hallituksen on liikenneministeri Kyll\u00f6sen (vas.) johdolla otettava vakavasti lis\u00e4\u00e4ntyneet suojatieonnettomuudet ja kovennettava rangaistuksia suojaties\u00e4\u00e4d\u00f6sten rikkomisesta, vaatii kansanedustaja Sari Sarkomaa (kok). Edustajan mielest\u00e4 p\u00e4iv\u00e4sakkojen m\u00e4\u00e4r\u00e4n lis\u00e4\u00e4minen on t\u00e4ysin perustelua suojatiet\u00f6rkyilyn kitkemiseksi. Suojatiet ovat varsinkin koulutien aloittaville pikkukoululaisille suuri vaaran paikka. Tilanne on kest\u00e4m\u00e4t\u00f6n.<\/strong><\/p>\n<p><strong>Sarkomaa muistuttaa, ett\u00e4 liikenneministeri Kyll\u00f6nen on ministerikaudellaan kertonut kannattavansa kovempia rangaistuksia autoilijoille, jotka t\u00f6rtt\u00f6ilev\u00e4t suojateill\u00e4.<\/strong> H\u00e4n on my\u00f6s sanonut, ettei usko pelk\u00e4n asennekasvatuksen auttavan asiaa. Sarkomaa sanoo olevansa Kyll\u00f6sen kanssa t\u00e4ysin samaa mielt\u00e4 ja kannustaa ministeri\u00e4 ryhtym\u00e4\u00e4n sanoista tekoihin.<\/p>\n<p><strong>Suojatiell\u00e4 tapahtuvat kuolemantapaukset ja loukkaantumiset ovat lis\u00e4\u00e4ntyneet. <\/strong>Arviolta kolme nelj\u00e4st\u00e4 lapsille sattuvista henkil\u00f6vahingoista tapahtuu tiet\u00e4 ylitt\u00e4ess\u00e4. <strong>Ala-asteik\u00e4iset koululaiset ja ik\u00e4ihmiset ovat erityisi\u00e4 riskiryhmi\u00e4. <\/strong>Liikenneturvan mukaan vuonna 2011 suojateill\u00e4 sattuneissa onnettomuuksissa kuoli 21 ihmist\u00e4 ja loukkaantui keskim\u00e4\u00e4rin 2 ihmist\u00e4 p\u00e4iv\u00e4ss\u00e4. Ruotsiin ja Viroon verrattuna autoilijat kunnioittavat suojateit\u00e4 Suomessa paljon huonommin. <strong>L\u00e4hes jokainen suomalainen on n\u00e4hnyt useamminkin suojatiell\u00e4 tapahtuvan \u201cl\u00e4helt\u00e4 piti\u201d -vaaratilanteen, jossa moottoriajoneuvo on ollut ajaa suojatiet\u00e4 ylitt\u00e4v\u00e4n p\u00e4\u00e4lle<\/strong>.<\/p>\n<p><strong>Ei riit\u00e4, ett\u00e4 lapset oppivat noudattamaan liikennevaloja. Yht\u00e4 t\u00e4rke\u00e4\u00e4 on opettaa lapsi katsomaan tuleeko autoja, ja ett\u00e4 auto voi tulla ja tuleekin usein, vaikka valo on jalankulkijalle vihre\u00e4. Viel\u00e4 vaikeampaa on ollut lapsille opettaa, ett\u00e4 vaikka auto pys\u00e4htyy suojatielle, voi toisella kaistalla autoilijat vain painaa kaasua. N\u00e4in tapahtuu k\u00e4sitt\u00e4m\u00e4tt\u00f6m\u00e4n usein ja hyvin vakavin seurauksin<\/strong><\/p>\n<p><strong>Uusia ja tehokkaita toimia turvallisuuden parantamiseksi suojateill\u00e4 on aivan pakko tehd\u00e4, jotta suojatiet olisivat nimens\u00e4 veroisia.<\/strong> Sarkomaa kiritt\u00e4\u00e4 ministeri\u00e4 tarttumaan my\u00f6s muihin Liikenneturvan esitt\u00e4miin toimenpiteisiin suojatieturvallisuuden edist\u00e4miseksi. Esitettyj\u00e4 keinoja ovat p\u00e4iv\u00e4sakkojen lukum\u00e4\u00e4r\u00e4n nostamisen lis\u00e4ksi poliisivalvonnan lis\u00e4\u00e4minen ja ajonopeuksien tarkastelu. Kaikki keinot pit\u00e4isi saada k\u00e4ytt\u00f6\u00f6n. Olisi hyv\u00e4 harkita my\u00f6s kansallista kampanjaa suojatieturvallisuuden edist\u00e4miseksi, ehdottaa Sarkomaa.<\/p>\n<p><strong>lis\u00e4tietoja:<br \/>\nSari Sarkomaa<br \/>\n050 511 3033<\/strong><\/p>\n","protected":false},"excerpt":{"rendered":"<p>Tiedote 9.8.2013 Sarkomaa: Suojatiet\u00f6rkyilij\u00f6ille kovemmat p\u00e4iv\u00e4sakot Hallituksen on liikenneministeri Kyll\u00f6sen (vas.) johdolla otettava vakavasti lis\u00e4\u00e4ntyneet suojatieonnettomuudet ja kovennettava rangaistuksia suojaties\u00e4\u00e4d\u00f6sten rikkomisesta, vaatii kansanedustaja Sari Sarkomaa (kok). Edustajan mielest\u00e4 p\u00e4iv\u00e4sakkojen m\u00e4\u00e4r\u00e4n lis\u00e4\u00e4minen on t\u00e4ysin perustelua suojatiet\u00f6rkyilyn kitkemiseksi. Suojatiet ovat varsinkin koulutien aloittaville pikkukoululaisille suuri vaaran paikka. Tilanne on kest\u00e4m\u00e4t\u00f6n. Sarkomaa muistuttaa, ett\u00e4 liikenneministeri Kyll\u00f6nen on ministerikaudellaan <a href=\"https:\/\/www.sarisarkomaa.fi\/?p=3035\" class=\"more-link\">...jatka lukemista<span class=\"screen-reader-text\"> \"Suojatiet\u00f6rkyilij\u00f6ille kovemmat p\u00e4iv\u00e4sakot\"<\/span><\/a><\/p>\n","protected":false},"author":1,"featured_media":0,"comment_status":"closed","ping_status":"closed","sticky":false,"template":"","format":"standard","meta":[],"categories":[4],"tags":[],"_links":{"self":[{"href":"https:\/\/www.sarisarkomaa.fi\/index.php?rest_route=\/wp\/v2\/posts\/3035"}],"collection":[{"href":"https:\/\/www.sarisarkomaa.fi\/index.php?rest_route=\/wp\/v2\/posts"}],"about":[{"href":"https:\/\/www.sarisarkomaa.fi\/index.php?rest_route=\/wp\/v2\/types\/post"}],"author":[{"embeddable":true,"href":"https:\/\/www.sarisarkomaa.fi\/index.php?rest_route=\/wp\/v2\/users\/1"}],"replies":[{"embeddable":true,"href":"https:\/\/www.sarisarkomaa.fi\/index.php?rest_route=%2Fwp%2Fv2%2Fcomments&post=3035"}],"version-history":[{"count":2,"href":"https:\/\/www.sarisarkomaa.fi\/index.php?rest_route=\/wp\/v2\/posts\/3035\/revisions"}],"predecessor-version":[{"id":3038,"href":"https:\/\/www.sarisarkomaa.fi\/index.php?rest_route=\/wp\/v2\/posts\/3035\/revisions\/3038"}],"wp:attachment":[{"href":"https:\/\/www.sarisarkomaa.fi\/index.php?rest_route=%2Fwp%2Fv2%2Fmedia&parent=3035"}],"wp:term":[{"taxonomy":"category","embeddable":true,"href":"https:\/\/www.sarisarkomaa.fi\/index.php?rest_route=%2Fwp%2Fv2%2Fcategories&post=3035"},{"taxonomy":"post_tag","embeddable":true,"href":"https:\/\/www.sarisarkomaa.fi\/index.php?rest_route=%2Fwp%2Fv2%2Ftags&post=3035"}],"curies":[{"name":"wp","href":"https:\/\/api.w.org\/{rel}","templated":true}]}}