{"id":3055,"date":"2013-08-20T16:45:49","date_gmt":"2013-08-20T14:45:49","guid":{"rendered":"http:\/\/www.sarisarkomaa.fi\/?p=3055"},"modified":"2013-08-21T16:56:12","modified_gmt":"2013-08-21T14:56:12","slug":"pakkovuosi-ei-ole-ratkaisu-nuorten-syrjaytymiseen","status":"publish","type":"post","link":"https:\/\/www.sarisarkomaa.fi\/?p=3055","title":{"rendered":"Pakkovuosi ei ole ratkaisu nuorten syrj\u00e4ytymiseen"},"content":{"rendered":"<p>Tiedote 20.8.2013<\/p>\n<p><strong>Sarkomaa: Pakkovuosi ei ole ratkaisu nuorten syrj\u00e4ytymiseen<\/strong><\/p>\n<p>Kokoomuksen kansanedustaja, opetushallituksen johtokunnan puheenjohtaja Sari Sarkomaa pit\u00e4\u00e4 opetusministeri Krista Kiurun (sdp) ehdotusta \"pakkovuodesta\" peruskoulun j\u00e4lkeen ep\u00e4kelpona ja jopa haitallisena l\u00e4\u00e4kkeen\u00e4 syrj\u00e4ytymisvaarassa oleville nuorille.<strong> <\/strong><\/p>\n<p><strong> <\/strong><\/p>\n<p><strong>\u201d Laastarin laitto syv\u00e4\u00e4n haavaan ei ole vaikuttavaa hoitoa eik\u00e4 oikeaa huolenpitoa<\/strong>\u201d, sanoi Sarkomaa avatessaan opetushallituksen j\u00e4rjest\u00e4m\u00e4n ammatillisen koulutuksen j\u00e4rjest\u00e4jien alueellinen kehitt\u00e4missuunnitelma seminaarin Helsingiss\u00e4.<\/p>\n<p><strong>Hallitus on jo sitoutunut koulutustakuuseen ja sen onnistumiseen on nyt keskitytt\u00e4v\u00e4. On niukkoja voimavarojen hukkausta, ett\u00e4 Sdp:n opetusministerit kerta toisensa j\u00e4lkeen kaivavat esille oppivelvollisuuden venytt\u00e4mispuheet, jotka aina ep\u00e4kelpona kuopataan<\/strong>. Niin on my\u00f6s nyt viisainta tehd\u00e4.<\/p>\n<p>Sarkomaa muistuttaa, ett\u00e4 p\u00e4\u00e4ministeri Kataisen hallituksen keskeinen tavoite on, ettei yksik\u00e4\u00e4n nuori syrj\u00e4ytyisi ja ett\u00e4 jokainen peruskoulun p\u00e4\u00e4tt\u00e4v\u00e4 nuori suorittaisi v\u00e4hint\u00e4\u00e4n toisen asteen tutkinnon. <strong>Oppivelvollisuusi\u00e4n nostoa keinoksi ei edes harkittu otettavan hallitusohjelmaan, koska se olisi kova, mekaaninen ja lyhytn\u00e4k\u00f6inen keino. Pahimmillaan oppivelvollisuusi\u00e4n pitkitt\u00e4minen vain siirt\u00e4isi ongelmia tai syvent\u00e4\u00e4 niit\u00e4 tuomatta itse asiaan ratkaisua. <\/strong><\/p>\n<p><strong>Nuorten syrj\u00e4ytymiseen johtaneet seikat ovat hyvin erilaisia ja siksi tarvitaan r\u00e4\u00e4t\u00e4l\u00f6ity\u00e4 ohjausta ja tukea peruskoulun j\u00e4lkeiset erilaisten opiskelumahdollisuuksien tueksi. Pakko ei poista syit\u00e4, joiden takia oppimiskyvyss\u00e4 tai motivaatiossa on puutteita tai est\u00e4 sit\u00e4, ett\u00e4 peruskoulusta pinnataan tai opinnot keskeytet\u00e4\u00e4n. <\/strong><\/p>\n<p><strong>Sarkomaa alleviivaa, ett\u00e4 koulutustakuun tarkoitus ei ole s\u00e4il\u00f6\u00e4 eik\u00e4 sulloa nuoria pakolla vuodeksi johonkin oppilaitokseen<\/strong>. Ei riit\u00e4, ett\u00e4 kaikille nuorille voidaan tarjota koulutuspaikka.<strong> Kunnianhimoinen tavoite tulee olla, ett\u00e4 koulutus suoritetaan loppuun ja ett\u00e4 tutkinnon suorittaneilla on sellaista osaamista ja ammattitaitoa, jota ty\u00f6el\u00e4m\u00e4ss\u00e4 tarvitaan. <\/strong>T\u00e4m\u00e4 on t\u00e4rke\u00e4\u00e4 nuorten itsens\u00e4 kannalta. Yht\u00e4 lailla t\u00e4m\u00e4 on v\u00e4ltt\u00e4m\u00e4t\u00f6nt\u00e4, jotta talouden kilpailukyky\u00e4 voidaan vahvistaa ja sit\u00e4 kautta tukea uusien yritysten ja ty\u00f6paikkojen syntymist\u00e4.<\/p>\n<p><strong>Tietenkin l\u00e4ht\u00f6kohta on se, ett\u00e4 koulutuspaikkoja on riitt\u00e4v\u00e4sti ja t\u00e4st\u00e4 hallituksen on teht\u00e4v\u00e4 elokuun budjettiriihess\u00e4 p\u00e4\u00e4t\u00f6kset, vaatii Sarkomaa. <\/strong>Etenkin Metropolialueella on v\u00e4ltt\u00e4m\u00e4t\u00f6nt\u00e4 lis\u00e4t\u00e4 ammatillisen koulutuksen tarjontaa. My\u00f6s uusia ty\u00f6el\u00e4m\u00e4l\u00e4ht\u00f6isi\u00e4 ja joustavia opiskelu ja oppimismahdollisuuksia tarvitaan. Oppisopimusta on kehitett\u00e4v\u00e4 nuorille sopivaksi ja sellaiseksi, ett\u00e4 se kannustaa ja mahdollistaa yritt\u00e4j\u00e4t sit\u00e4 tarjoamaan.<\/p>\n<p>Oppivelvollisuuden venytt\u00e4mispuheiden sijaan on voimavarat suunnattava oppimisongelmien varhaiseen havaitsemiseen ja ennaltaehk\u00e4isyyn sek\u00e4 opetuksen, oppilaanohjauksen ja oppilashuollon kuntoon laittamiseen. Perusta jatko-opintoihin ja elinik\u00e4iseen oppimiseen luodaan varhaiskasvatuksessa ja perusopetuksessa. Sarkomaa muistuttaa, ett\u00e4 joustava perusopetus ja ammattistartti ovat jo olemassa olevia ja toimivia apuja, jota kannattaa ja pit\u00e4\u00e4 k\u00e4ytt\u00e4\u00e4.<\/p>\n<p>Lis\u00e4tietoja:<br \/>\nSari Sarkomaa<br \/>\n050 511 3033<\/p>\n","protected":false},"excerpt":{"rendered":"<p>Tiedote 20.8.2013 Sarkomaa: Pakkovuosi ei ole ratkaisu nuorten syrj\u00e4ytymiseen Kokoomuksen kansanedustaja, opetushallituksen johtokunnan puheenjohtaja Sari Sarkomaa pit\u00e4\u00e4 opetusministeri Krista Kiurun (sdp) ehdotusta \"pakkovuodesta\" peruskoulun j\u00e4lkeen ep\u00e4kelpona ja jopa haitallisena l\u00e4\u00e4kkeen\u00e4 syrj\u00e4ytymisvaarassa oleville nuorille. \u201d Laastarin laitto syv\u00e4\u00e4n haavaan ei ole vaikuttavaa hoitoa eik\u00e4 oikeaa huolenpitoa\u201d, sanoi Sarkomaa avatessaan opetushallituksen j\u00e4rjest\u00e4m\u00e4n ammatillisen koulutuksen j\u00e4rjest\u00e4jien alueellinen kehitt\u00e4missuunnitelma <a href=\"https:\/\/www.sarisarkomaa.fi\/?p=3055\" class=\"more-link\">...jatka lukemista<span class=\"screen-reader-text\"> \"Pakkovuosi ei ole ratkaisu nuorten syrj\u00e4ytymiseen\"<\/span><\/a><\/p>\n","protected":false},"author":1,"featured_media":0,"comment_status":"closed","ping_status":"closed","sticky":false,"template":"","format":"standard","meta":[],"categories":[4],"tags":[],"_links":{"self":[{"href":"https:\/\/www.sarisarkomaa.fi\/index.php?rest_route=\/wp\/v2\/posts\/3055"}],"collection":[{"href":"https:\/\/www.sarisarkomaa.fi\/index.php?rest_route=\/wp\/v2\/posts"}],"about":[{"href":"https:\/\/www.sarisarkomaa.fi\/index.php?rest_route=\/wp\/v2\/types\/post"}],"author":[{"embeddable":true,"href":"https:\/\/www.sarisarkomaa.fi\/index.php?rest_route=\/wp\/v2\/users\/1"}],"replies":[{"embeddable":true,"href":"https:\/\/www.sarisarkomaa.fi\/index.php?rest_route=%2Fwp%2Fv2%2Fcomments&post=3055"}],"version-history":[{"count":2,"href":"https:\/\/www.sarisarkomaa.fi\/index.php?rest_route=\/wp\/v2\/posts\/3055\/revisions"}],"predecessor-version":[{"id":3067,"href":"https:\/\/www.sarisarkomaa.fi\/index.php?rest_route=\/wp\/v2\/posts\/3055\/revisions\/3067"}],"wp:attachment":[{"href":"https:\/\/www.sarisarkomaa.fi\/index.php?rest_route=%2Fwp%2Fv2%2Fmedia&parent=3055"}],"wp:term":[{"taxonomy":"category","embeddable":true,"href":"https:\/\/www.sarisarkomaa.fi\/index.php?rest_route=%2Fwp%2Fv2%2Fcategories&post=3055"},{"taxonomy":"post_tag","embeddable":true,"href":"https:\/\/www.sarisarkomaa.fi\/index.php?rest_route=%2Fwp%2Fv2%2Ftags&post=3055"}],"curies":[{"name":"wp","href":"https:\/\/api.w.org\/{rel}","templated":true}]}}