{"id":3059,"date":"2013-08-20T16:49:18","date_gmt":"2013-08-20T14:49:18","guid":{"rendered":"http:\/\/www.sarisarkomaa.fi\/?p=3059"},"modified":"2013-08-21T16:50:07","modified_gmt":"2013-08-21T14:50:07","slug":"oph-lehdistotiedote-20-8-2013-ammatillisen-koulutuksen-jarjestajilta-odotetaan-tiiviimpaa-yhteistyota","status":"publish","type":"post","link":"https:\/\/www.sarisarkomaa.fi\/?p=3059","title":{"rendered":"OPH lehdist\u00f6tiedote 20.8.2013: Ammatillisen koulutuksen j\u00e4rjest\u00e4jilt\u00e4 odotetaan tiiviimp\u00e4\u00e4 yhteisty\u00f6t\u00e4"},"content":{"rendered":"<p><strong><\/strong>OPETUSHALLITUS<br \/>\nTiedotusv\u00e4lineille 20.8.2013<\/p>\n<p><strong>Ammatillisen koulutuksen j\u00e4rjest\u00e4jilt\u00e4 odotetaan tiiviimp\u00e4\u00e4 yhteisty\u00f6t\u00e4<\/strong><\/p>\n<p>Opetushallitus kannustaa ammatillisen koulutuksen j\u00e4rjest\u00e4ji\u00e4 tiivist\u00e4m\u00e4\u00e4n alueellista yhteisty\u00f6t\u00e4 sek\u00e4 kesken\u00e4\u00e4n ett\u00e4 paikallisen elinkeinoel\u00e4m\u00e4n ja hallinnon kanssa. Suunnitelmallisen yhteisty\u00f6n ja ty\u00f6njaon tarkoituksena on sovittaa paikalliset tarpeet vahvemmin yhteen valtakunnallisten tavoitteiden kanssa. Suunnitelmat yhteisist\u00e4 kehitt\u00e4miskohteista tehostaisivat my\u00f6s eri rahoitusl\u00e4hteiden hy\u00f6dynt\u00e4mist\u00e4.<\/p>\n<p>Opetushallituksen j\u00e4rjest\u00e4m\u00e4ss\u00e4 seminaarissa 20.8. lanseerattiin malli ammatillisen perus- ja aikuiskoulutuksen alueellisen kehitt\u00e4misen tueksi. Alueellisen kehitt\u00e4missuunnitelman tavoitteita ja rakennetta pohti Helsingin Paasitornissa noin 150 oppilaitosten ja koulutuksen j\u00e4rjest\u00e4jien edustajaa eri puolilta maata.<\/p>\n<p>Ammatillisen koulutuksen alueellisella kehitt\u00e4missuunnitelmalla halutaan edist\u00e4\u00e4 yhteisty\u00f6t\u00e4, joka huomioi alueelliset sivistys- ja elinkeinostrategiat, alueelliset ty\u00f6voima- ja koulutustarpeet sek\u00e4 alueellisten toimijoiden asiantuntemukset. Alueellisen tarkastelun pohjalta koulutuksen j\u00e4rjest\u00e4j\u00e4t sopisivat yhteisist\u00e4 kehitt\u00e4mistarpeista ja niiden rahoitusmahdollisuuksista. Kehitt\u00e4missuunnitelmissa sovitettaisiin alueen ty\u00f6el\u00e4m\u00e4n, v\u00e4est\u00f6n ja opiskelijoiden tarpeet valtakunnallisiin tavoitteisiin. Paikallinen kehitt\u00e4missuunnitelma tuottaisi my\u00f6s alueellista palautetta valtakunnallisen koulutuspolitiikan tueksi.<\/p>\n<p>Tulevissa suunnitelmissa selvitett\u00e4isiin my\u00f6s eri hallinnonalojen v\u00e4list\u00e4 yhteisty\u00f6t\u00e4 ja ty\u00f6njakoa sek\u00e4 ammatillisen koulutuksen yhteisty\u00f6tarpeita ja yhteyksi\u00e4 alueen perusopetuksen, lukioiden ja ammattikorkeakoulujen kehitt\u00e4miseen.<\/p>\n<p>Ammatillisen koulutuksen j\u00e4rjest\u00e4jill\u00e4 on k\u00e4yt\u00f6ss\u00e4\u00e4n useita eri rahoitusl\u00e4hteit\u00e4. Niiden tehokas ja vaikuttava k\u00e4ytt\u00f6 edellytt\u00e4\u00e4 sopimista paikallisista ja alueellisista koulutustarpeista ja rahoituksen keskitt\u00e4misest\u00e4 niihin.<\/p>\n<p>- Ammattikoulutuksen toimintakentt\u00e4 on tavattoman monimuotoinen. Toiminnan rahoituskin on monikanavaista ja rahoitusl\u00e4hteiden yhteensovittaminen eritt\u00e4in t\u00e4rke\u00e4\u00e4. Yhdess\u00e4 toimimalla ollaan aina tehokkaampia ja vaikuttavampia, perusteli seminaarissa alustanut Opetushallituksen johtokunnan puheenjohtaja, kansanedustaja <strong><em>Sari Sarkomaa.<\/em><\/strong><\/p>\n<p>Sek\u00e4 Sarkomaa ett\u00e4 Opetushallituksen p\u00e4\u00e4johtaja <strong><em>Aulis Pitk\u00e4l\u00e4<\/em><\/strong> toivovat my\u00f6s enemm\u00e4n julkista keskustelua ammatillisen koulutuksen ja elinkeinopolitiikan kysymyksist\u00e4.<\/p>\n<p>- Nykyisist\u00e4 puheista voisi melkein p\u00e4\u00e4tell\u00e4, ett\u00e4 kunnat j\u00e4rjest\u00e4v\u00e4t ainoastaan sosiaali- ja terveyspalveluja. On huolehdittava, ettei sote-keskustelu vie kaikkea energiaa, vaan ett\u00e4 koulutus pysyy keskustelujen ytimess\u00e4, he t\u00e4hdensiv\u00e4t.<\/p>\n<p><strong>Lis\u00e4tietoja Opetushallituksessa:<\/strong><br \/>\nJohtaja <strong><em>Pasi Kankare,<\/em><\/strong> puh. 029 533 1242<\/p>\n","protected":false},"excerpt":{"rendered":"<p>OPETUSHALLITUS Tiedotusv\u00e4lineille 20.8.2013 Ammatillisen koulutuksen j\u00e4rjest\u00e4jilt\u00e4 odotetaan tiiviimp\u00e4\u00e4 yhteisty\u00f6t\u00e4 Opetushallitus kannustaa ammatillisen koulutuksen j\u00e4rjest\u00e4ji\u00e4 tiivist\u00e4m\u00e4\u00e4n alueellista yhteisty\u00f6t\u00e4 sek\u00e4 kesken\u00e4\u00e4n ett\u00e4 paikallisen elinkeinoel\u00e4m\u00e4n ja hallinnon kanssa. Suunnitelmallisen yhteisty\u00f6n ja ty\u00f6njaon tarkoituksena on sovittaa paikalliset tarpeet vahvemmin yhteen valtakunnallisten tavoitteiden kanssa. Suunnitelmat yhteisist\u00e4 kehitt\u00e4miskohteista tehostaisivat my\u00f6s eri rahoitusl\u00e4hteiden hy\u00f6dynt\u00e4mist\u00e4. Opetushallituksen j\u00e4rjest\u00e4m\u00e4ss\u00e4 seminaarissa 20.8. lanseerattiin malli ammatillisen perus- <a href=\"https:\/\/www.sarisarkomaa.fi\/?p=3059\" class=\"more-link\">...jatka lukemista<span class=\"screen-reader-text\"> \"OPH lehdist\u00f6tiedote 20.8.2013: Ammatillisen koulutuksen j\u00e4rjest\u00e4jilt\u00e4 odotetaan tiiviimp\u00e4\u00e4 yhteisty\u00f6t\u00e4\"<\/span><\/a><\/p>\n","protected":false},"author":1,"featured_media":0,"comment_status":"closed","ping_status":"closed","sticky":false,"template":"","format":"standard","meta":[],"categories":[4],"tags":[],"_links":{"self":[{"href":"https:\/\/www.sarisarkomaa.fi\/index.php?rest_route=\/wp\/v2\/posts\/3059"}],"collection":[{"href":"https:\/\/www.sarisarkomaa.fi\/index.php?rest_route=\/wp\/v2\/posts"}],"about":[{"href":"https:\/\/www.sarisarkomaa.fi\/index.php?rest_route=\/wp\/v2\/types\/post"}],"author":[{"embeddable":true,"href":"https:\/\/www.sarisarkomaa.fi\/index.php?rest_route=\/wp\/v2\/users\/1"}],"replies":[{"embeddable":true,"href":"https:\/\/www.sarisarkomaa.fi\/index.php?rest_route=%2Fwp%2Fv2%2Fcomments&post=3059"}],"version-history":[{"count":1,"href":"https:\/\/www.sarisarkomaa.fi\/index.php?rest_route=\/wp\/v2\/posts\/3059\/revisions"}],"predecessor-version":[{"id":3060,"href":"https:\/\/www.sarisarkomaa.fi\/index.php?rest_route=\/wp\/v2\/posts\/3059\/revisions\/3060"}],"wp:attachment":[{"href":"https:\/\/www.sarisarkomaa.fi\/index.php?rest_route=%2Fwp%2Fv2%2Fmedia&parent=3059"}],"wp:term":[{"taxonomy":"category","embeddable":true,"href":"https:\/\/www.sarisarkomaa.fi\/index.php?rest_route=%2Fwp%2Fv2%2Fcategories&post=3059"},{"taxonomy":"post_tag","embeddable":true,"href":"https:\/\/www.sarisarkomaa.fi\/index.php?rest_route=%2Fwp%2Fv2%2Ftags&post=3059"}],"curies":[{"name":"wp","href":"https:\/\/api.w.org\/{rel}","templated":true}]}}