{"id":3076,"date":"2013-08-26T14:32:02","date_gmt":"2013-08-26T12:32:02","guid":{"rendered":"http:\/\/www.sarisarkomaa.fi\/?p=3076"},"modified":"2013-08-26T14:32:02","modified_gmt":"2013-08-26T12:32:02","slug":"missa-viipyy-paatos-perusopetuksen-lisatuntien-rahoista","status":"publish","type":"post","link":"https:\/\/www.sarisarkomaa.fi\/?p=3076","title":{"rendered":"Miss\u00e4 viipyy p\u00e4\u00e4t\u00f6s perusopetuksen lis\u00e4tuntien rahoista?"},"content":{"rendered":"<p><strong>TIEDOTE<\/strong><br \/>\n26.8.2013<\/p>\n<p><strong>Uuden perusopetuksen tuntijakop\u00e4\u00e4t\u00f6ksen yhteydess\u00e4 yli vuosi sitten luvattiin rahoitus kolmen vuosiviikkotunnin lis\u00e4yksest\u00e4. Lis\u00e4tunnit kohdistuvat valinnaisiin oppiaineisiin. \u2013<\/strong><strong>Sit\u00e4 t\u00e4rke\u00e4\u00e4 p\u00e4\u00e4t\u00f6st\u00e4 odotamme yh\u00e4, vaikka p\u00e4\u00e4t\u00f6ksen piti tulla jo kev\u00e4\u00e4ll\u00e4 2013,<\/strong> kummeksuvat kansanedustaja, sivistysvaliokunnan puheenjohtaja, <strong>Raija Vahasalo<\/strong> (kok) ja kansanedustaja, opetushallituksen johtokunnan puheenjohtaja <strong>Sari Sarkomaa<\/strong> (kok).<\/p>\n<p>Valtioneuvosto hyv\u00e4ksyi kes\u00e4kuussa 2012 perusopetuksen tuntijaon uudistamisen yhteydess\u00e4 lausuman, jossa valinnaisiin oppiaineisiin kohdennettavasta kolmen vuosiviikkotunnin lis\u00e4yksest\u00e4 v\u00e4himm\u00e4istuntim\u00e4\u00e4r\u00e4\u00e4n p\u00e4\u00e4tet\u00e4\u00e4n kev\u00e4\u00e4ll\u00e4 2013 kehysbudjetin yhteydess\u00e4. Uusi perusopetussuunnitelma astuu voimaan 1.8.2016.<\/p>\n<p>\u2013 Hidastelulla luodaan ep\u00e4tietoisuutta koulujen arjen suunnitteluun. Vaikka tuntuu, ett\u00e4 vuoteen 2016 on aikaa, niin tieto rahoista tarvitaan kiireesti. Koulutuksen j\u00e4rjest\u00e4j\u00e4t valmistautuvat uuteen perusopetussuunnitelmaan siirtymiseen ja muutokset alkavat pian. Kouluissa h\u00e4mm\u00e4stell\u00e4\u00e4n, tulevatko lis\u00e4tunnit vai eiv\u00e4t.<\/p>\n<p>\u2013 Se, ettei meill\u00e4 viel\u00e4k\u00e4\u00e4n ole p\u00e4\u00e4t\u00f6st\u00e4 asiasta, viivytt\u00e4\u00e4 ja hankaloittaa opetuksen j\u00e4rjest\u00e4misen ennakointia, kansanedustajat kertovat huolestuttavasta tilanteesta.<\/p>\n<p>Kansanedustajat korostavat, kuinka valinnaisuus antaa eri tavoin suuntautuneille oppilaille mahdollisuuden keskitty\u00e4 heille t\u00e4rkeisiin aineisiin. \u2013 N\u00e4in lapset ja nuoret saavat oppimisen ja onnistumisen kokemuksia, mik\u00e4 ennaltaehk\u00e4isee syrj\u00e4ytymist\u00e4.<\/p>\n<p>\u2013 Valinnaisaineet ovat yksil\u00f6n omien vahvuuksien ja kiinnostusten toteuttamisen paikkoja. Ne mahdollistavat erilaisten lahjakkuuksien huomioimisen, Vahasalo ja Sarkomaa kuvaavat koulutuspolitiikan vaikuttavuutta lasten ja nuorten opinpolkuun.<\/p>\n<p>\u2013 Vaikka oppimisen kannalta opetuksen laatu on m\u00e4\u00e4r\u00e4\u00e4kin merkitt\u00e4v\u00e4mpi tekij\u00e4, osoittaa v\u00e4himm\u00e4istuntim\u00e4\u00e4r\u00e4n lis\u00e4\u00e4minen valinnaisten oppiaineiden osalta Suomen haluavan jatkossakin turvata perusopetuksemme vaikuttavuuden ja tasa-arvoisuuden. Jos valinnaisia aineita ei tueta tarpeeksi, niin se heikent\u00e4\u00e4 entisest\u00e4\u00e4n oppilaiden opiskelumahdollisuuksien tasa-arvoa: pieniss\u00e4 kouluissa on jo nykyisin suuria yksik\u00f6it\u00e4 kapeampi valinnaistarjotin.<\/p>\n<p>\u2013 My\u00f6s oppilailla ja heid\u00e4n vanhemmillaan on oikeus tiet\u00e4\u00e4, millaisia p\u00e4\u00e4t\u00f6ksi\u00e4 tehd\u00e4\u00e4n ja mill\u00e4 aikataululla uuden perusopetussuunnitelman siirtym\u00e4vaiheessa. Kysymys on eritt\u00e4in t\u00e4rke\u00e4 kaikille niille oppilaille, jotka jo haaveilevat mit\u00e4 valinnaisia valita jatkossa, kansanedustajat korostavat oppimisen ilon ja kouluviihtyvyyden merkityst\u00e4.<\/p>\n<p><em>Kansanedustajat Vahasalo ja Sarkomaa j\u00e4ttiv\u00e4t 23.8.2013 eduskunnassa kirjallisen kysymyksen valinnaisiin oppiaineisiin kohdennettavasta kolmen vuosiviikkotunnin lis\u00e4yksest\u00e4 ja rahoituksesta.<\/em><\/p>\n<p>Raija Vahasalo, kansanedustaja (kok), eduskunnan sivistysvaliokunnan puheenjohtaja<br \/>\nraija.vahasalo@eduskunta.fi<br \/>\nPuh. 050 511 3090<\/p>\n<p>Sari Sarkomaa, kansanedustaja (kok), opetushallituksen johtokunnan puheenjohtaja<br \/>\nsari.sarkomaa@eduskunta.fi<br \/>\nPuh. 050 511 3033<\/p>\n","protected":false},"excerpt":{"rendered":"<p>TIEDOTE 26.8.2013 Uuden perusopetuksen tuntijakop\u00e4\u00e4t\u00f6ksen yhteydess\u00e4 yli vuosi sitten luvattiin rahoitus kolmen vuosiviikkotunnin lis\u00e4yksest\u00e4. Lis\u00e4tunnit kohdistuvat valinnaisiin oppiaineisiin. \u2013Sit\u00e4 t\u00e4rke\u00e4\u00e4 p\u00e4\u00e4t\u00f6st\u00e4 odotamme yh\u00e4, vaikka p\u00e4\u00e4t\u00f6ksen piti tulla jo kev\u00e4\u00e4ll\u00e4 2013, kummeksuvat kansanedustaja, sivistysvaliokunnan puheenjohtaja, Raija Vahasalo (kok) ja kansanedustaja, opetushallituksen johtokunnan puheenjohtaja Sari Sarkomaa (kok). Valtioneuvosto hyv\u00e4ksyi kes\u00e4kuussa 2012 perusopetuksen tuntijaon uudistamisen yhteydess\u00e4 lausuman, jossa <a href=\"https:\/\/www.sarisarkomaa.fi\/?p=3076\" class=\"more-link\">...jatka lukemista<span class=\"screen-reader-text\"> \"Miss\u00e4 viipyy p\u00e4\u00e4t\u00f6s perusopetuksen lis\u00e4tuntien rahoista?\"<\/span><\/a><\/p>\n","protected":false},"author":1,"featured_media":0,"comment_status":"closed","ping_status":"closed","sticky":false,"template":"","format":"standard","meta":[],"categories":[4],"tags":[],"_links":{"self":[{"href":"https:\/\/www.sarisarkomaa.fi\/index.php?rest_route=\/wp\/v2\/posts\/3076"}],"collection":[{"href":"https:\/\/www.sarisarkomaa.fi\/index.php?rest_route=\/wp\/v2\/posts"}],"about":[{"href":"https:\/\/www.sarisarkomaa.fi\/index.php?rest_route=\/wp\/v2\/types\/post"}],"author":[{"embeddable":true,"href":"https:\/\/www.sarisarkomaa.fi\/index.php?rest_route=\/wp\/v2\/users\/1"}],"replies":[{"embeddable":true,"href":"https:\/\/www.sarisarkomaa.fi\/index.php?rest_route=%2Fwp%2Fv2%2Fcomments&post=3076"}],"version-history":[{"count":3,"href":"https:\/\/www.sarisarkomaa.fi\/index.php?rest_route=\/wp\/v2\/posts\/3076\/revisions"}],"predecessor-version":[{"id":3079,"href":"https:\/\/www.sarisarkomaa.fi\/index.php?rest_route=\/wp\/v2\/posts\/3076\/revisions\/3079"}],"wp:attachment":[{"href":"https:\/\/www.sarisarkomaa.fi\/index.php?rest_route=%2Fwp%2Fv2%2Fmedia&parent=3076"}],"wp:term":[{"taxonomy":"category","embeddable":true,"href":"https:\/\/www.sarisarkomaa.fi\/index.php?rest_route=%2Fwp%2Fv2%2Fcategories&post=3076"},{"taxonomy":"post_tag","embeddable":true,"href":"https:\/\/www.sarisarkomaa.fi\/index.php?rest_route=%2Fwp%2Fv2%2Ftags&post=3076"}],"curies":[{"name":"wp","href":"https:\/\/api.w.org\/{rel}","templated":true}]}}