{"id":3104,"date":"2013-08-28T13:53:19","date_gmt":"2013-08-28T11:53:19","guid":{"rendered":"http:\/\/www.sarisarkomaa.fi\/?p=3104"},"modified":"2013-08-28T13:53:36","modified_gmt":"2013-08-28T11:53:36","slug":"vuoden-pakkosailo-kovaa-kyytia-syrjaytyvalle","status":"publish","type":"post","link":"https:\/\/www.sarisarkomaa.fi\/?p=3104","title":{"rendered":"Vuoden pakkos\u00e4il\u00f6 kovaa kyyti\u00e4 syrj\u00e4ytyv\u00e4lle"},"content":{"rendered":"<p><a href=\"http:\/\/www.verkkouutiset.fi\/blogit\/Vuoden%20pakkos%C3%A4il%C3%B6%20kovaa%20kyyti%C3%A4%20syrj%C3%A4ytyv%C3%A4lle-7480\">28.8.2013 Blogi Verkkouutisissa<\/a><\/p>\n<p>On niukkojen voimavarojen hukkausta, ett\u00e4 SDP:n opetusministerit kerta toisensa j\u00e4lkeen kaivavat esille oppivelvollisuuden venytt\u00e4mispuheet, jotka aina ep\u00e4kelpona kuopataan. Niin on viisainta tehd\u00e4 nytkin ministeri Kiurun ehdotukselle nuorten pakkovuodesta peruskoulun j\u00e4lkeen. Ehdotus on monin tavoin ep\u00e4kelpo ja jopa haitallinen l\u00e4\u00e4ke syrj\u00e4ytymisvaarassa oleville nuorille.<\/p>\n<p>Pakko ei poista syit\u00e4, joiden takia oppimiskyvyss\u00e4 tai motivaatiossa on puutteita, tai est\u00e4 sit\u00e4, ett\u00e4 peruskoulusta pinnataan tai opinnot keskeytet\u00e4\u00e4n. Eik\u00e4 my\u00f6sk\u00e4\u00e4n sit\u00e4, ett\u00e4 ammatillisen koulutuksen aloituspaikkoja on lis\u00e4yksist\u00e4 huolimatta Helsingiss\u00e4 ja muualla Uudellamaalla liian v\u00e4h\u00e4n.<\/p>\n<p>Oppivelvollisuuden pident\u00e4misest\u00e4 puhutaan ik\u00e4\u00e4n kuin tavoite turvata jokaiselle nuorelle peruskoulun j\u00e4lkeen olisi uusi lis\u00e4 hallituksen politiikkaan. Tosiasiassa hallitus on jo sitoutunut koulutustakuuseen ja sen onnistumiseen on nyt keskitytt\u00e4v\u00e4. P\u00e4\u00e4ministeri Kataisen hallituksen keskeinen tavoite on, ettei yksik\u00e4\u00e4n nuori syrj\u00e4ytyisi ja ett\u00e4 jokainen peruskoulun p\u00e4\u00e4tt\u00e4v\u00e4 nuori suorittaisi v\u00e4hint\u00e4\u00e4n toisen asteen tutkinnon.<\/p>\n<p>Oppivelvollisuusi\u00e4n nostoa ei edes harkittu otettavan hallitusohjelmaan, koska se olisi kova, mekaaninen ja lyhytn\u00e4k\u00f6inen keino. Pahimmillaan oppivelvollisuusi\u00e4n pitkitt\u00e4minen vain siirt\u00e4isi ongelmia tai syvent\u00e4\u00e4 niit\u00e4 tuomatta itse asiaan ratkaisua. Nuorten syrj\u00e4ytymiseen johtaneet seikat ovat hyvin erilaisia ja siksi tarvitaan r\u00e4\u00e4t\u00e4l\u00f6ity\u00e4 ohjausta ja tukea peruskoulun j\u00e4lkeisten erilaisten opiskelumahdollisuuksien tueksi.<\/p>\n<p>Pakkovuosi on t\u00e4ysin p\u00e4invastaista sille, mit\u00e4 hallitusohjelmassa on luvattu tavoitella. Koulutustakuun tarkoitus ei ole s\u00e4il\u00f6\u00e4 eik\u00e4 sulloa nuoria pakolla vuodeksi johonkin oppilaitokseen. Sek\u00e4\u00e4n ei pelk\u00e4st\u00e4\u00e4n riit\u00e4, ett\u00e4 kaikille nuorille voidaan tarjota koulutuspaikka. Kunnianhimoinen tavoite tulee olla, ett\u00e4 koulutus suoritetaan loppuun ja ett\u00e4 tutkinnon suorittaneilla on sellaista osaamista ja ammattitaitoa, jota ty\u00f6el\u00e4m\u00e4ss\u00e4 tarvitaan. Tavoite on luoda edellytykset, ett\u00e4 jokainen nuori voi antaa oman panoksensa ty\u00f6markkinoilla.<\/p>\n<p>Tietenkin l\u00e4ht\u00f6kohta on oltava se, ett\u00e4 koulutuspaikkoja on riitt\u00e4v\u00e4sti, ja t\u00e4st\u00e4 hallituksen on teht\u00e4v\u00e4 elokuun budjettiriihess\u00e4 p\u00e4\u00e4t\u00f6kset. Etenkin Helsinkiin ja muualle Metropolialueelle on v\u00e4ltt\u00e4m\u00e4t\u00f6nt\u00e4 lis\u00e4t\u00e4 ammatillisen koulutuksen tarjontaa. My\u00f6s uusia ty\u00f6el\u00e4m\u00e4l\u00e4ht\u00f6isi\u00e4 ja joustavia opiskelu- ja oppimismahdollisuuksia tarvitaan. Oppisopimusta on kehitett\u00e4v\u00e4 nuorille sopivaksi ja sellaiseksi, ett\u00e4 se kannustaa ja mahdollistaa yritt\u00e4j\u00e4t sit\u00e4 tarjoamaan. T\u00e4ss\u00e4 on viisasta kuulla tarkalla korvalla yritt\u00e4ji\u00e4.<\/p>\n<p>Oppivelvollisuuden venytt\u00e4mispuheiden sijaan on voimavarat suunnattava oppimisongelmien varhaiseen havaitsemiseen ja ennaltaehk\u00e4isyyn sek\u00e4 opetuksen, oppilaanohjauksen ja oppilashuollon kuntoon laittamiseen. Perusta jatko-opintoihin ja elinik\u00e4iseen oppimiseen luodaan varhaiskasvatuksessa ja perusopetuksessa. Hyv\u00e4 on my\u00f6s muistaa, ett\u00e4 joustava perusopetus ja ammattistartti ovat jo olemassa olevia ja toimivia apuja, jota kannattaa ja pit\u00e4\u00e4 k\u00e4ytt\u00e4\u00e4.<\/p>\n<p>Oppivelvollisuuden pident\u00e4minen on ollut esill\u00e4 jopa riihen rakennemuutokseksi. Se onkin varoittava esimerkki p\u00e4\u00e4t\u00f6ksist\u00e4, joita hallituksen pit\u00e4\u00e4 visusti v\u00e4ltt\u00e4\u00e4. Eduskuntaan on saatava ripe\u00e4sti esityksi\u00e4, jotka oikeasti lis\u00e4\u00e4v\u00e4t kilpailukyky\u00e4mme ja tekev\u00e4t ty\u00f6n teett\u00e4misest\u00e4, yritt\u00e4misest\u00e4 ja ty\u00f6n tekemisest\u00e4 kannattavampaa. Yhteiskunta jossa ty\u00f6 ei kannata, ei ole terve. My\u00f6s nuorisotakuu on niin toimeenpantava, ett\u00e4 jokainen nuori onnistuisi saamaan kiinni ty\u00f6n syrj\u00e4st\u00e4.<\/p>\n","protected":false},"excerpt":{"rendered":"<p>28.8.2013 Blogi Verkkouutisissa On niukkojen voimavarojen hukkausta, ett\u00e4 SDP:n opetusministerit kerta toisensa j\u00e4lkeen kaivavat esille oppivelvollisuuden venytt\u00e4mispuheet, jotka aina ep\u00e4kelpona kuopataan. Niin on viisainta tehd\u00e4 nytkin ministeri Kiurun ehdotukselle nuorten pakkovuodesta peruskoulun j\u00e4lkeen. Ehdotus on monin tavoin ep\u00e4kelpo ja jopa haitallinen l\u00e4\u00e4ke syrj\u00e4ytymisvaarassa oleville nuorille. Pakko ei poista syit\u00e4, joiden takia oppimiskyvyss\u00e4 tai motivaatiossa on <a href=\"https:\/\/www.sarisarkomaa.fi\/?p=3104\" class=\"more-link\">...jatka lukemista<span class=\"screen-reader-text\"> \"Vuoden pakkos\u00e4il\u00f6 kovaa kyyti\u00e4 syrj\u00e4ytyv\u00e4lle\"<\/span><\/a><\/p>\n","protected":false},"author":1,"featured_media":0,"comment_status":"closed","ping_status":"closed","sticky":false,"template":"","format":"standard","meta":[],"categories":[8],"tags":[],"_links":{"self":[{"href":"https:\/\/www.sarisarkomaa.fi\/index.php?rest_route=\/wp\/v2\/posts\/3104"}],"collection":[{"href":"https:\/\/www.sarisarkomaa.fi\/index.php?rest_route=\/wp\/v2\/posts"}],"about":[{"href":"https:\/\/www.sarisarkomaa.fi\/index.php?rest_route=\/wp\/v2\/types\/post"}],"author":[{"embeddable":true,"href":"https:\/\/www.sarisarkomaa.fi\/index.php?rest_route=\/wp\/v2\/users\/1"}],"replies":[{"embeddable":true,"href":"https:\/\/www.sarisarkomaa.fi\/index.php?rest_route=%2Fwp%2Fv2%2Fcomments&post=3104"}],"version-history":[{"count":3,"href":"https:\/\/www.sarisarkomaa.fi\/index.php?rest_route=\/wp\/v2\/posts\/3104\/revisions"}],"predecessor-version":[{"id":3108,"href":"https:\/\/www.sarisarkomaa.fi\/index.php?rest_route=\/wp\/v2\/posts\/3104\/revisions\/3108"}],"wp:attachment":[{"href":"https:\/\/www.sarisarkomaa.fi\/index.php?rest_route=%2Fwp%2Fv2%2Fmedia&parent=3104"}],"wp:term":[{"taxonomy":"category","embeddable":true,"href":"https:\/\/www.sarisarkomaa.fi\/index.php?rest_route=%2Fwp%2Fv2%2Fcategories&post=3104"},{"taxonomy":"post_tag","embeddable":true,"href":"https:\/\/www.sarisarkomaa.fi\/index.php?rest_route=%2Fwp%2Fv2%2Ftags&post=3104"}],"curies":[{"name":"wp","href":"https:\/\/api.w.org\/{rel}","templated":true}]}}