{"id":3335,"date":"2013-10-22T15:48:47","date_gmt":"2013-10-22T13:48:47","guid":{"rendered":"http:\/\/www.sarisarkomaa.fi\/?p=3335"},"modified":"2013-10-22T15:49:40","modified_gmt":"2013-10-22T13:49:40","slug":"kutsu-keskustelutilaisuuteen-5-11-eduskuntaan-aiheena-paivahoidon-uudet-tuulet-mika-muuttuu","status":"publish","type":"post","link":"https:\/\/www.sarisarkomaa.fi\/?p=3335","title":{"rendered":"Kutsu keskustelutilaisuuteen 5.11. eduskuntaan, aiheena P\u00e4iv\u00e4hoidon uudet tuulet &#8211; mik\u00e4 muuttuu?"},"content":{"rendered":"<p>Tervetuloa kuuntelemaan ja keskustelemaan p\u00e4iv\u00e4hoidon ja varhaiskasvatuksen nykytilasta sek\u00e4 muutostarpeista.<\/p>\n<p>Keskustelutilaisuus j\u00e4rjestet\u00e4\u00e4n eduskunnan kansalaisinfossa (Arkadiankatu 3) tiistaina 5.11.2013 klo 17.00 alkaen.<\/p>\n<p>Tilaisuuden puheenjohtajina toimivat kansanedustajat Sari Sarkomaa ja Raija Vahasalo.<\/p>\n<p>Tervetuloa mukaan!<\/p>\n<p><span style=\"text-decoration: underline;\">Ohjelma:<\/span><\/p>\n<p>Kahvitarjoilu<\/p>\n<p>Klo 17.00 keskustelua alustavat asiantuntijat:<\/p>\n<p>\u00b7 Varhaiskasvatusviraston johtaja Satu J\u00e4rvenkallas, Helsingin kaupunki<br \/>\n\u00b7 Erityisasiantuntija, Jarkko Lahtinen, Kuntaliitto<br \/>\n\u00b7 Opetusneuvos Arja-Sisko Holappa, Opetushallitus<\/p>\n<p>Keskustelua<\/p>\n<p>Tilaisuus p\u00e4\u00e4ttyy noin klo 19.00<\/p>\n","protected":false},"excerpt":{"rendered":"<p>Tervetuloa kuuntelemaan ja keskustelemaan p\u00e4iv\u00e4hoidon ja varhaiskasvatuksen nykytilasta sek\u00e4 muutostarpeista. Keskustelutilaisuus j\u00e4rjestet\u00e4\u00e4n eduskunnan kansalaisinfossa (Arkadiankatu 3) tiistaina 5.11.2013 klo 17.00 alkaen. Tilaisuuden puheenjohtajina toimivat kansanedustajat Sari Sarkomaa ja Raija Vahasalo. Tervetuloa mukaan! Ohjelma: Kahvitarjoilu Klo 17.00 keskustelua alustavat asiantuntijat: \u00b7 Varhaiskasvatusviraston johtaja Satu J\u00e4rvenkallas, Helsingin kaupunki \u00b7 Erityisasiantuntija, Jarkko Lahtinen, Kuntaliitto \u00b7 Opetusneuvos Arja-Sisko Holappa, <a href=\"https:\/\/www.sarisarkomaa.fi\/?p=3335\" class=\"more-link\">...jatka lukemista<span class=\"screen-reader-text\"> \"Kutsu keskustelutilaisuuteen 5.11. eduskuntaan, aiheena P\u00e4iv\u00e4hoidon uudet tuulet &#8211; mik\u00e4 muuttuu?\"<\/span><\/a><\/p>\n","protected":false},"author":1,"featured_media":0,"comment_status":"closed","ping_status":"closed","sticky":false,"template":"","format":"standard","meta":[],"categories":[4],"tags":[],"_links":{"self":[{"href":"https:\/\/www.sarisarkomaa.fi\/index.php?rest_route=\/wp\/v2\/posts\/3335"}],"collection":[{"href":"https:\/\/www.sarisarkomaa.fi\/index.php?rest_route=\/wp\/v2\/posts"}],"about":[{"href":"https:\/\/www.sarisarkomaa.fi\/index.php?rest_route=\/wp\/v2\/types\/post"}],"author":[{"embeddable":true,"href":"https:\/\/www.sarisarkomaa.fi\/index.php?rest_route=\/wp\/v2\/users\/1"}],"replies":[{"embeddable":true,"href":"https:\/\/www.sarisarkomaa.fi\/index.php?rest_route=%2Fwp%2Fv2%2Fcomments&post=3335"}],"version-history":[{"count":4,"href":"https:\/\/www.sarisarkomaa.fi\/index.php?rest_route=\/wp\/v2\/posts\/3335\/revisions"}],"predecessor-version":[{"id":3339,"href":"https:\/\/www.sarisarkomaa.fi\/index.php?rest_route=\/wp\/v2\/posts\/3335\/revisions\/3339"}],"wp:attachment":[{"href":"https:\/\/www.sarisarkomaa.fi\/index.php?rest_route=%2Fwp%2Fv2%2Fmedia&parent=3335"}],"wp:term":[{"taxonomy":"category","embeddable":true,"href":"https:\/\/www.sarisarkomaa.fi\/index.php?rest_route=%2Fwp%2Fv2%2Fcategories&post=3335"},{"taxonomy":"post_tag","embeddable":true,"href":"https:\/\/www.sarisarkomaa.fi\/index.php?rest_route=%2Fwp%2Fv2%2Ftags&post=3335"}],"curies":[{"name":"wp","href":"https:\/\/api.w.org\/{rel}","templated":true}]}}