{"id":3668,"date":"2014-02-07T11:23:11","date_gmt":"2014-02-07T09:23:11","guid":{"rendered":"http:\/\/www.sarisarkomaa.fi\/?p=3668"},"modified":"2014-02-07T11:23:11","modified_gmt":"2014-02-07T09:23:11","slug":"varhaiskasvatuslain-saatamisesta-talla-hallituskaudella-pidettava-kiinni","status":"publish","type":"post","link":"https:\/\/www.sarisarkomaa.fi\/?p=3668","title":{"rendered":"Varhaiskasvatuslain s\u00e4\u00e4t\u00e4misest\u00e4 t\u00e4ll\u00e4 hallituskaudella pidett\u00e4v\u00e4 kiinni"},"content":{"rendered":"<p><strong>Tiedote 7.2.2014<br \/>\n<\/strong>Julkaisuvapaa heti<\/p>\n<p>\u2013 Varhaiskasvatuslaki on s\u00e4\u00e4dett\u00e4v\u00e4 t\u00e4ll\u00e4 hallituskaudella hallitusohjelman mukaisesti, vaativat kansanedustajat Sari Sarkomaa (kok) ja Raija Vahasalo (kok).<\/p>\n<p>\u2013 On todella iso j\u00e4rkytys, ett\u00e4 Opetus- ja kulttuuriministeri\u00f6n (OKM) listalta, jossa kerrotaan eduskunnalle t\u00e4n\u00e4 kev\u00e4\u00e4n\u00e4 annettavista lakiesityksist\u00e4 puuttuu varhaiskasvatuslaki. \u2013 OKM:n Koulutuksen- ja tutkimuksen kehitt\u00e4missuunnitelmassa on luvattu tuoda laki eduskunnan k\u00e4sittelyyn kev\u00e4\u00e4ll\u00e4 2014, joten viiv\u00e4stely syksyyn vaarantaa hallitusohjelmassa luvatun lain s\u00e4\u00e4t\u00e4misen, kansanedustajat huomauttavat.<\/p>\n<p>Kokoomusedustajat ovat ehdottomia ja vaativat, ett\u00e4 lupauksesta uudistaa yli 40 vuotta vanha p\u00e4iv\u00e4hoitolaki varhaiskasvatuslaiksi ei saa lipsua. \u2013 Eduskunnan on saatava laadukkaasti valmisteltu varhaiskasvatuslakiesitys riitt\u00e4v\u00e4n ajoissa k\u00e4sitelt\u00e4v\u00e4kseen, jotta laki saadaan huolella eduskunnan toimesta k\u00e4sitelty\u00e4. Siksi lakiesityksen tuomisesta eduskuntaan kev\u00e4\u00e4ll\u00e4 2014 ei voi tinki\u00e4, Sarkomaa ja Vahasalo toteavat.<\/p>\n<p>\u2013 Laadukas ja kaikkien lasten ulottuvilla oleva varhaiskasvatus on parasta tasa-arvoa ja koulutuspolitiikkaa sek\u00e4 tulevaisuuden rakentamista. \u2013 Oppimisen ja kouluinnostuksen perusta luodaan varhaiskasvatuksessa. Laadukas varhaiskasvatus onkin tehokkainta syrj\u00e4ytymisen ehk\u00e4isy\u00e4, kansanedustajat muistuttavat.<\/p>\n<p>\u2013 Kansainv\u00e4lisesti Suomi on j\u00e4lkijunassa varhaiskasvatuspalveluissa. Pedagogisiin varhaiskasvatuspalveluihin osallistuminen on v\u00e4h\u00e4isint\u00e4 Euroopassa ja Pohjoismaissa, he lis\u00e4\u00e4v\u00e4t.<\/p>\n<p>\u2013 Yli 40 vuotta vanha p\u00e4iv\u00e4hoitolaki ei en\u00e4\u00e4 kelpaa uuden lain pohjaksi. Tarvitsemme rohkeaa ja ennakkoluulotonta kehitt\u00e4misty\u00f6t\u00e4, kannustavat Sarkomaa ja Vahasalo ministeri Kiurua. \u2013 Millaisia varhaiskasvatuspalveluita haluamme tarjota alle kouluik\u00e4isille lapsille ja millaisia p\u00e4iv\u00e4hoitopalveluja tarvitaan tukemaan \u00e4itien ja isien ty\u00f6el\u00e4m\u00e4\u00e4n osallistumista? N\u00e4m\u00e4 kysymykset ovat uudistuksen keski\u00f6ss\u00e4, Sarkomaa ja Vahasalo muistuttavat.<\/p>\n<p>\u2013 Rohkaisemme ministeri Kiurua ev\u00e4st\u00e4m\u00e4\u00e4n varhaiskasvatuslakia valmistelevaa ty\u00f6ryhm\u00e4\u00e4 esitt\u00e4m\u00e4\u00e4n erilaisia malleja ja keinoja siihen, ett\u00e4 kaikilla v\u00e4hint\u00e4\u00e4n yli 3-vuotiailla lapsilla olisi todellinen oikeus saada laadukasta pedagogista varhaiskasvatusta p\u00e4iv\u00e4kodeissa opettajan johdolla.<\/p>\n<p>Lis\u00e4tietoa:<\/p>\n<p>Sari Sarkomaa, kansanedustaja, opetushallituksen johtokunnan puheenjohtaja (puh. 050 511 3033)<br \/>\nRaija Vahasalo, kansanedustaja, eduskunnan sivistysvaliokunnan puheenjohtaja (puh. 050 511 3090)<\/p>\n","protected":false},"excerpt":{"rendered":"<p>Tiedote 7.2.2014 Julkaisuvapaa heti \u2013 Varhaiskasvatuslaki on s\u00e4\u00e4dett\u00e4v\u00e4 t\u00e4ll\u00e4 hallituskaudella hallitusohjelman mukaisesti, vaativat kansanedustajat Sari Sarkomaa (kok) ja Raija Vahasalo (kok). \u2013 On todella iso j\u00e4rkytys, ett\u00e4 Opetus- ja kulttuuriministeri\u00f6n (OKM) listalta, jossa kerrotaan eduskunnalle t\u00e4n\u00e4 kev\u00e4\u00e4n\u00e4 annettavista lakiesityksist\u00e4 puuttuu varhaiskasvatuslaki. \u2013 OKM:n Koulutuksen- ja tutkimuksen kehitt\u00e4missuunnitelmassa on luvattu tuoda laki eduskunnan k\u00e4sittelyyn kev\u00e4\u00e4ll\u00e4 2014, <a href=\"https:\/\/www.sarisarkomaa.fi\/?p=3668\" class=\"more-link\">...jatka lukemista<span class=\"screen-reader-text\"> \"Varhaiskasvatuslain s\u00e4\u00e4t\u00e4misest\u00e4 t\u00e4ll\u00e4 hallituskaudella pidett\u00e4v\u00e4 kiinni\"<\/span><\/a><\/p>\n","protected":false},"author":1,"featured_media":0,"comment_status":"closed","ping_status":"closed","sticky":false,"template":"","format":"standard","meta":[],"categories":[4],"tags":[],"_links":{"self":[{"href":"https:\/\/www.sarisarkomaa.fi\/index.php?rest_route=\/wp\/v2\/posts\/3668"}],"collection":[{"href":"https:\/\/www.sarisarkomaa.fi\/index.php?rest_route=\/wp\/v2\/posts"}],"about":[{"href":"https:\/\/www.sarisarkomaa.fi\/index.php?rest_route=\/wp\/v2\/types\/post"}],"author":[{"embeddable":true,"href":"https:\/\/www.sarisarkomaa.fi\/index.php?rest_route=\/wp\/v2\/users\/1"}],"replies":[{"embeddable":true,"href":"https:\/\/www.sarisarkomaa.fi\/index.php?rest_route=%2Fwp%2Fv2%2Fcomments&post=3668"}],"version-history":[{"count":2,"href":"https:\/\/www.sarisarkomaa.fi\/index.php?rest_route=\/wp\/v2\/posts\/3668\/revisions"}],"predecessor-version":[{"id":3670,"href":"https:\/\/www.sarisarkomaa.fi\/index.php?rest_route=\/wp\/v2\/posts\/3668\/revisions\/3670"}],"wp:attachment":[{"href":"https:\/\/www.sarisarkomaa.fi\/index.php?rest_route=%2Fwp%2Fv2%2Fmedia&parent=3668"}],"wp:term":[{"taxonomy":"category","embeddable":true,"href":"https:\/\/www.sarisarkomaa.fi\/index.php?rest_route=%2Fwp%2Fv2%2Fcategories&post=3668"},{"taxonomy":"post_tag","embeddable":true,"href":"https:\/\/www.sarisarkomaa.fi\/index.php?rest_route=%2Fwp%2Fv2%2Ftags&post=3668"}],"curies":[{"name":"wp","href":"https:\/\/api.w.org\/{rel}","templated":true}]}}