{"id":3821,"date":"2014-03-26T09:09:12","date_gmt":"2014-03-26T07:09:12","guid":{"rendered":"http:\/\/www.sarisarkomaa.fi\/?p=3821"},"modified":"2014-03-26T09:09:12","modified_gmt":"2014-03-26T07:09:12","slug":"vahasalo-ja-sarkomaa-suvivirsi-soikoon","status":"publish","type":"post","link":"https:\/\/www.sarisarkomaa.fi\/?p=3821","title":{"rendered":"Vahasalo ja Sarkomaa: Suvivirsi soikoon!"},"content":{"rendered":"<p><strong>TIEDOTE 25.3.14<\/strong><\/p>\n<p>Eilinen apulaisoikeuskansleri Mikko Puumalaisen linjaus Suvivirrest\u00e4 on her\u00e4tt\u00e4nyt perustellusti ihmetyst\u00e4. Tilanne on muodostunut kest\u00e4m\u00e4tt\u00f6m\u00e4ksi koulujen kannalta, joissa parhaillaan suunnitellaan l\u00e4hestyvi\u00e4 kev\u00e4tjuhlia.<\/p>\n<p>\u201dKouluissa suunnitellaan parhaillaan l\u00e4hestyvi\u00e4 kev\u00e4tjuhlia. Tilanne vaatii nopeaa selkeytt\u00e4mist\u00e4\u201d, linjaavat kansanedustaja, sivistysvaliokunnan puheenjohtaja, <strong>Raija Vahasalo <\/strong>(kok) ja kansanedustaja, opetushallituksen johtokunnan puheenjohtaja <strong>Sari Sarkomaa <\/strong>(kok).<\/p>\n<p>Edustajien mielest\u00e4 viime k\u00e4dess\u00e4 perustuslakivaliokunnan on asiaa k\u00e4sitelt\u00e4v\u00e4. Koulujen ja asian merkitt\u00e4vyyden kannalta on v\u00e4ltt\u00e4m\u00e4t\u00f6nt\u00e4, ett\u00e4 asiaan saadaan t\u00e4ysi selkeys ennen kuin mit\u00e4\u00e4n ohjeita tai k\u00e4yt\u00e4nt\u00f6j\u00e4 muutetaan.<\/p>\n<p>\u201dNykyinen k\u00e4yt\u00e4nt\u00f6 on ollut toimiva ja se perustuu Opetushallituksen jo vuonna 2006 tehtyyn ohjeistukseen perustuslakivaliokunnan kannan mukaisesti. Eduskunnan perustuslakivaliokunta on t\u00e4hdent\u00e4nyt, ett\u00e4 kev\u00e4t- ja joulujuhlatraditiot ovat osa suomalaista kulttuuria. Virren johdosta ei juhlaa voida pit\u00e4\u00e4 uskonnon harjoittamiseksi katsottavana tilaisuutena. Koulujen k\u00e4yt\u00e4nn\u00f6ist\u00e4 hankaluuksia ei ole aiheutunut, joten ei pid\u00e4 tehd\u00e4 ongelmia siell\u00e4 miss\u00e4 niit\u00e4 ei ole\u201d, toteavat kokoomuspoliitikot. Heid\u00e4n mielest\u00e4\u00e4n ei ole mit\u00e4\u00e4n syyt\u00e4 siihen, miksi perinteit\u00e4 pit\u00e4isi muuttaa.<\/p>\n<p>Suomalaiset koulut ovat yh\u00e4 useammin monikulttuurisia. Joissakin luokissa saattaa puolet oppilaista olla maahanmuuttajataustaisia lapsia. Silloin on erityisen t\u00e4rke\u00e4\u00e4 yll\u00e4pit\u00e4\u00e4 omaa kulttuuria ja huomioida lasten ja nuorten erilaisuus. T\u00e4m\u00e4n onnistuminen vaatii koulujen rehtoreilta, opettajilta ja vanhemmilta hyv\u00e4\u00e4 yhteisty\u00f6t\u00e4.<\/p>\n<p>\u201dOmien perinteiden s\u00e4ilytt\u00e4minen ja arvostaminen on osa p\u00e4iv\u00e4kotien ja koulujen toimintaa. On t\u00e4rke\u00e4\u00e4, ett\u00e4 kev\u00e4tjuhlissa voi laulaa ja lauletaan perinteisi\u00e4 lauluja, my\u00f6s suvivirtt\u00e4. Se kuuluu suomalaisuuteen\u201d, kansanedustajat alleviivaavat.<\/p>\n<p><strong>Lis\u00e4tietoa:<\/strong><\/p>\n<p><strong>Raija Vahasalo<\/strong>, kansanedustaja, eduskunnan sivistysvaliokunnan puheenjohtaja (puh. <a href=\"tel:050%20511%203090\" target=\"_blank\">050 511 3090<\/a>)<\/p>\n<p><strong>Sari Sarkomaa<\/strong>, kansanedustaja, opetushallituksen johtokunnan puheenjohtaja (puh. <a href=\"tel:050%20511%203033\" target=\"_blank\">050 511 3033<\/a>)<\/p>\n","protected":false},"excerpt":{"rendered":"<p>TIEDOTE 25.3.14 Eilinen apulaisoikeuskansleri Mikko Puumalaisen linjaus Suvivirrest\u00e4 on her\u00e4tt\u00e4nyt perustellusti ihmetyst\u00e4. Tilanne on muodostunut kest\u00e4m\u00e4tt\u00f6m\u00e4ksi koulujen kannalta, joissa parhaillaan suunnitellaan l\u00e4hestyvi\u00e4 kev\u00e4tjuhlia. \u201dKouluissa suunnitellaan parhaillaan l\u00e4hestyvi\u00e4 kev\u00e4tjuhlia. Tilanne vaatii nopeaa selkeytt\u00e4mist\u00e4\u201d, linjaavat kansanedustaja, sivistysvaliokunnan puheenjohtaja, Raija Vahasalo (kok) ja kansanedustaja, opetushallituksen johtokunnan puheenjohtaja Sari Sarkomaa (kok). Edustajien mielest\u00e4 viime k\u00e4dess\u00e4 perustuslakivaliokunnan on asiaa k\u00e4sitelt\u00e4v\u00e4. <a href=\"https:\/\/www.sarisarkomaa.fi\/?p=3821\" class=\"more-link\">...jatka lukemista<span class=\"screen-reader-text\"> \"Vahasalo ja Sarkomaa: Suvivirsi soikoon!\"<\/span><\/a><\/p>\n","protected":false},"author":1,"featured_media":0,"comment_status":"closed","ping_status":"closed","sticky":false,"template":"","format":"standard","meta":[],"categories":[4],"tags":[],"_links":{"self":[{"href":"https:\/\/www.sarisarkomaa.fi\/index.php?rest_route=\/wp\/v2\/posts\/3821"}],"collection":[{"href":"https:\/\/www.sarisarkomaa.fi\/index.php?rest_route=\/wp\/v2\/posts"}],"about":[{"href":"https:\/\/www.sarisarkomaa.fi\/index.php?rest_route=\/wp\/v2\/types\/post"}],"author":[{"embeddable":true,"href":"https:\/\/www.sarisarkomaa.fi\/index.php?rest_route=\/wp\/v2\/users\/1"}],"replies":[{"embeddable":true,"href":"https:\/\/www.sarisarkomaa.fi\/index.php?rest_route=%2Fwp%2Fv2%2Fcomments&post=3821"}],"version-history":[{"count":3,"href":"https:\/\/www.sarisarkomaa.fi\/index.php?rest_route=\/wp\/v2\/posts\/3821\/revisions"}],"predecessor-version":[{"id":3824,"href":"https:\/\/www.sarisarkomaa.fi\/index.php?rest_route=\/wp\/v2\/posts\/3821\/revisions\/3824"}],"wp:attachment":[{"href":"https:\/\/www.sarisarkomaa.fi\/index.php?rest_route=%2Fwp%2Fv2%2Fmedia&parent=3821"}],"wp:term":[{"taxonomy":"category","embeddable":true,"href":"https:\/\/www.sarisarkomaa.fi\/index.php?rest_route=%2Fwp%2Fv2%2Fcategories&post=3821"},{"taxonomy":"post_tag","embeddable":true,"href":"https:\/\/www.sarisarkomaa.fi\/index.php?rest_route=%2Fwp%2Fv2%2Ftags&post=3821"}],"curies":[{"name":"wp","href":"https:\/\/api.w.org\/{rel}","templated":true}]}}