{"id":389,"date":"2011-03-09T19:35:12","date_gmt":"2011-03-09T17:35:12","guid":{"rendered":"http:\/\/www.kaikupuro.fi\/SariSarkomaa\/?p=389"},"modified":"2011-03-14T21:12:28","modified_gmt":"2011-03-14T19:12:28","slug":"paaministeri-kiviniemi-onko-keskusta-valmis-uhraamaan-elakkeetkin-aluepolitiikan-alttarilla","status":"publish","type":"post","link":"https:\/\/www.sarisarkomaa.fi\/?p=389","title":{"rendered":"P\u00e4\u00e4ministeri Kiviniemi, onko Keskusta valmis uhraamaan el\u00e4kkeetkin aluepolitiikan alttarilla?"},"content":{"rendered":"<p>Lehdist\u00f6tiedote<br \/>\n06.03.2011<\/p>\n<p>Kokoomuksen<strong> <\/strong>kansanedustaja Sari Sarkomaa kysyy p\u00e4\u00e4ministeri Mari Kiviniemelt\u00e4, ovatko h\u00e4n ja Keskusta oikeasti valmiita uhraamaan suomalaisten el\u00e4kkeetkin aluepolitiikan alttarilla? Suomalaisten on v\u00e4ltt\u00e4m\u00e4t\u00f6nt\u00e4 tiet\u00e4\u00e4, onko Keskusta puolueena ehdottamassa suomalaiseen el\u00e4kepolitiikan kivijalkaan perustavanlaatuisia muutoksia. <strong>Onko keskusta lipe\u00e4m\u00e4ss\u00e4 siit\u00e4 peruslinjasta, ett\u00e4 suomalaisten el\u00e4kevarojen sijoittaminen tuottavasti ja turvallisesti on yhdess\u00e4 sovittu ja ainoa tie turvata el\u00e4kkeet?<\/strong><\/p>\n<p>Perussuomalaisten puheenjohtaja Timo Soini ottaisi ty\u00f6el\u00e4kerahastot k\u00e4ytt\u00f6\u00f6n maan liikenneverkon kohentamisessa. Soini teki ehdotuksensa eilisess\u00e4 YLE:n Ykk\u00f6saamussa<strong>. \u00a0<\/strong><strong>P\u00e4\u00e4ministeri Mari Kiviniemi kiirehti kertomaan, ett\u00e4 keskustalla on ollut perussuomalaisten kanssa samansuuntaisia ajatuksia el\u00e4kerahastojen k\u00e4yt\u00f6st\u00e4. Soini on tullut asiassa Keskustan linjoille, Kiviniemi tulkitsi. <\/strong><\/p>\n<p>Soini haluaisi sijoittaa el\u00e4kerahoja suomalaisiin liikennev\u00e4yliin ja kertoi sen v\u00e4hent\u00e4v\u00e4n paineita valtion budjetissa. Soini j\u00e4tti kuitenkin kertomatta, mik\u00e4 vaikutus ehdotuksella toteutuessaan olisi suomalaisten el\u00e4kkeisiin. Ehdotus saattoi ensi kuulemalta kuulostaa l\u00e4mmitt\u00e4v\u00e4lt\u00e4, mutta sen seurauksena voi olla kylm\u00e4\u00e4 kyyti\u00e4 niin suomalaisille el\u00e4kkeensaajille kuin palkansaajille, joiden ty\u00f6n tekemiseen el\u00e4kej\u00e4rjestelm\u00e4 monelta osin vahvasti tukeutuu. <strong>P\u00e4\u00e4ministerilt\u00e4 on lupa odottaa, ett\u00e4 ehdotuksen vaikutukset el\u00e4kej\u00e4rjestelm\u00e4\u00e4nkin kerrotaan avoimesti suomalaisille. Varsinkin kun Keskusta on p\u00e4\u00e4ministerin suulla kiirehtinyt idean \u00e4idiksi.<\/strong><\/p>\n<p>Idea siit\u00e4, ett\u00e4 el\u00e4keyhti\u00f6t sijoittaisivat suomalaisiin v\u00e4yl\u00e4hankkeisiin, ei ole uusi. Miksi sit\u00e4 ei ole toteutettu, johtuu tietenkin sit\u00e4, ett\u00e4 el\u00e4kevarojen sijoittamisella on vain yksi tavoite: sijoittaa tuottavasti ja turvallisesti. <strong>Aluepolitiikka ei kuulu el\u00e4keyhti\u00f6iden teht\u00e4viin eik\u00e4 vastuulle. T\u00e4st\u00e4 periaatteesta on pidett\u00e4v\u00e4 tiukasti kiinni. Kysymys kuulukin p\u00e4\u00e4ministeri Kiviniemelle, onko Keskusta nyt perussuomalaisten vahvistuksella lipe\u00e4m\u00e4ss\u00e4 yhteisest\u00e4 sopimuksesta ja valmis vaarantamaan ty\u00f6el\u00e4kej\u00e4rjestelm\u00e4n toimivuuden?<\/strong>\u00a0<\/p>\n<p>Lis\u00e4tietoja:<em><\/em><br \/>\nSari Sarkomaa<em><\/em><br \/>\n050 511 3033<em><\/em><\/p>\n","protected":false},"excerpt":{"rendered":"<p>Lehdist\u00f6tiedote 06.03.2011 Kokoomuksen kansanedustaja Sari Sarkomaa kysyy p\u00e4\u00e4ministeri Mari Kiviniemelt\u00e4, ovatko h\u00e4n ja Keskusta oikeasti valmiita uhraamaan suomalaisten el\u00e4kkeetkin aluepolitiikan alttarilla? Suomalaisten on v\u00e4ltt\u00e4m\u00e4t\u00f6nt\u00e4 tiet\u00e4\u00e4, onko Keskusta puolueena ehdottamassa suomalaiseen el\u00e4kepolitiikan kivijalkaan perustavanlaatuisia muutoksia. Onko keskusta lipe\u00e4m\u00e4ss\u00e4 siit\u00e4 peruslinjasta, ett\u00e4 suomalaisten el\u00e4kevarojen sijoittaminen tuottavasti ja turvallisesti on yhdess\u00e4 sovittu ja ainoa tie turvata el\u00e4kkeet? Perussuomalaisten <a href=\"https:\/\/www.sarisarkomaa.fi\/?p=389\" class=\"more-link\">...jatka lukemista<span class=\"screen-reader-text\"> \"P\u00e4\u00e4ministeri Kiviniemi, onko Keskusta valmis uhraamaan el\u00e4kkeetkin aluepolitiikan alttarilla?\"<\/span><\/a><\/p>\n","protected":false},"author":1,"featured_media":0,"comment_status":"closed","ping_status":"closed","sticky":false,"template":"","format":"standard","meta":[],"categories":[4],"tags":[],"_links":{"self":[{"href":"https:\/\/www.sarisarkomaa.fi\/index.php?rest_route=\/wp\/v2\/posts\/389"}],"collection":[{"href":"https:\/\/www.sarisarkomaa.fi\/index.php?rest_route=\/wp\/v2\/posts"}],"about":[{"href":"https:\/\/www.sarisarkomaa.fi\/index.php?rest_route=\/wp\/v2\/types\/post"}],"author":[{"embeddable":true,"href":"https:\/\/www.sarisarkomaa.fi\/index.php?rest_route=\/wp\/v2\/users\/1"}],"replies":[{"embeddable":true,"href":"https:\/\/www.sarisarkomaa.fi\/index.php?rest_route=%2Fwp%2Fv2%2Fcomments&post=389"}],"version-history":[{"count":3,"href":"https:\/\/www.sarisarkomaa.fi\/index.php?rest_route=\/wp\/v2\/posts\/389\/revisions"}],"predecessor-version":[{"id":392,"href":"https:\/\/www.sarisarkomaa.fi\/index.php?rest_route=\/wp\/v2\/posts\/389\/revisions\/392"}],"wp:attachment":[{"href":"https:\/\/www.sarisarkomaa.fi\/index.php?rest_route=%2Fwp%2Fv2%2Fmedia&parent=389"}],"wp:term":[{"taxonomy":"category","embeddable":true,"href":"https:\/\/www.sarisarkomaa.fi\/index.php?rest_route=%2Fwp%2Fv2%2Fcategories&post=389"},{"taxonomy":"post_tag","embeddable":true,"href":"https:\/\/www.sarisarkomaa.fi\/index.php?rest_route=%2Fwp%2Fv2%2Ftags&post=389"}],"curies":[{"name":"wp","href":"https:\/\/api.w.org\/{rel}","templated":true}]}}