{"id":4032,"date":"2014-08-29T15:29:38","date_gmt":"2014-08-29T13:29:38","guid":{"rendered":"http:\/\/www.sarisarkomaa.fi\/?p=4032"},"modified":"2014-08-29T15:29:38","modified_gmt":"2014-08-29T13:29:38","slug":"sarkomaa-varhaiskasvatuslaki-ministeri-kiurun-ykkosagendalle","status":"publish","type":"post","link":"https:\/\/www.sarisarkomaa.fi\/?p=4032","title":{"rendered":"Sarkomaa: Varhaiskasvatuslaki ministeri Kiurun ykk\u00f6sagendalle!"},"content":{"rendered":"<p>julkaisuvapaa<br \/>\nheti<\/p>\n<p>Laadukas varhaiskasvatus on kaiken koulutuksen perusta. Hallitusohjelmassa luvattu uusi varhaiskasvatuslaki j\u00e4i budjettiriihess\u00e4 ilman mainintaa tai lis\u00e4voimavaroja. T\u00e4m\u00e4 on huikea pettymys niin varhaiskasvatuksen tutkijoille, asiantuntijoille ja 50 000 toimialan piiriss\u00e4 ty\u00f6skentelev\u00e4lle.<\/p>\n<p>\u201dVarhaiskasvatuksen kehitt\u00e4minen tulee kaikesta huolimatta aloittaa v\u00e4litt\u00f6m\u00e4sti. Kokoomusedustaja toivoo, ett\u00e4 asiasta vastaava ministeri Kiuru (sd) ottaisin asian ykk\u00f6sagendalleen. Nyt tarvitaan ripeit\u00e4 otteita ja rohkeutta\u201d, innostaa kansanedustaja ja opetushallituksen puheenjohtaja Sari Sarkomaa.<\/p>\n<p>Laadukas varhaiskasvatus on viisasta koulutuspolitiikkaa ja parasta tasa-arvoa, syrj\u00e4ytymisen ehk\u00e4isy\u00e4 sek\u00e4 tulevaisuuden rakentamista jokaiselle lapselle\u201d, Sarkomaa muistuttaa.<\/p>\n<p>Yli 40 vuotta vanhan p\u00e4iv\u00e4hoitolain uudistaminen varhaiskasvatuslaiksi on ollut poliittisella asialistalla 15 vuotta. Kokoomusedustajan mielest\u00e4 laissa tulisi selkiytt\u00e4\u00e4 p\u00e4iv\u00e4hoidon ja varhaiskasvatuksen m\u00e4\u00e4ritelm\u00e4, tavoitteet sek\u00e4 henkil\u00f6st\u00f6n teht\u00e4v\u00e4t, roolit ja nimikkeet. Kunnille tulisi antaa selv\u00e4t ja vahvat ev\u00e4\u00e4t kehitt\u00e4\u00e4 toimialaa. Sarkomaan mielest\u00e4 Suomella ei ole varaa en\u00e4\u00e4 siirt\u00e4\u00e4 varhaiskasvatuslain s\u00e4\u00e4t\u00e4mist\u00e4 seuraavalle eduskuntakaudelle.<\/p>\n<p>\u201dKansainv\u00e4lisesti Suomi laahaa j\u00e4ljess\u00e4 muuta Eurooppaa ja OECD maita. Pedagogisiin varhaiskasvatuspalveluihin osallistuminen on v\u00e4h\u00e4isint\u00e4 Euroopassa ja Pohjoismaissa. Muutetaan varhaiskasvatus pedagogiseksi toiminnaksi kuten muuallakin Euroopassa. T\u00e4m\u00e4n ty\u00f6n aloittamista ei saa jarruttaa. Ty\u00f6 on aloitettava, vaikka lis\u00e4rahaa ei hallitus ty\u00f6h\u00f6n osoittanut. Nyt tarvitaan tahtoa ja n\u00e4kemyst\u00e4\u201d, Sarkomaa toteaa.<\/p>\n<p>\"Varhaiskasvatuksen kehitt\u00e4minen tulee antaa Opetushallituksen teht\u00e4v\u00e4ksi. Nyt se ei ole kunnolla kenenk\u00e4\u00e4n hallussa ja tilanne on siet\u00e4m\u00e4t\u00f6n\", p\u00e4\u00e4tt\u00e4\u00e4 Sarkomaa.<\/p>\n<p>Lis\u00e4tietoja:<\/p>\n<p>Sari Sarkomaa<br \/>\nkansanedustaja<br \/>\npuh. 050 5113033<\/p>\n","protected":false},"excerpt":{"rendered":"<p>julkaisuvapaa heti Laadukas varhaiskasvatus on kaiken koulutuksen perusta. Hallitusohjelmassa luvattu uusi varhaiskasvatuslaki j\u00e4i budjettiriihess\u00e4 ilman mainintaa tai lis\u00e4voimavaroja. T\u00e4m\u00e4 on huikea pettymys niin varhaiskasvatuksen tutkijoille, asiantuntijoille ja 50 000 toimialan piiriss\u00e4 ty\u00f6skentelev\u00e4lle. \u201dVarhaiskasvatuksen kehitt\u00e4minen tulee kaikesta huolimatta aloittaa v\u00e4litt\u00f6m\u00e4sti. Kokoomusedustaja toivoo, ett\u00e4 asiasta vastaava ministeri Kiuru (sd) ottaisin asian ykk\u00f6sagendalleen. Nyt tarvitaan ripeit\u00e4 otteita ja <a href=\"https:\/\/www.sarisarkomaa.fi\/?p=4032\" class=\"more-link\">...jatka lukemista<span class=\"screen-reader-text\"> \"Sarkomaa: Varhaiskasvatuslaki ministeri Kiurun ykk\u00f6sagendalle!\"<\/span><\/a><\/p>\n","protected":false},"author":1,"featured_media":0,"comment_status":"open","ping_status":"open","sticky":false,"template":"","format":"standard","meta":[],"categories":[4],"tags":[],"_links":{"self":[{"href":"https:\/\/www.sarisarkomaa.fi\/index.php?rest_route=\/wp\/v2\/posts\/4032"}],"collection":[{"href":"https:\/\/www.sarisarkomaa.fi\/index.php?rest_route=\/wp\/v2\/posts"}],"about":[{"href":"https:\/\/www.sarisarkomaa.fi\/index.php?rest_route=\/wp\/v2\/types\/post"}],"author":[{"embeddable":true,"href":"https:\/\/www.sarisarkomaa.fi\/index.php?rest_route=\/wp\/v2\/users\/1"}],"replies":[{"embeddable":true,"href":"https:\/\/www.sarisarkomaa.fi\/index.php?rest_route=%2Fwp%2Fv2%2Fcomments&post=4032"}],"version-history":[{"count":1,"href":"https:\/\/www.sarisarkomaa.fi\/index.php?rest_route=\/wp\/v2\/posts\/4032\/revisions"}],"predecessor-version":[{"id":4033,"href":"https:\/\/www.sarisarkomaa.fi\/index.php?rest_route=\/wp\/v2\/posts\/4032\/revisions\/4033"}],"wp:attachment":[{"href":"https:\/\/www.sarisarkomaa.fi\/index.php?rest_route=%2Fwp%2Fv2%2Fmedia&parent=4032"}],"wp:term":[{"taxonomy":"category","embeddable":true,"href":"https:\/\/www.sarisarkomaa.fi\/index.php?rest_route=%2Fwp%2Fv2%2Fcategories&post=4032"},{"taxonomy":"post_tag","embeddable":true,"href":"https:\/\/www.sarisarkomaa.fi\/index.php?rest_route=%2Fwp%2Fv2%2Ftags&post=4032"}],"curies":[{"name":"wp","href":"https:\/\/api.w.org\/{rel}","templated":true}]}}