{"id":411,"date":"2011-03-09T20:01:53","date_gmt":"2011-03-09T18:01:53","guid":{"rendered":"http:\/\/www.kaikupuro.fi\/SariSarkomaa\/?p=411"},"modified":"2011-03-11T20:52:11","modified_gmt":"2011-03-11T18:52:11","slug":"onko-kiviniemi-valmis-uhraamaan-elakkeetkin-aluepolitiikan-alttarilla","status":"publish","type":"post","link":"https:\/\/www.sarisarkomaa.fi\/?p=411","title":{"rendered":"Onko Kiviniemi valmis uhraamaan el\u00e4kkeetkin aluepolitiikan alttarilla?"},"content":{"rendered":"<p>09.03.2011 <a href=\"http:\/\/kokoomus.blogit.kauppalehti.fi\/blog\/22637\/onko-kiviniemi-valmis-uhraamaan-elakkeetkin-aluepolitiikan-alttarilla\">http:\/\/kokoomus.blogit.kauppalehti.fi\/blog\/22637\/onko-kiviniemi-valmis-uhraamaan-elakkeetkin-aluepolitiikan-alttarilla<\/a><\/p>\n<p>Moni suomalainen miettii huolissaan, ovatko p\u00e4\u00e4ministeri Mari Kiviniemi ja Keskusta valmiita uhraamaan suomalaisten el\u00e4kkeetkin aluepolitiikan alttarilla? Suomalaisten on v\u00e4ltt\u00e4m\u00e4t\u00f6nt\u00e4 tiet\u00e4\u00e4, onko Keskusta puolueena ehdottamassa suomalaisen el\u00e4kepolitiikan kivijalkaan perustavanlaatuisia muutoksia.<\/p>\n<p>Perussuomalaisten puheenjohtaja Timo Soini ottaisi ty\u00f6el\u00e4kerahastot k\u00e4ytt\u00f6\u00f6n maan liikenneverkon kohentamisessa. Soini teki ehdotuksensa viime lauantain YLE:n Ykk\u00f6saamussa. \u00a0P\u00e4\u00e4ministeri Mari Kiviniemi kiirehti heti samana p\u00e4iv\u00e4n\u00e4 kertomaan, ett\u00e4 Keskustalla on ollut perussuomalaisten kanssa samansuuntaisia ajatuksia el\u00e4kerahastojen k\u00e4yt\u00f6st\u00e4. Soini on tullut asiassa Keskustan linjoille, Kiviniemi julisti.<\/p>\n<p>Soini haluaisi sijoittaa el\u00e4kerahoja suomalaisiin liikennev\u00e4yliin ja kertoi sen v\u00e4hent\u00e4v\u00e4n paineita valtion budjetissa. Soini j\u00e4tti kuitenkin kertomatta, mik\u00e4 vaikutus ehdotuksella toteutuessaan olisi suomalaisten el\u00e4kkeisiin. Ehdotus saattoi ensi kuulemalta kuulostaa l\u00e4mmitt\u00e4v\u00e4lt\u00e4, mutta sen seurauksena voi olla kylm\u00e4\u00e4 kyyti\u00e4 niin suomalaisille el\u00e4kkeensaajille kuin palkansaajillekin, joiden ty\u00f6n tekemiseen el\u00e4kej\u00e4rjestelm\u00e4mme monelta osin vahvasti tukeutuu.<\/p>\n<p>P\u00e4\u00e4ministerilt\u00e4 on lupa odottaa, ett\u00e4 ehdotuksen vaikutukset el\u00e4kej\u00e4rjestelm\u00e4\u00e4nkin kerrotaan avoimesti suomalaisille. Varsinkin kun Keskusta on p\u00e4\u00e4ministerins\u00e4 suulla kiirehtinyt Soinin Ykk\u00f6saamussa esille nostaman idean \u00e4idiksi.<\/p>\n<p>On hyv\u00e4 kysymys, onko Keskusta lipe\u00e4m\u00e4ss\u00e4 siit\u00e4 peruslinjasta, ett\u00e4 suomalaisten el\u00e4kevarojen sijoittaminen tuottavasti ja turvallisesti on yhdess\u00e4 sovittu ja ainoa tie turvata el\u00e4kkeet?<\/p>\n<p>Idea siit\u00e4, ett\u00e4 el\u00e4keyhti\u00f6t sijoittaisivat suomalaisiin v\u00e4yl\u00e4hankkeisiin, ei ole uusi. Miksi sit\u00e4 ei ole toteutettu, johtuu tietenkin sit\u00e4, ett\u00e4 el\u00e4kevarojen sijoittamisella on vain yksi tavoite: sijoittaa tuottavasti ja turvallisesti. Aluepolitiikka ei kuulu el\u00e4keyhti\u00f6iden teht\u00e4viin eik\u00e4 vastuulle. T\u00e4st\u00e4 periaatteesta on pidett\u00e4v\u00e4 tiukasti kiinni. Kysymys kuulukin p\u00e4\u00e4ministeri Kiviniemelle, onko Keskusta nyt perussuomalaisten vahvistuksella lipe\u00e4m\u00e4ss\u00e4 yhteisest\u00e4 sopimuksesta ja valmis vaarantamaan ty\u00f6el\u00e4kej\u00e4rjestelm\u00e4n toimivuuden?<\/p>\n<p>Sunnuntaina riensi liikenneministeri Vehvil\u00e4inenkin mukaan keskusteluun yritt\u00e4en k\u00e4\u00e4nt\u00e4\u00e4 katseet takaisin Soiniin. Vehvil\u00e4isen mukaan ty\u00f6el\u00e4keyhti\u00f6iden osallistumisesta isojen liikennehankkeiden rahoittamiseen on ollut optimistisia ajatuksia viime vuosina.<\/p>\n<p>Vehvil\u00e4inen totesi aivan oikein, ett\u00e4 el\u00e4keyhti\u00f6t eiv\u00e4t hyv\u00e4\u00e4 hyvyytt\u00e4\u00e4n ja talkoohengess\u00e4 rahoita suomalaisia teit\u00e4 ja raiteita. Yhti\u00f6iden on saatava sijoituksilleen kunnollinen tuotto. Keskustan ministerin ojennusviesti taisi olla yht\u00e4 paljon tarkoitettu p\u00e4\u00e4ministeri Kiviniemelle kuin puheenjohtaja Soinillekin?<\/p>\n","protected":false},"excerpt":{"rendered":"<p>09.03.2011 http:\/\/kokoomus.blogit.kauppalehti.fi\/blog\/22637\/onko-kiviniemi-valmis-uhraamaan-elakkeetkin-aluepolitiikan-alttarilla Moni suomalainen miettii huolissaan, ovatko p\u00e4\u00e4ministeri Mari Kiviniemi ja Keskusta valmiita uhraamaan suomalaisten el\u00e4kkeetkin aluepolitiikan alttarilla? Suomalaisten on v\u00e4ltt\u00e4m\u00e4t\u00f6nt\u00e4 tiet\u00e4\u00e4, onko Keskusta puolueena ehdottamassa suomalaisen el\u00e4kepolitiikan kivijalkaan perustavanlaatuisia muutoksia. Perussuomalaisten puheenjohtaja Timo Soini ottaisi ty\u00f6el\u00e4kerahastot k\u00e4ytt\u00f6\u00f6n maan liikenneverkon kohentamisessa. Soini teki ehdotuksensa viime lauantain YLE:n Ykk\u00f6saamussa. \u00a0P\u00e4\u00e4ministeri Mari Kiviniemi kiirehti heti samana p\u00e4iv\u00e4n\u00e4 <a href=\"https:\/\/www.sarisarkomaa.fi\/?p=411\" class=\"more-link\">...jatka lukemista<span class=\"screen-reader-text\"> \"Onko Kiviniemi valmis uhraamaan el\u00e4kkeetkin aluepolitiikan alttarilla?\"<\/span><\/a><\/p>\n","protected":false},"author":1,"featured_media":0,"comment_status":"closed","ping_status":"closed","sticky":false,"template":"","format":"standard","meta":[],"categories":[8],"tags":[],"_links":{"self":[{"href":"https:\/\/www.sarisarkomaa.fi\/index.php?rest_route=\/wp\/v2\/posts\/411"}],"collection":[{"href":"https:\/\/www.sarisarkomaa.fi\/index.php?rest_route=\/wp\/v2\/posts"}],"about":[{"href":"https:\/\/www.sarisarkomaa.fi\/index.php?rest_route=\/wp\/v2\/types\/post"}],"author":[{"embeddable":true,"href":"https:\/\/www.sarisarkomaa.fi\/index.php?rest_route=\/wp\/v2\/users\/1"}],"replies":[{"embeddable":true,"href":"https:\/\/www.sarisarkomaa.fi\/index.php?rest_route=%2Fwp%2Fv2%2Fcomments&post=411"}],"version-history":[{"count":3,"href":"https:\/\/www.sarisarkomaa.fi\/index.php?rest_route=\/wp\/v2\/posts\/411\/revisions"}],"predecessor-version":[{"id":413,"href":"https:\/\/www.sarisarkomaa.fi\/index.php?rest_route=\/wp\/v2\/posts\/411\/revisions\/413"}],"wp:attachment":[{"href":"https:\/\/www.sarisarkomaa.fi\/index.php?rest_route=%2Fwp%2Fv2%2Fmedia&parent=411"}],"wp:term":[{"taxonomy":"category","embeddable":true,"href":"https:\/\/www.sarisarkomaa.fi\/index.php?rest_route=%2Fwp%2Fv2%2Fcategories&post=411"},{"taxonomy":"post_tag","embeddable":true,"href":"https:\/\/www.sarisarkomaa.fi\/index.php?rest_route=%2Fwp%2Fv2%2Ftags&post=411"}],"curies":[{"name":"wp","href":"https:\/\/api.w.org\/{rel}","templated":true}]}}