{"id":4179,"date":"2014-11-21T12:16:11","date_gmt":"2014-11-21T10:16:11","guid":{"rendered":"http:\/\/www.sarisarkomaa.fi\/?p=4179"},"modified":"2014-11-21T12:16:11","modified_gmt":"2014-11-21T10:16:11","slug":"vahasalo-ja-sarkomaa-demarien-katsottava-peiliin-varhaiskasvatuslakikritiikissaan","status":"publish","type":"post","link":"https:\/\/www.sarisarkomaa.fi\/?p=4179","title":{"rendered":"Vahasalo ja Sarkomaa: Demarien katsottava peiliin varhaiskasvatuslakikritiikiss\u00e4\u00e4n"},"content":{"rendered":"<p>Tiedote 21.11.2014<br \/>\nJulkaisuvapaa heti<\/p>\n<p>\u2013 Entinen opetusministeri Jukka Gustafsson (sdp) syytt\u00e4\u00e4 Demokraatti-lehdess\u00e4 19.11. perusteettomasti kokoomusta uuden varhaiskasvatuslain valmistelun jarruttamisesta. Tosiasia on, ett\u00e4 Gustafsson ja SDP ovat itse olleet jarrumiehin\u00e4 ja viiv\u00e4stytt\u00e4neet varhaiskasvatuslain valmistelua. Ik\u00e4v\u00e4\u00e4 on my\u00f6s se, ett\u00e4 varhaiskasvatuksesta vastaavat ministerit eiv\u00e4t ole ajaneet voimavaroja budjettikehykseen aikoinaan. T\u00e4m\u00e4n SDP:n viivyttelyn tulos on nyt k\u00e4sill\u00e4. Eduskuntakausi on p\u00e4\u00e4ttym\u00e4isill\u00e4\u00e4n, eik\u00e4 kunnollista lakiesityst\u00e4 ole viel\u00e4 olemassa. Ihmettelemme, mik\u00e4 on ollut SDP:n tavoite suomalaisia perheit\u00e4 ja maamme tulevaisuutta keskeisesti koskevan lakiesityksen valmistelun viivytt\u00e4misess\u00e4, kysyv\u00e4t kansanedustaja, eduskunnan sivistysvaliokunnan puheenjohtaja Raija Vahasalo (kok) ja kansanedustaja, opetushallituksen johtokunnan puheenjohtaja Sari Sarkomaa (kok).<\/p>\n<p>&nbsp;<br \/>\n\u2013 Kataisen hallituksen ohjelmassa sovitun lakiuudistuksen aloittamisp\u00e4\u00e4t\u00f6s vei opetusministerin\u00e4 toimineelta Gustafssonilta l\u00e4hes puolitoista vuotta. Lakiuudistusta valmistelleen ty\u00f6ryhm\u00e4n raportista k\u00e4yty lausuntokierros p\u00e4\u00e4ttyi puoli vuotta sitten, eik\u00e4 opetus- ja kulttuuriministeri\u00f6 ole esitt\u00e4nyt viel\u00e4 mit\u00e4\u00e4n tietoa lainvalmistelun tilanteesta, vaikka ministeri\u00f6lt\u00e4 on aktiivisesti sit\u00e4 kysytty. My\u00f6s hyv\u00e4\u00e4n, avoimeen lainvalmistelutapaan kuuluva lausuntokierros lakiesityksest\u00e4 on viel\u00e4 tekem\u00e4tt\u00e4, edustajat ihmettelev\u00e4t.<\/p>\n<p>&nbsp;<br \/>\n\u2013 Hallitusohjelmassa sovittujen asioiden, joiden valmistelun tiedet\u00e4\u00e4n viev\u00e4n aikaa, ty\u00f6st\u00e4minen tulisi aloittaa heti eik\u00e4 vasta l\u00e4hell\u00e4 kauden puoliv\u00e4li\u00e4, edustajat vaativat. T\u00e4st\u00e4 hankkeesta tulee tulevan hallituksen ottaa oppia ja jatkossa huolehtia, ett\u00e4 vaikeatkin hankkeet etenev\u00e4t ajoissa, edustajat linjaavat.<\/p>\n<p>&nbsp;<br \/>\n\u2013 Vuonna 1973 voimaantulleen p\u00e4iv\u00e4hoitolain uudistamiseksi varhaiskasvatuslaiksi on keskusteltu eduskunnassa noin 15 vuotta. T\u00e4ll\u00e4 eduskuntakaudella annettavat lakiesitykset tulee antaa eduskunnalle viimeist\u00e4\u00e4n 4.12.2014. Opetusministeri Krista Kiurulla (sdp) on viimehetket antaa eduskunnalle t\u00e4m\u00e4 lakiesitys. Vetoamme nyt Kiuruun, jotta h\u00e4n toisi avoimesti julkisuuteen lakiesityksen tilanteen ja suunnitelmansa sen edist\u00e4misest\u00e4, edustajat p\u00e4\u00e4tt\u00e4v\u00e4t.<br \/>\nLis\u00e4tietoa:<br \/>\nRaija Vahasalo, kansanedustaja, eduskunnan sivistysvaliokunnan puheenjohtaja (puh. 050 511 3090)<\/p>\n<p>Sari Sarkomaa, kansanedustaja, opetushallituksen johtokunnan puheenjohtaja (puh. 050 511 3033)<\/p>\n","protected":false},"excerpt":{"rendered":"<p>Tiedote 21.11.2014 Julkaisuvapaa heti \u2013 Entinen opetusministeri Jukka Gustafsson (sdp) syytt\u00e4\u00e4 Demokraatti-lehdess\u00e4 19.11. perusteettomasti kokoomusta uuden varhaiskasvatuslain valmistelun jarruttamisesta. Tosiasia on, ett\u00e4 Gustafsson ja SDP ovat itse olleet jarrumiehin\u00e4 ja viiv\u00e4stytt\u00e4neet varhaiskasvatuslain valmistelua. Ik\u00e4v\u00e4\u00e4 on my\u00f6s se, ett\u00e4 varhaiskasvatuksesta vastaavat ministerit eiv\u00e4t ole ajaneet voimavaroja budjettikehykseen aikoinaan. T\u00e4m\u00e4n SDP:n viivyttelyn tulos on nyt k\u00e4sill\u00e4. Eduskuntakausi <a href=\"https:\/\/www.sarisarkomaa.fi\/?p=4179\" class=\"more-link\">...jatka lukemista<span class=\"screen-reader-text\"> \"Vahasalo ja Sarkomaa: Demarien katsottava peiliin varhaiskasvatuslakikritiikiss\u00e4\u00e4n\"<\/span><\/a><\/p>\n","protected":false},"author":1,"featured_media":0,"comment_status":"open","ping_status":"open","sticky":false,"template":"","format":"standard","meta":[],"categories":[4],"tags":[],"_links":{"self":[{"href":"https:\/\/www.sarisarkomaa.fi\/index.php?rest_route=\/wp\/v2\/posts\/4179"}],"collection":[{"href":"https:\/\/www.sarisarkomaa.fi\/index.php?rest_route=\/wp\/v2\/posts"}],"about":[{"href":"https:\/\/www.sarisarkomaa.fi\/index.php?rest_route=\/wp\/v2\/types\/post"}],"author":[{"embeddable":true,"href":"https:\/\/www.sarisarkomaa.fi\/index.php?rest_route=\/wp\/v2\/users\/1"}],"replies":[{"embeddable":true,"href":"https:\/\/www.sarisarkomaa.fi\/index.php?rest_route=%2Fwp%2Fv2%2Fcomments&post=4179"}],"version-history":[{"count":2,"href":"https:\/\/www.sarisarkomaa.fi\/index.php?rest_route=\/wp\/v2\/posts\/4179\/revisions"}],"predecessor-version":[{"id":4181,"href":"https:\/\/www.sarisarkomaa.fi\/index.php?rest_route=\/wp\/v2\/posts\/4179\/revisions\/4181"}],"wp:attachment":[{"href":"https:\/\/www.sarisarkomaa.fi\/index.php?rest_route=%2Fwp%2Fv2%2Fmedia&parent=4179"}],"wp:term":[{"taxonomy":"category","embeddable":true,"href":"https:\/\/www.sarisarkomaa.fi\/index.php?rest_route=%2Fwp%2Fv2%2Fcategories&post=4179"},{"taxonomy":"post_tag","embeddable":true,"href":"https:\/\/www.sarisarkomaa.fi\/index.php?rest_route=%2Fwp%2Fv2%2Ftags&post=4179"}],"curies":[{"name":"wp","href":"https:\/\/api.w.org\/{rel}","templated":true}]}}