{"id":4232,"date":"2014-12-12T14:04:07","date_gmt":"2014-12-12T12:04:07","guid":{"rendered":"http:\/\/www.sarisarkomaa.fi\/?p=4232"},"modified":"2014-12-12T14:04:07","modified_gmt":"2014-12-12T12:04:07","slug":"ilmaveiveja-perusopetuksen-pelastamiseksi","status":"publish","type":"post","link":"https:\/\/www.sarisarkomaa.fi\/?p=4232","title":{"rendered":"Ilmaveivej\u00e4 perusopetuksen pelastamiseksi"},"content":{"rendered":"<p>Eduskunnassa on t\u00e4n\u00e4\u00e4n tehty ilmaveivej\u00e4 perusopetuksen pelastamiseksi. Ja hallituksen kiritt\u00e4miseksi my\u00f6h\u00e4styneiden s\u00e4\u00e4st\u00f6budjettilakien tuomiseksi eduskuntaan heti tammikuussa.<\/p>\n<p>Valtiovarainvaliokunnassa saimme valmiiksi ensi vuoden talousarviota k\u00e4sittelev\u00e4n mietinn\u00f6n. Budjetin loppukiriss\u00e4 tuli viel\u00e4 ik\u00e4v\u00e4 valtiovarainministeri Rinteen esitt\u00e4m\u00e4 lis\u00e4s\u00e4\u00e4st\u00f6vaade perusopetukseen. T\u00e4m\u00e4 siksi, ett\u00e4 hallitus ei ole saanut lupaamiansa s\u00e4\u00e4st\u00f6lakeja eduskuntaan ja budjetti piti lis\u00e4leikkauksilla tasapainottaa. Kyseess\u00e4 oli jumiin j\u00e4\u00e4nyt subjektiivisen p\u00e4iv\u00e4hoidon rajaamista koskeva lakiesitys, joka aiheutti 6 milj. euronleikkaustarpeen. Oli todella ik\u00e4v\u00e4\u00e4, ett\u00e4 valtiovarainministeri esitti vaadittavat lis\u00e4s\u00e4\u00e4st\u00f6t perusopetuksen laadun kehitt\u00e4misrahoihin.<\/p>\n<p>T\u00e4m\u00e4 osoittaa sen, ett\u00e4 koulutuksen t\u00e4rkeytt\u00e4 ja tehtyjen s\u00e4\u00e4st\u00f6jen suuruutta ei ole joka taholla ymm\u00e4rretty. Lis\u00e4leikkaus osoittaa, ett\u00e4 lipsuminen rakenneratkaisuissa johtaa viel\u00e4kin vaikeampiin p\u00e4\u00e4t\u00f6ksiin. Minulle lis\u00e4lohkaisu moneen kertaan karsittuihin perusopetuksen laadun kehitt\u00e4misrahoihin oli liikaa. Emme saaneet enemmist\u00f6\u00e4 etsim\u00e4\u00e4n s\u00e4\u00e4st\u00f6\u00e4 toisin mit\u00e4 Rinne esitti. Mutta lopulta saimme, v\u00e4\u00e4nnetty\u00e4mme vuorokauden asiaa kokoomuksen puolelta, aikaan sovun n\u00e4kemyksest\u00e4, ett\u00e4 kirit\u00e4mme hallitusta tuomaan tekem\u00e4tt\u00f6m\u00e4n s\u00e4\u00e4st\u00f6lain viel\u00e4 heti tammikuussa eduskuntaan niin, ett\u00e4 niist\u00e4 s\u00e4\u00e4st\u00f6ist\u00e4 saadaan rahat takaisin yleissivist\u00e4v\u00e4n koulutuksen kehitt\u00e4miseen. Teimme t\u00e4st\u00e4 lausuman. Melkoista veivausta mutta paras johon p\u00e4\u00e4stiin. Perusopetuksen laadun kehitt\u00e4misen v\u00e4ltt\u00e4m\u00e4tt\u00f6m\u00e4t voimavarat pelastettiin. Ty\u00f6t\u00e4 helpotti se, ett\u00e4 valtiovarainministeri Rinne esitt\u00e4ess\u00e4\u00e4n lis\u00e4leikkausta nosti esille ajatuksen lis\u00e4budjetista. Poikkeuksellista veivausta, koska hallitus ei saa s\u00e4\u00e4st\u00f6lakeja valmiiksi. Nyt pit\u00e4\u00e4 hallituksen parantaa juoksuaan. T\u00e4m\u00e4 osoittaa, ett\u00e4 eduskunnassa tarvitaan koulutuksen ja sivistyksen puolustajia.<\/p>\n","protected":false},"excerpt":{"rendered":"<p>Eduskunnassa on t\u00e4n\u00e4\u00e4n tehty ilmaveivej\u00e4 perusopetuksen pelastamiseksi. Ja hallituksen kiritt\u00e4miseksi my\u00f6h\u00e4styneiden s\u00e4\u00e4st\u00f6budjettilakien tuomiseksi eduskuntaan heti tammikuussa. Valtiovarainvaliokunnassa saimme valmiiksi ensi vuoden talousarviota k\u00e4sittelev\u00e4n mietinn\u00f6n. Budjetin loppukiriss\u00e4 tuli viel\u00e4 ik\u00e4v\u00e4 valtiovarainministeri Rinteen esitt\u00e4m\u00e4 lis\u00e4s\u00e4\u00e4st\u00f6vaade perusopetukseen. T\u00e4m\u00e4 siksi, ett\u00e4 hallitus ei ole saanut lupaamiansa s\u00e4\u00e4st\u00f6lakeja eduskuntaan ja budjetti piti lis\u00e4leikkauksilla tasapainottaa. Kyseess\u00e4 oli jumiin j\u00e4\u00e4nyt subjektiivisen p\u00e4iv\u00e4hoidon <a href=\"https:\/\/www.sarisarkomaa.fi\/?p=4232\" class=\"more-link\">...jatka lukemista<span class=\"screen-reader-text\"> \"Ilmaveivej\u00e4 perusopetuksen pelastamiseksi\"<\/span><\/a><\/p>\n","protected":false},"author":1,"featured_media":0,"comment_status":"open","ping_status":"open","sticky":false,"template":"","format":"standard","meta":[],"categories":[8],"tags":[],"_links":{"self":[{"href":"https:\/\/www.sarisarkomaa.fi\/index.php?rest_route=\/wp\/v2\/posts\/4232"}],"collection":[{"href":"https:\/\/www.sarisarkomaa.fi\/index.php?rest_route=\/wp\/v2\/posts"}],"about":[{"href":"https:\/\/www.sarisarkomaa.fi\/index.php?rest_route=\/wp\/v2\/types\/post"}],"author":[{"embeddable":true,"href":"https:\/\/www.sarisarkomaa.fi\/index.php?rest_route=\/wp\/v2\/users\/1"}],"replies":[{"embeddable":true,"href":"https:\/\/www.sarisarkomaa.fi\/index.php?rest_route=%2Fwp%2Fv2%2Fcomments&post=4232"}],"version-history":[{"count":1,"href":"https:\/\/www.sarisarkomaa.fi\/index.php?rest_route=\/wp\/v2\/posts\/4232\/revisions"}],"predecessor-version":[{"id":4233,"href":"https:\/\/www.sarisarkomaa.fi\/index.php?rest_route=\/wp\/v2\/posts\/4232\/revisions\/4233"}],"wp:attachment":[{"href":"https:\/\/www.sarisarkomaa.fi\/index.php?rest_route=%2Fwp%2Fv2%2Fmedia&parent=4232"}],"wp:term":[{"taxonomy":"category","embeddable":true,"href":"https:\/\/www.sarisarkomaa.fi\/index.php?rest_route=%2Fwp%2Fv2%2Fcategories&post=4232"},{"taxonomy":"post_tag","embeddable":true,"href":"https:\/\/www.sarisarkomaa.fi\/index.php?rest_route=%2Fwp%2Fv2%2Ftags&post=4232"}],"curies":[{"name":"wp","href":"https:\/\/api.w.org\/{rel}","templated":true}]}}