{"id":4306,"date":"2015-01-27T08:52:18","date_gmt":"2015-01-27T06:52:18","guid":{"rendered":"http:\/\/www.sarisarkomaa.fi\/?p=4306"},"modified":"2015-01-27T08:52:18","modified_gmt":"2015-01-27T06:52:18","slug":"punaista-valoa-keskustan-kieltolaille","status":"publish","type":"post","link":"https:\/\/www.sarisarkomaa.fi\/?p=4306","title":{"rendered":"Punaista valoa Keskustan kieltolaille"},"content":{"rendered":"<p>Opettajien Educa- messuilla Keskustan puheenjohtaja Juha Sipil\u00e4n lanseeraamalle norminkiristyslinjalle on sanottava heti k\u00e4ttelyss\u00e4 ei. Sipil\u00e4 kertoi kannattavansa uusia rajoituksia perheiden mahdollisuuksiin valita lapsensa koulu. Jaan Sipil\u00e4n kanssa huolen peruskoulun laskevista oppimistuloksista sek\u00e4 v\u00e4henev\u00e4st\u00e4 luottamuksesta siihen, ett\u00e4 l\u00e4hikoulu on paras koulu. Sipil\u00e4n kieltolakilinja on kuitenkin v\u00e4\u00e4r\u00e4 ja vahingollinen.<\/p>\n<p>Kielloilla ei suomalaista perusopetusta pelasteta. Oireiden sijaan on pureuduttava itse ongelmaan, eli perusopetuksen laatuun. Perusopetus vaatii uudistamista ja riitt\u00e4vi\u00e4 voimavaroja. Koulutuksen mahdollisuuksien tasa-arvosta ja tavoitteesta, ett\u00e4 kaikki koulumme ovat hyvi\u00e4 on tinkim\u00e4tt\u00f6m\u00e4sti pidett\u00e4v\u00e4 kiinni.<\/p>\n<p>Sipil\u00e4n puhetta tarkentanut ja selitellytkin varapuheenjohtaja Anu Vehvil\u00e4inen sanoi Keskustan katsovan, ett\u00e4 oppilailla ja heid\u00e4n vanhemmillaan pit\u00e4\u00e4 olla mahdollisuus valita esimerkiksi musiikin, liikunnan, vieraiden kielten, matematiikan tai muusta perustellusta syyst\u00e4 muu kuin oppilaan l\u00e4hikoulu. On pakko kysy\u00e4, onko tosiaan niin, ett\u00e4 Keskusta antaisi vain tietyn erityiskiinnostuksen tai lahjakkuuden omaaville lapsille valinnanvapauden? Kenelt\u00e4 ja mist\u00e4 syyst\u00e4 sitten valinta pit\u00e4isi t\u00e4ysin kielt\u00e4\u00e4? Varsinkin, kun edelleen valtaosa lapsista menee l\u00e4hikouluunsa.<\/p>\n<p>Lapset ja perheet ovat erilaisia mutta samanarvoisia. Ja siksi jokaisella lapsella ja perheell\u00e4 on oltava samat oikeudet. Kannustetaan kaikkia lapsia olemaan parhaimmillaan ihan joka koulussa. Kiellot eiv\u00e4t ole se tapa, joilla edistet\u00e4\u00e4n hyv\u00e4\u00e4 opetusta ja innostusta oppimaan. Varsinkin p\u00e4\u00e4kaupunkiseudulla ja erityisesti Helsingiss\u00e4 n\u00e4kyy koulujen eriytyminen ja siell\u00e4 tarvitaan kohdennettuja toimia. On selv\u00e4\u00e4, ett\u00e4 t\u00e4t\u00e4 ty\u00f6t\u00e4 ei voi j\u00e4tt\u00e4\u00e4 vain opetustoimen harteille.<\/p>\n<p>Pisa- tulokset eiv\u00e4t saa eiv\u00e4tk\u00e4 ole nousseet p\u00e4\u00e4h\u00e4n. Perusopetuksen laatu on aina perustunut koulutuksen arvostukseen ja jatkuvaan kehitt\u00e4miseen. Opetusministeriaikana aloitin perusopetus paremmaksi eli POP- ty\u00f6n. Sen osana aloitin valtakunnallisen peruskoulun luokkakokojen seurannan. Aiemmin t\u00e4t\u00e4 tietoa ei ollut ker\u00e4tty. Aloitimme my\u00f6s erillism\u00e4\u00e4r\u00e4rahalla ylisuurten ryhm\u00e4kokojen kitkenn\u00e4n. Opettajalla on oltava aikaa oppilaalle. Aika auttaa niit\u00e4, jotka tarvitsevat erityishuomiota ja aikaa tulee olla my\u00f6s tukea erilaisia lahjakkuuksia. T\u00e4m\u00e4 ty\u00f6 jatkuu t\u00e4ll\u00e4 eduskuntakaudella - valitettavasti leikatuin rahoin.<\/p>\n<p>Esi- ja perusopetus uudistuvat, kun uudet opetussuunnitelman perusteet otetaan k\u00e4ytt\u00f6\u00f6n 2016. Muutoin uudistamisty\u00f6 onkin j\u00e4\u00e4nyt v\u00e4hemm\u00e4lle opetus- ja kulttuuriministeri\u00f6n keskittyess\u00e4 ajamaan oppivelvolllisuuden venytt\u00e4mist\u00e4. Onneksi meid\u00e4n sivistyskansanedustajien sitkeys palkittiin ja hanke kuopattiin. Kannettu oppilas ei koulussa pysy. Viisasta on pit\u00e4\u00e4 painopiste laadukkaan varhaiskasvatuksen ja esi- sek\u00e4 perusopetuksen edist\u00e4misess\u00e4. Kun jokaisella lapsella on vahvat el\u00e4m\u00e4n ev\u00e4\u00e4t ja oppimisen ilo, kantavat ne l\u00e4pi el\u00e4m\u00e4n. On otettava opiksi ja palautettava koulutuspolitiikka maamme ykk\u00f6sagendalle.<\/p>\n<p>&nbsp;<\/p>\n<p>Sari Sarkomaa<\/p>\n<p>kansanedustaja<\/p>\n<p>Opetushallituksen johtokunnan puheenjohtaja<\/p>\n<p>&nbsp;<\/p>\n","protected":false},"excerpt":{"rendered":"<p>Opettajien Educa- messuilla Keskustan puheenjohtaja Juha Sipil\u00e4n lanseeraamalle norminkiristyslinjalle on sanottava heti k\u00e4ttelyss\u00e4 ei. Sipil\u00e4 kertoi kannattavansa uusia rajoituksia perheiden mahdollisuuksiin valita lapsensa koulu. Jaan Sipil\u00e4n kanssa huolen peruskoulun laskevista oppimistuloksista sek\u00e4 v\u00e4henev\u00e4st\u00e4 luottamuksesta siihen, ett\u00e4 l\u00e4hikoulu on paras koulu. Sipil\u00e4n kieltolakilinja on kuitenkin v\u00e4\u00e4r\u00e4 ja vahingollinen. Kielloilla ei suomalaista perusopetusta pelasteta. Oireiden sijaan on <a href=\"https:\/\/www.sarisarkomaa.fi\/?p=4306\" class=\"more-link\">...jatka lukemista<span class=\"screen-reader-text\"> \"Punaista valoa Keskustan kieltolaille\"<\/span><\/a><\/p>\n","protected":false},"author":1,"featured_media":0,"comment_status":"open","ping_status":"open","sticky":false,"template":"","format":"standard","meta":[],"categories":[8],"tags":[],"_links":{"self":[{"href":"https:\/\/www.sarisarkomaa.fi\/index.php?rest_route=\/wp\/v2\/posts\/4306"}],"collection":[{"href":"https:\/\/www.sarisarkomaa.fi\/index.php?rest_route=\/wp\/v2\/posts"}],"about":[{"href":"https:\/\/www.sarisarkomaa.fi\/index.php?rest_route=\/wp\/v2\/types\/post"}],"author":[{"embeddable":true,"href":"https:\/\/www.sarisarkomaa.fi\/index.php?rest_route=\/wp\/v2\/users\/1"}],"replies":[{"embeddable":true,"href":"https:\/\/www.sarisarkomaa.fi\/index.php?rest_route=%2Fwp%2Fv2%2Fcomments&post=4306"}],"version-history":[{"count":2,"href":"https:\/\/www.sarisarkomaa.fi\/index.php?rest_route=\/wp\/v2\/posts\/4306\/revisions"}],"predecessor-version":[{"id":4308,"href":"https:\/\/www.sarisarkomaa.fi\/index.php?rest_route=\/wp\/v2\/posts\/4306\/revisions\/4308"}],"wp:attachment":[{"href":"https:\/\/www.sarisarkomaa.fi\/index.php?rest_route=%2Fwp%2Fv2%2Fmedia&parent=4306"}],"wp:term":[{"taxonomy":"category","embeddable":true,"href":"https:\/\/www.sarisarkomaa.fi\/index.php?rest_route=%2Fwp%2Fv2%2Fcategories&post=4306"},{"taxonomy":"post_tag","embeddable":true,"href":"https:\/\/www.sarisarkomaa.fi\/index.php?rest_route=%2Fwp%2Fv2%2Ftags&post=4306"}],"curies":[{"name":"wp","href":"https:\/\/api.w.org\/{rel}","templated":true}]}}